{"id":57367,"date":"2026-09-01T05:54:00","date_gmt":"2026-09-01T08:54:00","guid":{"rendered":"https:\/\/diariodocomercio.com.br\/mix\/?p=57367"},"modified":"2026-08-31T21:06:49","modified_gmt":"2026-09-01T00:06:49","slug":"governo-anuncia-nova-regra-de-biometria-facial-para-quem-vai-viajar-de-aviao-em-2026","status":"publish","type":"post","link":"https:\/\/diariodocomercio.com.br\/mix\/governo-anuncia-nova-regra-de-biometria-facial-para-quem-vai-viajar-de-aviao-em-2026\/","title":{"rendered":"Governo anuncia nova regra de biometria facial para quem vai viajar de avi\u00e3o em 2026"},"content":{"rendered":"\n<p class=\"wp-block-paragraph\">Na \u00faltima segunda-feira (31\/8), o Minist\u00e9rio de Portos e Aeroportos instituiu a Pol\u00edtica Nacional Setorial de Identifica\u00e7\u00e3o Biom\u00e9trica, para modernizar o controle de acesso e ampliar a seguran\u00e7a em sistemas de transportes do pa\u00eds. De acordo com comunicado da pasta, essa pol\u00edtica padroniza o uso de tecnologias, como a biometria facial e digital, em aeroportos, portos, instala\u00e7\u00f5es portu\u00e1rias e hidrovias.<\/p>\n\n\n\n<p class=\"wp-block-paragraph\">A expectativa da pasta \u00e9 que a identifica\u00e7\u00e3o biom\u00e9trica possa ajudar a tornar mais &#8220;r\u00e1pida e precisa&#8221; a valida\u00e7\u00e3o de passageiros, tripulantes e trabalhadores, diminuindo o tempo de embarque, acesso e fiscaliza\u00e7\u00e3o. Segundo o minist\u00e9rio, a ideia \u00e9 que opera\u00e7\u00f5es que atualmente levam horas possam ser feitas em meros segundos.<\/p>\n\n\n\n<p class=\"wp-block-paragraph\">O respons\u00e1vel pela pasta, Tom\u00e9 Franca, defende que a biometria <em>&#8220;eleva o padr\u00e3o de seguran\u00e7a e melhora a experi\u00eancia do usu\u00e1rio&#8221;<\/em>. Ele ainda argumenta que a medida aproxima o sistema brasileiro de padr\u00f5es internacionais, diminui custos de fiscaliza\u00e7\u00e3o, aprimora a gest\u00e3o de fronteiras e fortalece a imagem do pa\u00eds no exterior como um destino seguro.<\/p>\n\n\n\n<p class=\"wp-block-paragraph\">Na mesma cerim\u00f4nia de lan\u00e7amento dessa pol\u00edtica, Fran\u00e7a tamb\u00e9m assinou uma portaria instituindo a Equipe de Preven\u00e7\u00e3o, Tratamento e Resposta a Incidentes Cibern\u00e9ticos do MPor, a ETIR-MPOR. Essa equipe ser\u00e1 respons\u00e1vel por coordenar a\u00e7\u00f5es de prote\u00e7\u00e3o, responder a incidentes tecnol\u00f3gicos e reduzir vulnerabilidades. <\/p>\n\n\n\n<h2 class=\"wp-block-heading\">Como vai funcionar o uso da biometria em portos e aeroportos?<\/h2>\n\n\n\n<p class=\"wp-block-paragraph\">Segundo o Minist\u00e9rio de Portos e Aeroportos, equipamentos de reconhecimento facial ser\u00e3o integrados aos sistemas de empresas que verificar\u00e3o, em tempo real, se o voc\u00ea est\u00e1 autorizado a acessar determinadas \u00e1reas ou usar os servi\u00e7os da empresa. Essa valida\u00e7\u00e3o biom\u00e9trica seria usada n\u00e3o apenas para passageiros, mas tamb\u00e9m para tripulantes, trabalhadores, prestadores de servi\u00e7o e demais profissionais credenciados.<\/p>\n\n\n\n<p class=\"wp-block-paragraph\">A implementa\u00e7\u00e3o desse uso da biometria ser\u00e1 feita de forma gradual. Ela come\u00e7ou com uma prova de conceito (POC) no Porto de Santos e a pr\u00f3xima fase envolvendo um teste no Aeroporto Internacional de Viracopos, em Campinas, S\u00e3o Paulo, conduzido pela Ag\u00eancia Nacional de Avia\u00e7\u00e3o Civil (Anac).<\/p>\n\n\n<style>@media (min-width: 992px) {\n    .recomendadorV2Area1 {\n        width: 280px;\n    }\n    .recomendadorV2Area2 {\n        padding: 0px 20px;\n        width: calc(100% - 280px);\n    }\n}\n\n@media (max-width: 992px) {\n    .recomendadorV2Button {\n        margin: 0 auto;\n    }\n    .recomendadorV2Area {\n        flex-direction: column;\n        text-align: center;\n    }\n    .recomendadorV2Area2 {\n        padding: 0px 20px;\n    }\n}\n\n.recomendadorV2Area {\n    background: #eeeeee3d;\n    border-radius: 10px;\n    padding: 15px;\n    display: flex;\n    margin: 15px auto;\n    border: 1px solid #00000014;\n    max-width: 800px;\n}\n\n.recomendadorV2Area1 img {\n    width: 280px;\n    height: auto;\n    border-radius: 8px;\n}\n\n.linkrecomendadorv2 {\n    text-decoration: none !important;\n}\n\n.recomendadorV2Area2 .recomendadorV2Type {\n    text-transform: uppercase;\n    font-weight: 500;\n    font-size: 11px;\n    letter-spacing: 2px;\n    color: #666;\n    margin: 12px 0;\n    display: block;\n}\n\n.recomendadorV2Title h2 {\n    padding-top: 0px !important;\n    margin: 0px !important;\n    border-left: none !important;\n    padding-left: 0px !important;\n    line-height: 1.3;\n    color: #000 !important;\n    font-size: 24px;\n    margin-bottom: 12px !important;\n}\n\n.recomendadorV2Desc {\n    color: #333;\n    margin: 12px 0px !important;\n    font-size: 15px;\n    line-height: 1.5;\n}\n\n.recomendadorV2Button {\n    width: auto;\n    max-width: 200px;\n    margin: 0;\n    display: inline-flex;\n    align-items: center;\n    background: #1D3557;\n    border-radius: 8px;\n    color: #fff;\n    height: 36px;\n    justify-content: center;\n    text-align: center;\n    font-size: 14px;\n    padding: 0 20px;\n    transition: background-color 0.2s ease;\n}\n\n.recomendadorV2Button:hover {\n    background: #2a4d7a;\n}\n\n.recomendadorV2Button:after {\n    margin-top: -2px;\n    content: \"\u2192\";\n    padding: 0px 0px 0px 8px;\n}\n\n.recomendadorV2Alert {\n    text-align: left;\n    font-size: 11px;\n    margin-top: 8px;\n    color: #666;\n}\n\n.recomendadorFixedArea {\n    width: 100%;\n    display: flex;\n    justify-content: center;\n    align-items: center;\n}\n\n@media (min-width: 992px) {\n    #recomendadorFixed {\n        width: 32% !important;\n        left: 5%;\n    }\n    .recomendadorCloseFixed{\n        right: inherit !important;\n        left: 378px !important;\n    }\n}\n\n#recomendadorFixed {\n    width: 90%;\n    box-shadow: 0 10px 20px 0px #00000057;\n    display: none;\n    height: 90px;\n    background: #F6F6F6;\n    position: fixed;\n    flex-direction: row;\n    bottom: 10px;\n    z-index: 9999;\n    border-radius: 16px;\n    padding: 7px 10px;\n}\n\n.recomendadorLeftArea {\n    width: 160px;\n}\n\n.recomendadorRightArea h2 {\n    padding-top: 0px;\n    margin: 2px 0px 4px 0px !important;\n    font-weight: 400;\n    text-align: center;\n    padding-left: 0px !important;\n    color: #000 !important;\n    border-left: none !important;\n    line-height: 20px;\n    font-size: 12px !important;\n}\n\n.recomendadorImgFixed {\n    overflow: hidden;\n    padding: 8px 6px;\n    height: 100%;\n}\n\n.recomendadorImgFixed img {\n    height: 100% !important;\n    border-radius: 16px;\n}\n\n.recomendadorRightArea {\n    padding-top: 6px;\n    display: flex;\n    width: calc(100% - 130px);\n    justify-content: space-between;\n    align-items: center;\n    flex-direction: column;\n}\n\n.recomendadorButtonFixed {\n    margin: 0 auto;\n    background: #1D3557;\n    width: 80%;\n    text-align: center;\n    font-size: 10px;\n    color: #FFF;\n    padding: 2px 10px;\n    border-radius: 3px;\n}\n\n.recomendadorButtonFixed:after {\n    margin-top: -3px;\n    content: \"\u2192\";\n    padding: 0px 0px 0px 10px;\n}\n\n.recomendadorAlertFixed {\n    font-weight: 400;\n    text-align: center;\n    color: #484848;\n    font-size: 8px;\n}\n\n.recomendadorCloseFixed {\n    z-index: 99999;\n    display: none;\n    right: 0px;\n    left: inherit;\n    bottom: 99px;\n    position: fixed;\n    justify-content: center;\n    background: #F6F6F6;\n    width: 25px;\n    align-items: center;\n    height: 25px;\n    font-weight: 800;\n    border-radius: 50%;\n    border: 1px solid #EBEBEB;\n}\n\n.recomendadorV2Desc{\n    color: #000000;\n    margin: 20px 0px;\n}\n\n@media (max-width: 576px) {\n    .recomendadorV2Area {\n      padding: 10px;\n      max-width: 100%;\n    }\n  \n    .recomendadorV2Area1 img {\n      width: 100%;\n      border-radius: 6px;\n    }\n  \n    .recomendadorV2Area2 .recomendadorV2Type {\n      font-size: 9px;\n      letter-spacing: 1px;\n      margin: 8px 0;\n    }\n  \n    .recomendadorV2Title h2 {\n      font-size: 18px !important;\n      margin-bottom: 8px !important;\n      line-height: 1.2;\n    }\n  \n    .recomendadorV2Desc {\n      font-size: 14px;\n      margin: 8px 0 !important;\n      line-height: 1.4;\n    }\n  \n    .recomendadorV2Button {\n      font-size: 14px;\n      height: 40px;\n      padding: 0 12px;\n      max-width: 100%;\n      width: 100%;\n    }\n  \n    .recomendadorV2Button:after {\n      padding-left: 6px;\n    }\n  }\n  <\/style>\n        <div class=\"lazyblock-recomendador-v2-2jDGz wp-block-lazyblock-recomendador-v2\">\n        <a class=\"linkrecomendadorv2\" href=\"https:\/\/diariodocomercio.com.br\/mix\/brasileiros-cometem-esses-5-erros-na-maquina-de-lavar-mas-especialistas-dizem-para-parar-imediatamente\/%20\">\n            <div class=\"recomendadorV2Area\">\n            <div class=\"recomendadorV2Area1\">\n                <div class=\"recomendadorV2Img\">\n                <img width=\"768\" height=\"346\" src=\"https:\/\/diariodocomercio.com.br\/mix\/wp-content\/uploads\/2026\/01\/maquina-de-lavar-768x346.jpg\" class=\"lazyloaded\" alt=\"\" sizes=\"auto, (min-width: 577px) 280px, calc(100vw - 20px)\" decoding=\"async\" loading=\"lazy\" srcset=\"https:\/\/diariodocomercio.com.br\/mix\/wp-content\/uploads\/2026\/01\/maquina-de-lavar-768x346.jpg 768w, https:\/\/diariodocomercio.com.br\/mix\/wp-content\/uploads\/2026\/01\/maquina-de-lavar-300x135.jpg 300w, https:\/\/diariodocomercio.com.br\/mix\/wp-content\/uploads\/2026\/01\/maquina-de-lavar-150x68.jpg 150w, https:\/\/diariodocomercio.com.br\/mix\/wp-content\/uploads\/2026\/01\/maquina-de-lavar-750x338.jpg 750w, https:\/\/diariodocomercio.com.br\/mix\/wp-content\/uploads\/2026\/01\/maquina-de-lavar-1140x513.jpg 1140w, https:\/\/diariodocomercio.com.br\/mix\/wp-content\/uploads\/2026\/01\/maquina-de-lavar.jpg 1200w\" \/>\n                <\/div>\n            <\/div>\n            <div class=\"recomendadorV2Area2\">\n                <div class=\"recomendadorV2Type\">\n                    <span>CASA t\u00edtulo=Brasileiros cometem esses 5 erros na m\u00e1quina de lavar, mas especialistas dizem para parar imediatamente <\/span>\n                <\/div>\n                <div class=\"recomendadorV2Title\">\n                <h2><span><\/span><\/h2>\n                <\/div>\n                <div class=\"recomendadorV2Desc\">\n                <span>A m\u00e1quina de lavar \u00e9 dos eletrodom\u00e9sticos mais comuns nas casas dos brasileiros e a maioria das pessoas provavelmente n\u00e3o \u2026 <\/span>\n                <\/div>\n                <div class=\"recomendadorV2Button\">Leia mais <\/div>\n                <div class=\"recomendadorV2Alert\"><\/div>\n            <\/div>\n            <\/div>\n        <\/a>\n        <div>\n            <div style=\"z-index:99999;\" id=\"buttonClose\" onclick=\"closeRecomendadorFixed()\">\n            <div class=\"recomendadorCloseFixed\">X<\/div>\n            <\/div>\n            <a href=\"https:\/\/diariodocomercio.com.br\/mix\/brasileiros-cometem-esses-5-erros-na-maquina-de-lavar-mas-especialistas-dizem-para-parar-imediatamente\/%20\">\n            <div class=\"recomendadorFixedArea\">\n                <div id=\"recomendadorFixed\">\n                <div class=\"recomendadorLeftArea\">\n                    <div class=\"recomendadorImgFixed\">\n                    <img width=\"300\" height=\"135\" src=\"https:\/\/diariodocomercio.com.br\/mix\/wp-content\/uploads\/2026\/01\/maquina-de-lavar-300x135.jpg\" class=\"lazyload\" alt=\"\" sizes=\"auto, 160px\" decoding=\"async\" loading=\"lazy\" srcset=\"https:\/\/diariodocomercio.com.br\/mix\/wp-content\/uploads\/2026\/01\/maquina-de-lavar-300x135.jpg 300w, https:\/\/diariodocomercio.com.br\/mix\/wp-content\/uploads\/2026\/01\/maquina-de-lavar-768x346.jpg 768w, https:\/\/diariodocomercio.com.br\/mix\/wp-content\/uploads\/2026\/01\/maquina-de-lavar-150x68.jpg 150w, https:\/\/diariodocomercio.com.br\/mix\/wp-content\/uploads\/2026\/01\/maquina-de-lavar-750x338.jpg 750w, https:\/\/diariodocomercio.com.br\/mix\/wp-content\/uploads\/2026\/01\/maquina-de-lavar-1140x513.jpg 1140w, https:\/\/diariodocomercio.com.br\/mix\/wp-content\/uploads\/2026\/01\/maquina-de-lavar.jpg 1200w\" \/>\n                    <\/div>\n                <\/div>\n                <div class=\"recomendadorRightArea\">\n                    <div class=\"recomendadorTitleFixed\">\n                    <h2><span><\/span><\/h2>\n                    <\/div>\n                    <div class=\"recomendadorButtonFixed\">Leia mais <\/div>\n                    <div class=\"recomendadorAlertFixed\"><\/div>\n                <\/div>\n                <\/div>\n            <\/div>\n            <\/a>\n        <\/div>\n        <\/div>\n","protected":false},"excerpt":{"rendered":"<p>Na \u00faltima segunda-feira (31\/8), o Minist\u00e9rio de Portos e Aeroportos instituiu a Pol\u00edtica Nacional Setorial de Identifica\u00e7\u00e3o Biom\u00e9trica, para modernizar o controle de acesso e ampliar a seguran\u00e7a em sistemas de transportes do pa\u00eds. De acordo com comunicado da pasta, essa pol\u00edtica padroniza o uso de tecnologias, como a biometria facial e digital, em aeroportos, [&hellip;]<\/p>\n","protected":false},"author":6,"featured_media":43036,"comment_status":"closed","ping_status":"closed","sticky":false,"template":"","format":"standard","meta":{"jnews-multi-image_gallery":[],"jnews_single_post":{"format":"standard"},"jnews_primary_category":[],"jnews_social_meta":[],"jnews_post_split":[],"footnotes":""},"categories":[1],"tags":[],"class_list":["post-57367","post","type-post","status-publish","format-standard","has-post-thumbnail","hentry","category-geral"],"_referencia":"","_links":{"self":[{"href":"https:\/\/diariodocomercio.com.br\/mix\/wp-json\/wp\/v2\/posts\/57367","targetHints":{"allow":["GET"]}}],"collection":[{"href":"https:\/\/diariodocomercio.com.br\/mix\/wp-json\/wp\/v2\/posts"}],"about":[{"href":"https:\/\/diariodocomercio.com.br\/mix\/wp-json\/wp\/v2\/types\/post"}],"author":[{"embeddable":true,"href":"https:\/\/diariodocomercio.com.br\/mix\/wp-json\/wp\/v2\/users\/6"}],"replies":[{"embeddable":true,"href":"https:\/\/diariodocomercio.com.br\/mix\/wp-json\/wp\/v2\/comments?post=57367"}],"version-history":[{"count":2,"href":"https:\/\/diariodocomercio.com.br\/mix\/wp-json\/wp\/v2\/posts\/57367\/revisions"}],"predecessor-version":[{"id":57376,"href":"https:\/\/diariodocomercio.com.br\/mix\/wp-json\/wp\/v2\/posts\/57367\/revisions\/57376"}],"wp:featuredmedia":[{"embeddable":true,"href":"https:\/\/diariodocomercio.com.br\/mix\/wp-json\/wp\/v2\/media\/43036"}],"wp:attachment":[{"href":"https:\/\/diariodocomercio.com.br\/mix\/wp-json\/wp\/v2\/media?parent=57367"}],"wp:term":[{"taxonomy":"category","embeddable":true,"href":"https:\/\/diariodocomercio.com.br\/mix\/wp-json\/wp\/v2\/categories?post=57367"},{"taxonomy":"post_tag","embeddable":true,"href":"https:\/\/diariodocomercio.com.br\/mix\/wp-json\/wp\/v2\/tags?post=57367"}],"curies":[{"name":"wp","href":"https:\/\/api.w.org\/{rel}","templated":true}]}}