{"id":57380,"date":"2026-09-01T06:31:00","date_gmt":"2026-09-01T09:31:00","guid":{"rendered":"https:\/\/diariodocomercio.com.br\/mix\/?p=57380"},"modified":"2026-09-01T05:38:22","modified_gmt":"2026-09-01T08:38:22","slug":"por-causa-de-chuvas-fortes-aulas-do-ensino-fundamental-e-medio-sao-canceladas-no-brasil","status":"publish","type":"post","link":"https:\/\/diariodocomercio.com.br\/mix\/por-causa-de-chuvas-fortes-aulas-do-ensino-fundamental-e-medio-sao-canceladas-no-brasil\/","title":{"rendered":"Por causa de chuvas fortes, aulas do ensino fundamental e m\u00e9dio s\u00e3o canceladas no Brasil"},"content":{"rendered":"\n<p class=\"wp-block-paragraph\">As fortes chuvas que atingiram munic\u00edpios do Sul do Brasil provocaram estragos e levaram \u00e0 suspens\u00e3o das aulas em algumas cidades nesta segunda-feira (31). Em Benedito Novo, no Vale do Itaja\u00ed, alunos de duas escolas foram dispensados pela manh\u00e3 devido \u00e0s dificuldades de deslocamento nas localidades de S\u00e3o Jo\u00e3o e Liberdade, diante das condi\u00e7\u00f5es clim\u00e1ticas previstas para o dia.<\/p>\n\n\n\n<p class=\"wp-block-paragraph\">O cen\u00e1rio mais grave foi registrado no Rio Grande do Sul, onde tempestades acompanhadas de granizo causaram danos em milhares de im\u00f3veis, afetaram lavouras e obrigaram munic\u00edpios a adotar medidas emergenciais. Em Campinas do Sul, por exemplo, aproximadamente 500 casas foram danificadas e as aulas da rede municipal de ensino precisaram ser suspensas.<\/p>\n\n\n\n<p class=\"wp-block-paragraph\">Ametista do Sul tamb\u00e9m esteve entre as cidades mais afetadas, com estragos registrados em mais de mil im\u00f3veis. Em Tr\u00eas Arroios, cerca de 500 resid\u00eancias sofreram avarias, enquanto Viadutos contabilizou problemas em aproximadamente 150 im\u00f3veis.<\/p>\n\n\n\n<figure class=\"wp-block-embed is-type-video is-provider-youtube wp-block-embed-youtube wp-embed-aspect-9-16 wp-has-aspect-ratio\"><div class=\"wp-block-embed__wrapper\">\n<div class=\"jeg_video_container jeg_video_content\"><iframe loading=\"lazy\" title=\"Chuva de granizo provoca estragos em Santa Catarina e Florian\u00f3polis decreta emerg\u00eancia\" width=\"422\" height=\"750\" src=\"https:\/\/www.youtube.com\/embed\/XzwKr9EJ_E8?feature=oembed\" frameborder=\"0\" allow=\"accelerometer; autoplay; clipboard-write; encrypted-media; gyroscope; picture-in-picture; web-share\" referrerpolicy=\"strict-origin-when-cross-origin\" allowfullscreen><\/iframe><\/div>\n<\/div><\/figure>\n\n\n\n<p class=\"wp-block-paragraph\">Em Ira\u00ed, a tempestade atingiu cerca de metade do territ\u00f3rio municipal e provocou danos em pelo menos 70 moradias. A zona rural tamb\u00e9m foi afetada, com perdas importantes em \u00e1reas de produ\u00e7\u00e3o agr\u00edcola.<\/p>\n\n\n\n<p class=\"wp-block-paragraph\">Outros munic\u00edpios ga\u00fachos, como Constantina, Cir\u00edaco, Sert\u00e3o e Ipiranga do Sul, tamb\u00e9m enfrentaram os efeitos do temporal. Centenas de casas foram destelhadas durante a passagem das tempestades.<\/p>\n\n\n\n<p class=\"wp-block-paragraph\">A combina\u00e7\u00e3o entre chuva intensa, granizo e dificuldades de deslocamento fez com que a suspens\u00e3o das atividades escolares se tornasse uma medida preventiva em \u00e1reas atingidas ou com previs\u00e3o de condi\u00e7\u00f5es meteorol\u00f3gicas severas.<\/p>\n\n\n\n<h2 class=\"wp-block-heading\"><strong>Inmet emite alerta de grande perigo<\/strong><\/h2>\n\n\n\n<p class=\"wp-block-paragraph\">Diante da intensidade do sistema, o Instituto Nacional de Meteorologia (Inmet) emitiu tr\u00eas alertas de tempestade para o Rio Grande do Sul. Entre eles est\u00e1 um aviso vermelho, classifica\u00e7\u00e3o que representa <strong>grande perigo<\/strong> e permanece v\u00e1lida at\u00e9 o fim do dia.<\/p>\n\n\n\n<p class=\"wp-block-paragraph\">A previs\u00e3o aponta possibilidade de volumes de chuva superiores a <strong>100 mil\u00edmetros<\/strong>, rajadas de vento que podem chegar a <strong>100 km\/h<\/strong> e novas ocorr\u00eancias de granizo. As \u00e1reas mais preocupantes est\u00e3o principalmente nas regi\u00f5es Noroeste e Nordeste do estado, pr\u00f3ximas \u00e0 divisa com Santa Catarina.<\/p>\n\n\n\n<p class=\"wp-block-paragraph\">O avan\u00e7o da instabilidade ocorre em meio \u00e0 atua\u00e7\u00e3o de uma frente associada a mudan\u00e7as importantes nas condi\u00e7\u00f5es do tempo. No Sul, uma massa de ar frio e seco tamb\u00e9m provoca queda acentuada das temperaturas, com a influ\u00eancia desse sistema prevista at\u00e9 quarta-feira (2).<\/p>\n\n\n\n<h2 class=\"wp-block-heading\"><strong>Santa Catarina tamb\u00e9m enfrenta problemas<\/strong><\/h2>\n\n\n\n<p class=\"wp-block-paragraph\">Em Santa Catarina, a Defesa Civil mant\u00e9m os alertas para a possibilidade de novas tempestades acompanhadas de granizo. Os efeitos do mau tempo j\u00e1 mobilizaram equipes de emerg\u00eancia desde domingo (30).<\/p>\n\n\n\n<p class=\"wp-block-paragraph\">O Corpo de Bombeiros Militar de Santa Catarina atende comunidades do interior de seis munic\u00edpios afetados pelas chuvas. Entre as a\u00e7\u00f5es realizadas est\u00e3o a distribui\u00e7\u00e3o de lonas para fam\u00edlias que tiveram os telhados danificados e a limpeza de trechos de estradas atingidos por alagamentos.<\/p>\n\n\n\n<p class=\"wp-block-paragraph\">A situa\u00e7\u00e3o preocupa especialmente em \u00e1reas que j\u00e1 registraram acumulados elevados, uma vez que novas chuvas podem aumentar os riscos de alagamentos, quedas de \u00e1rvores e deslizamentos.<\/p>\n\n\n\n<h2 class=\"wp-block-heading\"><strong>Sudeste tamb\u00e9m pode ter temporais<\/strong><\/h2>\n\n\n\n<p class=\"wp-block-paragraph\">A instabilidade n\u00e3o ficar\u00e1 restrita ao Sul. Segundo a previs\u00e3o meteorol\u00f3gica, o Sudeste tamb\u00e9m pode registrar <strong>temporais fortes e isolados<\/strong>, com possibilidade de granizo em algumas localidades.<\/p>\n\n\n\n<p class=\"wp-block-paragraph\">As instabilidades devem atingir principalmente \u00e1reas de <strong>S\u00e3o Paulo, Rio de Janeiro, sul de Minas Gerais e Tri\u00e2ngulo Mineiro<\/strong> ao longo do dia.<\/p>\n\n\n\n<p class=\"wp-block-paragraph\"><\/p>\n","protected":false},"excerpt":{"rendered":"<p>As fortes chuvas que atingiram munic\u00edpios do Sul do Brasil provocaram estragos e levaram \u00e0 suspens\u00e3o das aulas em algumas cidades nesta segunda-feira (31). Em Benedito Novo, no Vale do Itaja\u00ed, alunos de duas escolas foram dispensados pela manh\u00e3 devido \u00e0s dificuldades de deslocamento nas localidades de S\u00e3o Jo\u00e3o e Liberdade, diante das condi\u00e7\u00f5es clim\u00e1ticas [&hellip;]<\/p>\n","protected":false},"author":9,"featured_media":7406,"comment_status":"closed","ping_status":"closed","sticky":false,"template":"","format":"standard","meta":{"jnews-multi-image_gallery":[],"jnews_single_post":{"format":"standard"},"jnews_primary_category":[],"jnews_social_meta":[],"jnews_post_split":[],"footnotes":""},"categories":[1],"tags":[],"class_list":["post-57380","post","type-post","status-publish","format-standard","has-post-thumbnail","hentry","category-geral"],"_referencia":"","_links":{"self":[{"href":"https:\/\/diariodocomercio.com.br\/mix\/wp-json\/wp\/v2\/posts\/57380","targetHints":{"allow":["GET"]}}],"collection":[{"href":"https:\/\/diariodocomercio.com.br\/mix\/wp-json\/wp\/v2\/posts"}],"about":[{"href":"https:\/\/diariodocomercio.com.br\/mix\/wp-json\/wp\/v2\/types\/post"}],"author":[{"embeddable":true,"href":"https:\/\/diariodocomercio.com.br\/mix\/wp-json\/wp\/v2\/users\/9"}],"replies":[{"embeddable":true,"href":"https:\/\/diariodocomercio.com.br\/mix\/wp-json\/wp\/v2\/comments?post=57380"}],"version-history":[{"count":1,"href":"https:\/\/diariodocomercio.com.br\/mix\/wp-json\/wp\/v2\/posts\/57380\/revisions"}],"predecessor-version":[{"id":57382,"href":"https:\/\/diariodocomercio.com.br\/mix\/wp-json\/wp\/v2\/posts\/57380\/revisions\/57382"}],"wp:featuredmedia":[{"embeddable":true,"href":"https:\/\/diariodocomercio.com.br\/mix\/wp-json\/wp\/v2\/media\/7406"}],"wp:attachment":[{"href":"https:\/\/diariodocomercio.com.br\/mix\/wp-json\/wp\/v2\/media?parent=57380"}],"wp:term":[{"taxonomy":"category","embeddable":true,"href":"https:\/\/diariodocomercio.com.br\/mix\/wp-json\/wp\/v2\/categories?post=57380"},{"taxonomy":"post_tag","embeddable":true,"href":"https:\/\/diariodocomercio.com.br\/mix\/wp-json\/wp\/v2\/tags?post=57380"}],"curies":[{"name":"wp","href":"https:\/\/api.w.org\/{rel}","templated":true}]}}