{"id":57383,"date":"2026-09-01T08:38:00","date_gmt":"2026-09-01T11:38:00","guid":{"rendered":"https:\/\/diariodocomercio.com.br\/mix\/?p=57383"},"modified":"2026-09-01T05:43:27","modified_gmt":"2026-09-01T08:43:27","slug":"alem-do-dia-da-independencia-setembro-tera-feriados-nas-datas-16-09-e-20-09","status":"publish","type":"post","link":"https:\/\/diariodocomercio.com.br\/mix\/alem-do-dia-da-independencia-setembro-tera-feriados-nas-datas-16-09-e-20-09\/","title":{"rendered":"Al\u00e9m do Dia da Independ\u00eancia, setembro ter\u00e1 feriados nas datas 16\/09 e 20\/09"},"content":{"rendered":"\n<p class=\"wp-block-paragraph\">O calend\u00e1rio de setembro de 2026 ter\u00e1, al\u00e9m do feriado nacional da <strong>Independ\u00eancia do Brasil, em 7 de setembro<\/strong>, outras datas de folga espalhadas pelo pa\u00eds. Enquanto algumas comemora\u00e7\u00f5es ter\u00e3o alcance estadual ou municipal, <strong>16 e 20 de setembro<\/strong> tamb\u00e9m ser\u00e3o feriados em determinadas regi\u00f5es, ligados a acontecimentos hist\u00f3ricos e datas magnas.<\/p>\n\n\n\n<p class=\"wp-block-paragraph\">O m\u00eas come\u00e7a ainda com comemora\u00e7\u00f5es estaduais em 5 de setembro e ter\u00e1 uma concentra\u00e7\u00e3o de feriados e datas comemorativas na segunda semana. Para trabalhadores, a folga pode variar conforme o local de resid\u00eancia e as regras aplic\u00e1veis \u00e0 atividade profissional.<\/p>\n\n\n\n<p class=\"wp-block-paragraph\">O feriado da Independ\u00eancia ser\u00e1 celebrado na <strong>segunda-feira, 7 de setembro<\/strong>, criando um fim de semana prolongado para quem n\u00e3o trabalha na data. No entanto, moradores de algumas capitais ter\u00e3o a possibilidade de estender o descanso para a ter\u00e7a-feira, dia 8.<\/p>\n\n\n\n<p class=\"wp-block-paragraph\">Em <strong>Vit\u00f3ria (ES)<\/strong>, o dia 8 \u00e9 feriado em raz\u00e3o do Dia de Nossa Senhora da Vit\u00f3ria e do anivers\u00e1rio da cidade. Em <strong>S\u00e3o Lu\u00eds (MA)<\/strong>, a data re\u00fane o anivers\u00e1rio da capital e o Dia de Nossa Senhora da Natividade.<\/p>\n\n\n\n<p class=\"wp-block-paragraph\">A ter\u00e7a-feira tamb\u00e9m ser\u00e1 feriado em <strong>Palmas (TO)<\/strong>, em homenagem a Nossa Senhora da Natividade, padroeira do estado, e em <strong>Curitiba (PR)<\/strong>, pelo Dia de Nossa Senhora da Luz dos Pinhais, padroeira da cidade.<\/p>\n\n\n\n<p class=\"wp-block-paragraph\">Antes disso, <strong>5 de setembro<\/strong> ser\u00e1 marcado por datas comemorativas no <strong>Amazonas<\/strong>, pelo Dia da Amaz\u00f4nia e pela eleva\u00e7\u00e3o do estado \u00e0 categoria de prov\u00edncia, em 1850, e no <strong>Acre<\/strong>, pelo Dia da Amaz\u00f4nia.<\/p>\n\n\n\n<p class=\"wp-block-paragraph\">J\u00e1 em <strong>13 de setembro<\/strong>, o <strong>Amap\u00e1<\/strong> celebra sua Data Magna.<\/p>\n\n\n\n<h2 class=\"wp-block-heading\"><strong>Alagoas ter\u00e1 feriado em 16 de setembro<\/strong><\/h2>\n\n\n\n<p class=\"wp-block-paragraph\">Uma das principais datas do calend\u00e1rio regional ocorre em <strong>16 de setembro<\/strong>, uma quarta-feira. O dia ser\u00e1 feriado estadual em <strong>Alagoas<\/strong>, que comemora sua emancipa\u00e7\u00e3o pol\u00edtica.<\/p>\n\n\n\n<p class=\"wp-block-paragraph\">A separa\u00e7\u00e3o de Alagoas em rela\u00e7\u00e3o a Pernambuco ocorreu em <strong>1817<\/strong>, por determina\u00e7\u00e3o de Dom Jo\u00e3o VI, ap\u00f3s a derrota da Revolu\u00e7\u00e3o Pernambucana. A decis\u00e3o tamb\u00e9m teve como objetivo recompensar propriet\u00e1rios de terras alagoanos que permaneceram aliados \u00e0 Coroa e reduzir a influ\u00eancia pol\u00edtica de Pernambuco.<\/p>\n\n\n\n<p class=\"wp-block-paragraph\">Inicialmente, a sede do governo foi estabelecida em <strong>Alagoas do Sul<\/strong>, atual Marechal Deodoro. Em 1839, por\u00e9m, a capital foi transferida para <strong>Macei\u00f3<\/strong>, principalmente em raz\u00e3o das melhores condi\u00e7\u00f5es portu\u00e1rias da cidade.<\/p>\n\n\n\n<p class=\"wp-block-paragraph\">Em 2026, a comemora\u00e7\u00e3o marca <strong>209 anos da emancipa\u00e7\u00e3o pol\u00edtica<\/strong> do estado.<\/p>\n\n\n\n<h2 class=\"wp-block-heading\"><strong>Rio Grande do Sul comemora a Revolu\u00e7\u00e3o Farroupilha<\/strong><\/h2>\n\n\n\n<p class=\"wp-block-paragraph\">Outra data importante ser\u00e1 <strong>20 de setembro<\/strong>, quando o Rio Grande do Sul celebra o <strong>Dia do Ga\u00facho e a Data Magna do Estado<\/strong>, em refer\u00eancia \u00e0 Revolu\u00e7\u00e3o Farroupilha, tamb\u00e9m conhecida como Guerra dos Farrapos.<\/p>\n\n\n\n<p class=\"wp-block-paragraph\">Em 2026, por\u00e9m, a data cair\u00e1 em um <strong>domingo<\/strong>, reduzindo o impacto da comemora\u00e7\u00e3o para trabalhadores que normalmente n\u00e3o t\u00eam expediente nesse dia.<\/p>\n\n\n\n<p class=\"wp-block-paragraph\">A Revolu\u00e7\u00e3o Farroupilha come\u00e7ou em <strong>1835<\/strong> e terminou em 1845, sendo considerada a mais longa rebeli\u00e3o civil da hist\u00f3ria brasileira. Entre as causas do conflito estavam os problemas econ\u00f4micos relacionados \u00e0 tributa\u00e7\u00e3o do charque produzido no Rio Grande do Sul. Os produtores locais reclamavam da concorr\u00eancia com o produto estrangeiro, que sofria uma carga tribut\u00e1ria menor.<\/p>\n\n\n\n<p class=\"wp-block-paragraph\">O movimento tamb\u00e9m defendia maior autonomia pol\u00edtica para a regi\u00e3o, em um per\u00edodo no qual as principais decis\u00f5es estavam concentradas no Rio de Janeiro.<\/p>\n\n\n\n<h2 class=\"wp-block-heading\"><strong>Quem trabalhar no feriado tem direito a qu\u00ea?<\/strong><\/h2>\n\n\n\n<p class=\"wp-block-paragraph\">O fato de uma data ser feriado n\u00e3o significa que todas as atividades precisem ser interrompidas. Setores considerados essenciais, como <strong>sa\u00fade, transporte, alimenta\u00e7\u00e3o e seguran\u00e7a<\/strong>, podem manter o funcionamento de acordo com as regras aplic\u00e1veis.<\/p>\n\n\n\n<p class=\"wp-block-paragraph\">No com\u00e9rcio, a <strong>Portaria MTE n\u00ba 1.316\/2026<\/strong> estabeleceu que o funcionamento depende de autoriza\u00e7\u00e3o prevista em conven\u00e7\u00e3o coletiva de trabalho, al\u00e9m das atividades que possuem autoriza\u00e7\u00e3o espec\u00edfica, como farm\u00e1cias, padarias, postos de combust\u00edveis, hot\u00e9is, restaurantes, bares, funer\u00e1rias, lavanderias e feiras livres, entre outras.<\/p>\n\n\n\n<p class=\"wp-block-paragraph\">Quando o trabalhador \u00e9 convocado para atuar no feriado, a regra geral prev\u00ea <strong>folga compensat\u00f3ria em outro dia ou pagamento em dobro pelo trabalho realizado<\/strong>, observadas as normas coletivas e as particularidades de cada jornada.<\/p>\n\n\n\n<p class=\"wp-block-paragraph\">Por isso, quem for escalado deve consultar o empregador ou o setor de recursos humanos para verificar se a atividade est\u00e1 autorizada, qual acordo ou conven\u00e7\u00e3o coletiva se aplica e se haver\u00e1 compensa\u00e7\u00e3o ou pagamento adicional.<\/p>\n\n\n\n<p class=\"wp-block-paragraph\">Em escalas espec\u00edficas, como a <strong>12&#215;36<\/strong>, podem existir regras pr\u00f3prias, sendo necess\u00e1rio analisar o contrato e a norma coletiva correspondente.<\/p>\n\n\n\n<p class=\"wp-block-paragraph\"><\/p>\n","protected":false},"excerpt":{"rendered":"<p>O calend\u00e1rio de setembro de 2026 ter\u00e1, al\u00e9m do feriado nacional da Independ\u00eancia do Brasil, em 7 de setembro, outras datas de folga espalhadas pelo pa\u00eds. Enquanto algumas comemora\u00e7\u00f5es ter\u00e3o alcance estadual ou municipal, 16 e 20 de setembro tamb\u00e9m ser\u00e3o feriados em determinadas regi\u00f5es, ligados a acontecimentos hist\u00f3ricos e datas magnas. O m\u00eas come\u00e7a [&hellip;]<\/p>\n","protected":false},"author":9,"featured_media":39659,"comment_status":"closed","ping_status":"closed","sticky":false,"template":"","format":"standard","meta":{"jnews-multi-image_gallery":[],"jnews_single_post":{"format":"standard"},"jnews_primary_category":[],"jnews_social_meta":[],"jnews_post_split":[],"footnotes":""},"categories":[1],"tags":[],"class_list":["post-57383","post","type-post","status-publish","format-standard","has-post-thumbnail","hentry","category-geral"],"_referencia":"","_links":{"self":[{"href":"https:\/\/diariodocomercio.com.br\/mix\/wp-json\/wp\/v2\/posts\/57383","targetHints":{"allow":["GET"]}}],"collection":[{"href":"https:\/\/diariodocomercio.com.br\/mix\/wp-json\/wp\/v2\/posts"}],"about":[{"href":"https:\/\/diariodocomercio.com.br\/mix\/wp-json\/wp\/v2\/types\/post"}],"author":[{"embeddable":true,"href":"https:\/\/diariodocomercio.com.br\/mix\/wp-json\/wp\/v2\/users\/9"}],"replies":[{"embeddable":true,"href":"https:\/\/diariodocomercio.com.br\/mix\/wp-json\/wp\/v2\/comments?post=57383"}],"version-history":[{"count":1,"href":"https:\/\/diariodocomercio.com.br\/mix\/wp-json\/wp\/v2\/posts\/57383\/revisions"}],"predecessor-version":[{"id":57384,"href":"https:\/\/diariodocomercio.com.br\/mix\/wp-json\/wp\/v2\/posts\/57383\/revisions\/57384"}],"wp:featuredmedia":[{"embeddable":true,"href":"https:\/\/diariodocomercio.com.br\/mix\/wp-json\/wp\/v2\/media\/39659"}],"wp:attachment":[{"href":"https:\/\/diariodocomercio.com.br\/mix\/wp-json\/wp\/v2\/media?parent=57383"}],"wp:term":[{"taxonomy":"category","embeddable":true,"href":"https:\/\/diariodocomercio.com.br\/mix\/wp-json\/wp\/v2\/categories?post=57383"},{"taxonomy":"post_tag","embeddable":true,"href":"https:\/\/diariodocomercio.com.br\/mix\/wp-json\/wp\/v2\/tags?post=57383"}],"curies":[{"name":"wp","href":"https:\/\/api.w.org\/{rel}","templated":true}]}}