{"id":57385,"date":"2026-09-01T09:09:00","date_gmt":"2026-09-01T12:09:00","guid":{"rendered":"https:\/\/diariodocomercio.com.br\/mix\/?p=57385"},"modified":"2026-09-01T05:49:10","modified_gmt":"2026-09-01T08:49:10","slug":"sucessor-de-steve-jobs-se-despede-do-comando-da-apple-apos-transformar-empresa-em-gigante-de-r-20-trilhoes","status":"publish","type":"post","link":"https:\/\/diariodocomercio.com.br\/mix\/sucessor-de-steve-jobs-se-despede-do-comando-da-apple-apos-transformar-empresa-em-gigante-de-r-20-trilhoes\/","title":{"rendered":"Sucessor de Steve Jobs se despede do comando da Apple ap\u00f3s transformar empresa em gigante de R$ 20 trilh\u00f5es"},"content":{"rendered":"\n<p class=\"wp-block-paragraph\">Tim Cook encerra nesta segunda-feira (31) uma das mais importantes passagens pelo comando da Apple. Depois de 15 anos como CEO, o executivo deixa a principal posi\u00e7\u00e3o da companhia que ajudou a transformar em uma das empresas mais valiosas do planeta. A Apple alcan\u00e7ou uma avalia\u00e7\u00e3o de aproximadamente <strong>US$ 4 trilh\u00f5es, equivalente a cerca de R$ 20 trilh\u00f5es<\/strong>, durante trajet\u00f3ria \u00e0 frente da empresa.<\/p>\n\n\n\n<p class=\"wp-block-paragraph\">Apesar da sa\u00edda do cargo de CEO, Cook n\u00e3o deixar\u00e1 a Apple. Ele passar\u00e1 a atuar como <strong>presidente executivo (executive chairman)<\/strong> e continuar\u00e1 envolvido em assuntos estrat\u00e9gicos, incluindo rela\u00e7\u00f5es pol\u00edticas com autoridades dos Estados Unidos e da China.<\/p>\n\n\n\n<p class=\"wp-block-paragraph\">O sucessor ser\u00e1 <strong>John Ternus<\/strong>, at\u00e9 ent\u00e3o vice-presidente s\u00eanior de engenharia de hardware da companhia. A mudan\u00e7a representa o in\u00edcio de uma nova etapa para a Apple, com expectativa de maior aten\u00e7\u00e3o ao desenvolvimento de produtos e \u00e0 \u00e1rea de hardware.<\/p>\n\n\n<div class=\"wp-block-image\">\n<figure class=\"aligncenter size-large\"><img decoding=\"async\" width=\"1200\" height=\"800\" src=\"https:\/\/diariodocomercio.com.br\/mix\/wp-content\/uploads\/2026\/09\/TIM-COOK-SAYS-LATE-APPLE-COFOUNDER-STEVE-JOBS-GAVE-HIM-THIS-UNFORGETTABLE-ADVICE-BEFORE-HANDING-OVER-THE-REINS-AS-CEO-NEVER-ASK-WHAT-I-WOULD-DO-1200x800.webp\" alt=\"\" class=\"wp-image-57386\" srcset=\"https:\/\/diariodocomercio.com.br\/mix\/wp-content\/uploads\/2026\/09\/TIM-COOK-SAYS-LATE-APPLE-COFOUNDER-STEVE-JOBS-GAVE-HIM-THIS-UNFORGETTABLE-ADVICE-BEFORE-HANDING-OVER-THE-REINS-AS-CEO-NEVER-ASK-WHAT-I-WOULD-DO-1200x800.webp 1200w, https:\/\/diariodocomercio.com.br\/mix\/wp-content\/uploads\/2026\/09\/TIM-COOK-SAYS-LATE-APPLE-COFOUNDER-STEVE-JOBS-GAVE-HIM-THIS-UNFORGETTABLE-ADVICE-BEFORE-HANDING-OVER-THE-REINS-AS-CEO-NEVER-ASK-WHAT-I-WOULD-DO-300x200.webp 300w, https:\/\/diariodocomercio.com.br\/mix\/wp-content\/uploads\/2026\/09\/TIM-COOK-SAYS-LATE-APPLE-COFOUNDER-STEVE-JOBS-GAVE-HIM-THIS-UNFORGETTABLE-ADVICE-BEFORE-HANDING-OVER-THE-REINS-AS-CEO-NEVER-ASK-WHAT-I-WOULD-DO-768x512.webp 768w, https:\/\/diariodocomercio.com.br\/mix\/wp-content\/uploads\/2026\/09\/TIM-COOK-SAYS-LATE-APPLE-COFOUNDER-STEVE-JOBS-GAVE-HIM-THIS-UNFORGETTABLE-ADVICE-BEFORE-HANDING-OVER-THE-REINS-AS-CEO-NEVER-ASK-WHAT-I-WOULD-DO-1536x1024.webp 1536w, https:\/\/diariodocomercio.com.br\/mix\/wp-content\/uploads\/2026\/09\/TIM-COOK-SAYS-LATE-APPLE-COFOUNDER-STEVE-JOBS-GAVE-HIM-THIS-UNFORGETTABLE-ADVICE-BEFORE-HANDING-OVER-THE-REINS-AS-CEO-NEVER-ASK-WHAT-I-WOULD-DO-150x100.webp 150w, https:\/\/diariodocomercio.com.br\/mix\/wp-content\/uploads\/2026\/09\/TIM-COOK-SAYS-LATE-APPLE-COFOUNDER-STEVE-JOBS-GAVE-HIM-THIS-UNFORGETTABLE-ADVICE-BEFORE-HANDING-OVER-THE-REINS-AS-CEO-NEVER-ASK-WHAT-I-WOULD-DO-750x500.webp 750w, https:\/\/diariodocomercio.com.br\/mix\/wp-content\/uploads\/2026\/09\/TIM-COOK-SAYS-LATE-APPLE-COFOUNDER-STEVE-JOBS-GAVE-HIM-THIS-UNFORGETTABLE-ADVICE-BEFORE-HANDING-OVER-THE-REINS-AS-CEO-NEVER-ASK-WHAT-I-WOULD-DO-1140x760.webp 1140w, https:\/\/diariodocomercio.com.br\/mix\/wp-content\/uploads\/2026\/09\/TIM-COOK-SAYS-LATE-APPLE-COFOUNDER-STEVE-JOBS-GAVE-HIM-THIS-UNFORGETTABLE-ADVICE-BEFORE-HANDING-OVER-THE-REINS-AS-CEO-NEVER-ASK-WHAT-I-WOULD-DO.webp 2048w\" sizes=\"(max-width: 1200px) 100vw, 1200px\" \/><figcaption class=\"wp-element-caption\">Foto: (Reprodu\u00e7\u00e3o\/Fortune)<\/figcaption><\/figure>\n<\/div>\n\n\n<h2 class=\"wp-block-heading\"><strong>De Steve Jobs \u00e0 lideran\u00e7a de uma gigante<\/strong><\/h2>\n\n\n\n<p class=\"wp-block-paragraph\">Cook assumiu o comando da Apple em <strong>agosto de 2011<\/strong>, poucas semanas antes da morte de Steve Jobs, cofundador e principal figura hist\u00f3rica da empresa. A rela\u00e7\u00e3o entre os dois, por\u00e9m, havia come\u00e7ado muito antes.<\/p>\n\n\n\n<p class=\"wp-block-paragraph\">Jobs conheceu Cook em 1998 e o convenceu a ingressar na Apple naquele mesmo ano. Inicialmente, ele ocupou o cargo de vice-presidente s\u00eanior respons\u00e1vel pelas opera\u00e7\u00f5es mundiais, posi\u00e7\u00e3o na qual ganhou destaque pela capacidade de organizar a cadeia de produ\u00e7\u00e3o e log\u00edstica da companhia.<\/p>\n\n\n\n<p class=\"wp-block-paragraph\">Quando Jobs deixou definitivamente o cargo de CEO, Cook assumiu a lideran\u00e7a de uma empresa que j\u00e1 era extremamente relevante no mercado de tecnologia. Nos anos seguintes, por\u00e9m, a Apple atingiu marcos hist\u00f3ricos e ampliou significativamente seu valor de mercado.<\/p>\n\n\n\n<p class=\"wp-block-paragraph\">A companhia se tornou a <strong>primeira empresa de capital aberto dos Estados Unidos a alcan\u00e7ar US$ 1 trilh\u00e3o em valor de mercado<\/strong>. Desde ent\u00e3o, continuou avan\u00e7ando at\u00e9 chegar \u00e0 marca de aproximadamente US$ 4 trilh\u00f5es.<\/p>\n\n\n\n<h2 class=\"wp-block-heading\"><strong>John Ternus assume em uma nova era<\/strong><\/h2>\n\n\n\n<p class=\"wp-block-paragraph\">A escolha de Ternus para substituir Cook tamb\u00e9m sinaliza uma poss\u00edvel mudan\u00e7a de prioridades dentro da Apple. O executivo comandava a engenharia de hardware e esteve diretamente envolvido no desenvolvimento de diversos produtos recentes.<\/p>\n\n\n\n<p class=\"wp-block-paragraph\">Entre os lan\u00e7amentos associados \u00e0 sua gest\u00e3o est\u00e3o o <strong>iPhone Air<\/strong>, modelo ultrafino, o <strong>MacBook Neo<\/strong>, de pre\u00e7o mais acess\u00edvel, e os novos AirPods com recursos voltados \u00e0 sa\u00fade auditiva.<\/p>\n\n\n<div class=\"wp-block-image\">\n<figure class=\"aligncenter size-full\"><img decoding=\"async\" width=\"800\" height=\"533\" src=\"https:\/\/diariodocomercio.com.br\/mix\/wp-content\/uploads\/2026\/05\/28baa9b0-4927-11f1-b55d-0f258dce1735.jpg.webp\" alt=\"iphone apple loja celular\" class=\"wp-image-44207\" srcset=\"https:\/\/diariodocomercio.com.br\/mix\/wp-content\/uploads\/2026\/05\/28baa9b0-4927-11f1-b55d-0f258dce1735.jpg.webp 800w, https:\/\/diariodocomercio.com.br\/mix\/wp-content\/uploads\/2026\/05\/28baa9b0-4927-11f1-b55d-0f258dce1735.jpg-300x200.webp 300w, https:\/\/diariodocomercio.com.br\/mix\/wp-content\/uploads\/2026\/05\/28baa9b0-4927-11f1-b55d-0f258dce1735.jpg-768x512.webp 768w, https:\/\/diariodocomercio.com.br\/mix\/wp-content\/uploads\/2026\/05\/28baa9b0-4927-11f1-b55d-0f258dce1735.jpg-150x100.webp 150w, https:\/\/diariodocomercio.com.br\/mix\/wp-content\/uploads\/2026\/05\/28baa9b0-4927-11f1-b55d-0f258dce1735.jpg-750x500.webp 750w\" sizes=\"(max-width: 800px) 100vw, 800px\" \/><figcaption class=\"wp-element-caption\">Foto: (Divulga\u00e7\u00e3o\/Apple)<\/figcaption><\/figure>\n<\/div>\n\n\n<p class=\"wp-block-paragraph\">Ternus tamb\u00e9m liderou a equipe respons\u00e1vel pelo desenvolvimento de toda a linha de dispositivos da Apple. A experi\u00eancia pode ganhar ainda mais import\u00e2ncia diante da expans\u00e3o da intelig\u00eancia artificial, j\u00e1 que a tecnologia depende n\u00e3o apenas de softwares e servi\u00e7os, mas tamb\u00e9m de chips e aparelhos capazes de executar novos recursos.<\/p>\n\n\n\n<p class=\"wp-block-paragraph\">A pr\u00f3pria Apple antecipou neste ano o lan\u00e7amento de alguns computadores, como <strong>Mac mini e Mac Studio<\/strong>, em um movimento relacionado \u00e0 crescente demanda por equipamentos preparados para aplica\u00e7\u00f5es de intelig\u00eancia artificial.<\/p>\n\n\n\n<h2 class=\"wp-block-heading\"><strong>Cook continuar\u00e1 nos bastidores<\/strong><\/h2>\n\n\n\n<p class=\"wp-block-paragraph\">No \u00faltimo dia como CEO, Cook enviou uma mensagem aos funcion\u00e1rios para apresentar Ternus e refor\u00e7ar que sua sa\u00edda n\u00e3o representa um afastamento da Apple.<\/p>\n\n\n\n<p class=\"wp-block-paragraph\">O executivo destacou a capacidade do sucessor de desenvolver produtos e afirmou que poucas pessoas compreendem como construir dispositivos capazes de transformar o mundo da mesma maneira que Ternus.<\/p>\n\n\n\n<p class=\"wp-block-paragraph\">Cook tamb\u00e9m ressaltou a cultura interna da companhia e retomou uma ideia associada a Steve Jobs: a possibilidade de deixar uma marca no mundo por meio do trabalho desenvolvido pela Apple.<\/p>\n\n\n\n<p class=\"wp-block-paragraph\">Embora tenha deixado em segundo plano temas como intelig\u00eancia artificial, servi\u00e7os, regulamenta\u00e7\u00e3o e os desafios envolvendo a China, Cook continuar\u00e1 pr\u00f3ximo dessas quest\u00f5es. Como presidente executivo, dever\u00e1 manter participa\u00e7\u00e3o em rela\u00e7\u00f5es pol\u00edticas estrat\u00e9gicas, inclusive com o governo do presidente Donald Trump e autoridades chinesas.<\/p>\n\n\n\n<p class=\"wp-block-paragraph\"><\/p>\n","protected":false},"excerpt":{"rendered":"<p>Tim Cook encerra nesta segunda-feira (31) uma das mais importantes passagens pelo comando da Apple. Depois de 15 anos como CEO, o executivo deixa a principal posi\u00e7\u00e3o da companhia que ajudou a transformar em uma das empresas mais valiosas do planeta. A Apple alcan\u00e7ou uma avalia\u00e7\u00e3o de aproximadamente US$ 4 trilh\u00f5es, equivalente a cerca de [&hellip;]<\/p>\n","protected":false},"author":9,"featured_media":14966,"comment_status":"closed","ping_status":"closed","sticky":false,"template":"","format":"standard","meta":{"jnews-multi-image_gallery":[],"jnews_single_post":{"format":"standard"},"jnews_primary_category":[],"jnews_social_meta":[],"jnews_post_split":[],"footnotes":""},"categories":[1],"tags":[],"class_list":["post-57385","post","type-post","status-publish","format-standard","has-post-thumbnail","hentry","category-geral"],"_referencia":"","_links":{"self":[{"href":"https:\/\/diariodocomercio.com.br\/mix\/wp-json\/wp\/v2\/posts\/57385","targetHints":{"allow":["GET"]}}],"collection":[{"href":"https:\/\/diariodocomercio.com.br\/mix\/wp-json\/wp\/v2\/posts"}],"about":[{"href":"https:\/\/diariodocomercio.com.br\/mix\/wp-json\/wp\/v2\/types\/post"}],"author":[{"embeddable":true,"href":"https:\/\/diariodocomercio.com.br\/mix\/wp-json\/wp\/v2\/users\/9"}],"replies":[{"embeddable":true,"href":"https:\/\/diariodocomercio.com.br\/mix\/wp-json\/wp\/v2\/comments?post=57385"}],"version-history":[{"count":1,"href":"https:\/\/diariodocomercio.com.br\/mix\/wp-json\/wp\/v2\/posts\/57385\/revisions"}],"predecessor-version":[{"id":57387,"href":"https:\/\/diariodocomercio.com.br\/mix\/wp-json\/wp\/v2\/posts\/57385\/revisions\/57387"}],"wp:featuredmedia":[{"embeddable":true,"href":"https:\/\/diariodocomercio.com.br\/mix\/wp-json\/wp\/v2\/media\/14966"}],"wp:attachment":[{"href":"https:\/\/diariodocomercio.com.br\/mix\/wp-json\/wp\/v2\/media?parent=57385"}],"wp:term":[{"taxonomy":"category","embeddable":true,"href":"https:\/\/diariodocomercio.com.br\/mix\/wp-json\/wp\/v2\/categories?post=57385"},{"taxonomy":"post_tag","embeddable":true,"href":"https:\/\/diariodocomercio.com.br\/mix\/wp-json\/wp\/v2\/tags?post=57385"}],"curies":[{"name":"wp","href":"https:\/\/api.w.org\/{rel}","templated":true}]}}