{"id":57388,"date":"2026-09-01T20:03:00","date_gmt":"2026-09-01T23:03:00","guid":{"rendered":"https:\/\/diariodocomercio.com.br\/mix\/?p=57388"},"modified":"2026-09-01T06:06:43","modified_gmt":"2026-09-01T09:06:43","slug":"aos-85-anos-ator-com-alzheimer-volta-aos-palcos-para-apresentar-sozinho-uma-peca-sobre-memoria","status":"publish","type":"post","link":"https:\/\/diariodocomercio.com.br\/mix\/aos-85-anos-ator-com-alzheimer-volta-aos-palcos-para-apresentar-sozinho-uma-peca-sobre-memoria\/","title":{"rendered":"Aos 85 anos, ator com Alzheimer volta aos palcos para apresentar sozinho uma pe\u00e7a sobre mem\u00f3ria"},"content":{"rendered":"\n<p class=\"wp-block-paragraph\">Aos 85 anos, o ator brit\u00e2nico Peter Marinker se prepara para voltar aos palcos de Londres em um dos desafios mais particulares da carreira: interpretar sozinho <em>Krapp\u2019s Last Tape<\/em>, de Samuel Beckett, uma pe\u00e7a cuja hist\u00f3ria gira justamente em torno da mem\u00f3ria, do envelhecimento e das transforma\u00e7\u00f5es da identidade. Diagnosticado com Alzheimer h\u00e1 dois anos, o artista ter\u00e1 a pr\u00f3pria experi\u00eancia incorporada \u00e0 montagem.<\/p>\n\n\n\n<p class=\"wp-block-paragraph\">O retorno acontece depois de uma trajet\u00f3ria marcada por trabalhos no r\u00e1dio, audiolivros, cinema, televis\u00e3o e teatro. Marinker \u00e9 conhecido especialmente por sua extensa atua\u00e7\u00e3o na BBC Radio e por trabalhos de voz em filmes, videogames e produ\u00e7\u00f5es de grande or\u00e7amento, como <em>Labyrinth<\/em> e <em>Paddington in Peru<\/em>. Tamb\u00e9m participou de <em>Love Actually<\/em>, interpretando um conselheiro do presidente dos Estados Unidos, e do drama <em>United 93<\/em>.<\/p>\n\n\n\n<p class=\"wp-block-paragraph\">Agora, a rela\u00e7\u00e3o entre arte e experi\u00eancia pessoal ganha um peso ainda maior. Durante os ensaios, Marinker chegou a aparecer por quatro dias consecutivos em um local onde sequer havia ensaio marcado, confundindo as datas por causa da dem\u00eancia. Ainda assim, ele decidiu enfrentar o desafio de uma apresenta\u00e7\u00e3o solo.<\/p>\n\n\n<div class=\"wp-block-image\">\n<figure class=\"aligncenter size-full\"><img decoding=\"async\" width=\"1200\" height=\"780\" src=\"https:\/\/diariodocomercio.com.br\/mix\/wp-content\/uploads\/2026\/09\/Marinker_A_colour1.jpg\" alt=\"\" class=\"wp-image-57389\" srcset=\"https:\/\/diariodocomercio.com.br\/mix\/wp-content\/uploads\/2026\/09\/Marinker_A_colour1.jpg 1200w, https:\/\/diariodocomercio.com.br\/mix\/wp-content\/uploads\/2026\/09\/Marinker_A_colour1-300x195.jpg 300w, https:\/\/diariodocomercio.com.br\/mix\/wp-content\/uploads\/2026\/09\/Marinker_A_colour1-768x499.jpg 768w, https:\/\/diariodocomercio.com.br\/mix\/wp-content\/uploads\/2026\/09\/Marinker_A_colour1-150x98.jpg 150w, https:\/\/diariodocomercio.com.br\/mix\/wp-content\/uploads\/2026\/09\/Marinker_A_colour1-750x488.jpg 750w, https:\/\/diariodocomercio.com.br\/mix\/wp-content\/uploads\/2026\/09\/Marinker_A_colour1-1140x741.jpg 1140w\" sizes=\"(max-width: 1200px) 100vw, 1200px\" \/><figcaption class=\"wp-element-caption\">Foto: (Reprodu\u00e7\u00e3o\/Stagefright Films)<\/figcaption><\/figure>\n<\/div>\n\n\n<h2 class=\"wp-block-heading\"><strong>Uma pe\u00e7a sobre mem\u00f3ria ganha novo significado<\/strong><\/h2>\n\n\n\n<p class=\"wp-block-paragraph\">Escrita por Beckett em 1958, <em>Krapp\u2019s Last Tape<\/em> acompanha Krapp, um homem idoso que passa seu anivers\u00e1rio sozinho e escuta grava\u00e7\u00f5es realizadas em diferentes momentos de sua vida. Aos 69 anos, personagem revisita a pr\u00f3pria juventude e confronta as mudan\u00e7as provocadas pelo tempo.<\/p>\n\n\n\n<p class=\"wp-block-paragraph\">Para Marinker, a hist\u00f3ria tem uma dimens\u00e3o especialmente pessoal. O ator interpretou Krapp pela primeira vez em 1983 e, na nova montagem, ser\u00e3o utilizadas as grava\u00e7\u00f5es em rolo que ele pr\u00f3prio realizou naquela \u00e9poca. Assim, sua voz de d\u00e9cadas atr\u00e1s estar\u00e1 presente no palco enquanto ele interpreta novamente o personagem aos 85 anos.<\/p>\n\n\n\n<p class=\"wp-block-paragraph\">A produ\u00e7\u00e3o tamb\u00e9m contar\u00e1 com um diretor de palco e com instru\u00e7\u00f5es transmitidas por um dispositivo de \u00e1udio durante a apresenta\u00e7\u00e3o. Em vez de esconder as dificuldades relacionadas \u00e0 mem\u00f3ria, a montagem incorpora esses elementos \u00e0 proposta art\u00edstica.<\/p>\n\n\n\n<p class=\"wp-block-paragraph\">O resultado cria um encontro entre diferentes momentos da vida do ator: sua voz registrada aos 40 e poucos anos, seu corpo e sua interpreta\u00e7\u00e3o atuais e uma personagem constru\u00edda por Beckett justamente a partir do confronto com as pr\u00f3prias lembran\u00e7as.<\/p>\n\n\n\n<h2 class=\"wp-block-heading\"><strong>Diagn\u00f3stico veio ap\u00f3s problemas no teatro<\/strong><\/h2>\n\n\n\n<p class=\"wp-block-paragraph\">A rela\u00e7\u00e3o de Marinker com o palco sofreu uma mudan\u00e7a importante em 2023. Naquele ano, ele interpretava Gandalf em uma vers\u00e3o musical de <em>O Senhor dos An\u00e9is<\/em> quando come\u00e7ou a perceber epis\u00f3dios em que simplesmente &#8220;desligava&#8221; durante a apresenta\u00e7\u00e3o.<\/p>\n\n\n\n<p class=\"wp-block-paragraph\">No in\u00edcio, os lapsos eram breves. Ele fazia uma pausa e conseguia continuar. Com a repeti\u00e7\u00e3o dos epis\u00f3dios, por\u00e9m, um substituto precisou assumir o personagem durante o restante da temporada.<\/p>\n\n\n\n<p class=\"wp-block-paragraph\">Exames, incluindo uma resson\u00e2ncia magn\u00e9tica, foram realizados posteriormente. Dois anos atr\u00e1s, veio o diagn\u00f3stico de Alzheimer.<\/p>\n\n\n\n<p class=\"wp-block-paragraph\">Mesmo diante da doen\u00e7a, Marinker decidiu continuar trabalhando. Para ele, a experi\u00eancia tamb\u00e9m mudou sua maneira de atuar. Em vez de depender exclusivamente do c\u00e1lculo e da memoriza\u00e7\u00e3o, o artista afirma estar se aproximando mais do instinto e das emo\u00e7\u00f5es \u2014 justamente caracter\u00edsticas que podem ganhar for\u00e7a em uma obra como a de Beckett.<\/p>\n\n\n\n<h2 class=\"wp-block-heading\"><strong>Uma rela\u00e7\u00e3o de d\u00e9cadas com Samuel Beckett<\/strong><\/h2>\n\n\n\n<p class=\"wp-block-paragraph\">A liga\u00e7\u00e3o do ator com o dramaturgo come\u00e7ou ainda em 1961, quando Marinker teve contato com <em>Waiting for Godot<\/em>. A partir dali, Beckett se tornou uma presen\u00e7a constante em sua trajet\u00f3ria profissional.<\/p>\n\n\n\n<p class=\"wp-block-paragraph\">O v\u00ednculo foi t\u00e3o forte que Marinker chegou a fundar a The Godot Company, dedicada \u00e0 apresenta\u00e7\u00e3o das obras do dramaturgo de acordo com suas caracter\u00edsticas originais.<\/p>\n\n\n\n<p class=\"wp-block-paragraph\">A escolha de <em>Krapp\u2019s Last Tape<\/em> para seu retorno aos palcos, portanto, n\u00e3o representa apenas uma nova oportunidade profissional. A pe\u00e7a re\u00fane temas que acompanham a carreira do ator e que agora tamb\u00e9m fazem parte de sua experi\u00eancia pessoal: mem\u00f3ria, passagem do tempo, envelhecimento e identidade.<\/p>\n\n\n\n<p class=\"wp-block-paragraph\">O diretor Dave Wybrow afirma que a produ\u00e7\u00e3o n\u00e3o pretende simplesmente contornar as limita\u00e7\u00f5es provocadas pela doen\u00e7a. A proposta \u00e9 incorpor\u00e1-las ao espet\u00e1culo e transformar a condi\u00e7\u00e3o do int\u00e9rprete em parte da investiga\u00e7\u00e3o art\u00edstica.<\/p>\n\n\n\n<h2 class=\"wp-block-heading\"><strong>Um cl\u00e1ssico que voltou aos palcos<\/strong><\/h2>\n\n\n\n<p class=\"wp-block-paragraph\">A nova montagem de Marinker chega em um momento de renovado interesse por <em>Krapp\u2019s Last Tape<\/em>. A obra vem recebendo diferentes interpreta\u00e7\u00f5es recentes nos palcos internacionais.<\/p>\n\n\n\n<p class=\"wp-block-paragraph\">Stephen Rea levou a pe\u00e7a para uma turn\u00ea internacional, enquanto Gary Oldman voltou aos palcos para interpretar Krapp em Londres. Outra montagem est\u00e1 prevista para o Festival de Edimburgo, com Stockard Channing na dire\u00e7\u00e3o e David Westhead no papel principal.<\/p>\n\n\n\n<p class=\"wp-block-paragraph\">A nova vers\u00e3o protagonizada por Marinker, entretanto, carrega uma particularidade dif\u00edcil de reproduzir: o pr\u00f3prio ator poder\u00e1 confrontar no palco uma grava\u00e7\u00e3o de sua voz feita em 1983.<\/p>\n\n\n\n<p class=\"wp-block-paragraph\">A experi\u00eancia transforma o texto de Beckett em algo ainda mais pr\u00f3ximo da realidade. O personagem passa boa parte da pe\u00e7a ouvindo quem foi no passado. Marinker far\u00e1 o mesmo, mas com um registro real de sua pr\u00f3pria trajet\u00f3ria art\u00edstica.<\/p>\n\n\n\n<p class=\"wp-block-paragraph\"><\/p>\n","protected":false},"excerpt":{"rendered":"<p>Aos 85 anos, o ator brit\u00e2nico Peter Marinker se prepara para voltar aos palcos de Londres em um dos desafios mais particulares da carreira: interpretar sozinho Krapp\u2019s Last Tape, de Samuel Beckett, uma pe\u00e7a cuja hist\u00f3ria gira justamente em torno da mem\u00f3ria, do envelhecimento e das transforma\u00e7\u00f5es da identidade. Diagnosticado com Alzheimer h\u00e1 dois anos, [&hellip;]<\/p>\n","protected":false},"author":9,"featured_media":57390,"comment_status":"closed","ping_status":"closed","sticky":false,"template":"","format":"standard","meta":{"jnews-multi-image_gallery":[],"jnews_single_post":{"format":"standard"},"jnews_primary_category":[],"jnews_social_meta":[],"jnews_post_split":[],"footnotes":""},"categories":[1],"tags":[],"class_list":["post-57388","post","type-post","status-publish","format-standard","has-post-thumbnail","hentry","category-geral"],"_referencia":"","_links":{"self":[{"href":"https:\/\/diariodocomercio.com.br\/mix\/wp-json\/wp\/v2\/posts\/57388","targetHints":{"allow":["GET"]}}],"collection":[{"href":"https:\/\/diariodocomercio.com.br\/mix\/wp-json\/wp\/v2\/posts"}],"about":[{"href":"https:\/\/diariodocomercio.com.br\/mix\/wp-json\/wp\/v2\/types\/post"}],"author":[{"embeddable":true,"href":"https:\/\/diariodocomercio.com.br\/mix\/wp-json\/wp\/v2\/users\/9"}],"replies":[{"embeddable":true,"href":"https:\/\/diariodocomercio.com.br\/mix\/wp-json\/wp\/v2\/comments?post=57388"}],"version-history":[{"count":1,"href":"https:\/\/diariodocomercio.com.br\/mix\/wp-json\/wp\/v2\/posts\/57388\/revisions"}],"predecessor-version":[{"id":57391,"href":"https:\/\/diariodocomercio.com.br\/mix\/wp-json\/wp\/v2\/posts\/57388\/revisions\/57391"}],"wp:featuredmedia":[{"embeddable":true,"href":"https:\/\/diariodocomercio.com.br\/mix\/wp-json\/wp\/v2\/media\/57390"}],"wp:attachment":[{"href":"https:\/\/diariodocomercio.com.br\/mix\/wp-json\/wp\/v2\/media?parent=57388"}],"wp:term":[{"taxonomy":"category","embeddable":true,"href":"https:\/\/diariodocomercio.com.br\/mix\/wp-json\/wp\/v2\/categories?post=57388"},{"taxonomy":"post_tag","embeddable":true,"href":"https:\/\/diariodocomercio.com.br\/mix\/wp-json\/wp\/v2\/tags?post=57388"}],"curies":[{"name":"wp","href":"https:\/\/api.w.org\/{rel}","templated":true}]}}