{"id":57392,"date":"2026-09-01T20:26:00","date_gmt":"2026-09-01T23:26:00","guid":{"rendered":"https:\/\/diariodocomercio.com.br\/mix\/?p=57392"},"modified":"2026-09-01T06:11:05","modified_gmt":"2026-09-01T09:11:05","slug":"sus-vai-oferecer-tres-novos-remedios-contra-o-cancer-que-custam-ate-r-643-mil-por-ano","status":"publish","type":"post","link":"https:\/\/diariodocomercio.com.br\/mix\/sus-vai-oferecer-tres-novos-remedios-contra-o-cancer-que-custam-ate-r-643-mil-por-ano\/","title":{"rendered":"SUS vai oferecer tr\u00eas novos rem\u00e9dios contra o c\u00e2ncer que custam at\u00e9 R$ 643 mil por ano"},"content":{"rendered":"\n<p class=\"wp-block-paragraph\">Pacientes com c\u00e2ncer de pulm\u00e3o atendidos pelo Sistema \u00danico de Sa\u00fade (SUS) ter\u00e3o acesso a tr\u00eas novos medicamentos de alta tecnologia a partir de outubro. A inclus\u00e3o do <strong>brigatinibe, gefitinibe e durvalumabe<\/strong> amplia as op\u00e7\u00f5es terap\u00eauticas dispon\u00edveis na rede p\u00fablica e pode representar uma economia significativa para pessoas que, na rede privada, poderiam enfrentar custos de at\u00e9 <strong>R$ 643 mil por ano<\/strong> com esses tratamentos.<\/p>\n\n\n\n<p class=\"wp-block-paragraph\">Segundo o Minist\u00e9rio da Sa\u00fade, aproximadamente <strong>1,9 mil pacientes<\/strong> devem ser contemplados pela nova oferta. Os medicamentos ser\u00e3o financiados integralmente pelo governo federal por meio da <strong>Assist\u00eancia Farmac\u00eautica Oncol\u00f3gica (AF-Onco)<\/strong>, iniciativa criada para ampliar o acesso a tratamentos de alto custo contra o c\u00e2ncer.<\/p>\n\n\n\n<p class=\"wp-block-paragraph\">O brigatinibe e o gefitinibe s\u00e3o classificados como <strong>terapias-alvo orais<\/strong>. Os medicamentos atuam diretamente sobre altera\u00e7\u00f5es espec\u00edficas presentes nas c\u00e9lulas cancer\u00edgenas, permitindo um tratamento mais direcionado.<\/p>\n\n\n\n<p class=\"wp-block-paragraph\">Uma das caracter\u00edsticas apontadas pelo Minist\u00e9rio da Sa\u00fade \u00e9 a possibilidade de administra\u00e7\u00e3o desses medicamentos fora do ambiente hospitalar, inclusive na resid\u00eancia do paciente. Al\u00e9m disso, segundo a pasta, as terapias apresentam menor incid\u00eancia de eventos adversos quando comparadas a esquemas convencionais de quimioterapia.<\/p>\n\n\n\n<p class=\"wp-block-paragraph\">O <strong>durvalumabe<\/strong>, por sua vez, atua de maneira diferente. O medicamento estimula o sistema imunol\u00f3gico a reconhecer e combater as c\u00e9lulas tumorais. A indica\u00e7\u00e3o contempla pacientes com <strong>c\u00e2ncer de pulm\u00e3o em est\u00e1gio 3 que n\u00e3o podem ser submetidos a cirurgia<\/strong>.<\/p>\n\n\n\n<p class=\"wp-block-paragraph\">De acordo com o Minist\u00e9rio da Sa\u00fade, o tratamento est\u00e1 associado a ganhos na sobrevida global dos pacientes, ampliando as possibilidades de controle da doen\u00e7a em casos espec\u00edficos.<\/p>\n\n\n\n<h2 class=\"wp-block-heading\"><strong>SUS ter\u00e1 23 medicamentos oncol\u00f3gicos de alto custo<\/strong><\/h2>\n\n\n\n<p class=\"wp-block-paragraph\">A chegada dos tr\u00eas medicamentos faz parte de uma amplia\u00e7\u00e3o mais abrangente da assist\u00eancia farmac\u00eautica para pacientes com c\u00e2ncer. Conforme o governo federal, a <strong>AF-Onco disponibilizar\u00e1 23 medicamentos oncol\u00f3gicos de alto custo<\/strong>, o que representa um aumento de <strong>35% na oferta de tratamentos<\/strong> na rede p\u00fablica.<\/p>\n\n\n\n<p class=\"wp-block-paragraph\">A medida busca ampliar o acesso a terapias consideradas de alta tecnologia, especialmente em situa\u00e7\u00f5es nas quais o custo pode dificultar a continuidade do tratamento para pacientes que dependem exclusivamente do sistema p\u00fablico.<\/p>\n\n\n\n<p class=\"wp-block-paragraph\">Al\u00e9m da disponibiliza\u00e7\u00e3o dos medicamentos, o governo tamb\u00e9m pretende aumentar a participa\u00e7\u00e3o da ind\u00fastria brasileira na produ\u00e7\u00e3o de medicamentos, equipamentos e insumos utilizados na \u00e1rea da sa\u00fade.<\/p>\n\n\n\n<h2 class=\"wp-block-heading\"><strong>Governo quer ampliar produ\u00e7\u00e3o nacional<\/strong><\/h2>\n\n\n\n<p class=\"wp-block-paragraph\">O vice-presidente e ministro do Desenvolvimento, Ind\u00fastria, Com\u00e9rcio e Servi\u00e7os, <strong>Geraldo Alckmin<\/strong>, afirmou que a meta do governo \u00e9 elevar para <strong>70% at\u00e9 2033<\/strong> a parcela de medicamentos e insumos farmac\u00eauticos utilizados pelo SUS que seja produzida no Brasil.<\/p>\n\n\n\n<p class=\"wp-block-paragraph\">Atualmente, segundo Alckmin, a ind\u00fastria nacional responde por aproximadamente metade dessa demanda. A inten\u00e7\u00e3o faz parte da pol\u00edtica industrial do governo e est\u00e1 prevista na <strong>Nova Ind\u00fastria Brasil<\/strong>, que estabelece o objetivo de fortalecer a produ\u00e7\u00e3o nacional destinada ao complexo industrial da sa\u00fade.<\/p>\n\n\n\n<p class=\"wp-block-paragraph\">A estrat\u00e9gia n\u00e3o se limita aos medicamentos. O plano tamb\u00e9m contempla <strong>vacinas, equipamentos, dispositivos m\u00e9dicos e outras tecnologias e insumos<\/strong> considerados estrat\u00e9gicos para o atendimento da popula\u00e7\u00e3o.<\/p>\n\n\n\n<p class=\"wp-block-paragraph\"><\/p>\n","protected":false},"excerpt":{"rendered":"<p>Pacientes com c\u00e2ncer de pulm\u00e3o atendidos pelo Sistema \u00danico de Sa\u00fade (SUS) ter\u00e3o acesso a tr\u00eas novos medicamentos de alta tecnologia a partir de outubro. A inclus\u00e3o do brigatinibe, gefitinibe e durvalumabe amplia as op\u00e7\u00f5es terap\u00eauticas dispon\u00edveis na rede p\u00fablica e pode representar uma economia significativa para pessoas que, na rede privada, poderiam enfrentar custos [&hellip;]<\/p>\n","protected":false},"author":9,"featured_media":42538,"comment_status":"closed","ping_status":"closed","sticky":false,"template":"","format":"standard","meta":{"jnews-multi-image_gallery":[],"jnews_single_post":{"format":"standard"},"jnews_primary_category":[],"jnews_social_meta":[],"jnews_post_split":[],"footnotes":""},"categories":[1],"tags":[],"class_list":["post-57392","post","type-post","status-publish","format-standard","has-post-thumbnail","hentry","category-geral"],"_referencia":"","_links":{"self":[{"href":"https:\/\/diariodocomercio.com.br\/mix\/wp-json\/wp\/v2\/posts\/57392","targetHints":{"allow":["GET"]}}],"collection":[{"href":"https:\/\/diariodocomercio.com.br\/mix\/wp-json\/wp\/v2\/posts"}],"about":[{"href":"https:\/\/diariodocomercio.com.br\/mix\/wp-json\/wp\/v2\/types\/post"}],"author":[{"embeddable":true,"href":"https:\/\/diariodocomercio.com.br\/mix\/wp-json\/wp\/v2\/users\/9"}],"replies":[{"embeddable":true,"href":"https:\/\/diariodocomercio.com.br\/mix\/wp-json\/wp\/v2\/comments?post=57392"}],"version-history":[{"count":1,"href":"https:\/\/diariodocomercio.com.br\/mix\/wp-json\/wp\/v2\/posts\/57392\/revisions"}],"predecessor-version":[{"id":57393,"href":"https:\/\/diariodocomercio.com.br\/mix\/wp-json\/wp\/v2\/posts\/57392\/revisions\/57393"}],"wp:featuredmedia":[{"embeddable":true,"href":"https:\/\/diariodocomercio.com.br\/mix\/wp-json\/wp\/v2\/media\/42538"}],"wp:attachment":[{"href":"https:\/\/diariodocomercio.com.br\/mix\/wp-json\/wp\/v2\/media?parent=57392"}],"wp:term":[{"taxonomy":"category","embeddable":true,"href":"https:\/\/diariodocomercio.com.br\/mix\/wp-json\/wp\/v2\/categories?post=57392"},{"taxonomy":"post_tag","embeddable":true,"href":"https:\/\/diariodocomercio.com.br\/mix\/wp-json\/wp\/v2\/tags?post=57392"}],"curies":[{"name":"wp","href":"https:\/\/api.w.org\/{rel}","templated":true}]}}