{"id":57398,"date":"2026-09-01T15:17:00","date_gmt":"2026-09-01T18:17:00","guid":{"rendered":"https:\/\/diariodocomercio.com.br\/mix\/?p=57398"},"modified":"2026-09-01T06:28:58","modified_gmt":"2026-09-01T09:28:58","slug":"brasileiros-com-carteira-assinada-vao-receber-pelo-menos-r-1-62100-no-dia-05-09","status":"publish","type":"post","link":"https:\/\/diariodocomercio.com.br\/mix\/brasileiros-com-carteira-assinada-vao-receber-pelo-menos-r-1-62100-no-dia-05-09\/","title":{"rendered":"Brasileiros com carteira assinada v\u00e3o receber pelo menos R$ 1.621,00 no dia 05\/09"},"content":{"rendered":"\n<p class=\"wp-block-paragraph\">Milh\u00f5es de brasileiros com carteira assinada ter\u00e3o como prazo m\u00e1ximo para receber o sal\u00e1rio referente a agosto o <strong>s\u00e1bado, 5 de setembro de 2026<\/strong>. Isso ocorre porque, para fins trabalhistas, o s\u00e1bado \u00e9 considerado dia \u00fatil na contagem do prazo para pagamento, enquanto domingos e feriados ficam de fora.<\/p>\n\n\n\n<p class=\"wp-block-paragraph\">A regra est\u00e1 prevista no <strong>artigo 459 da Consolida\u00e7\u00e3o das Leis do Trabalho (CLT)<\/strong>, que estabelece que o sal\u00e1rio mensal deve ser pago at\u00e9 o quinto dia \u00fatil do m\u00eas seguinte ao trabalhado. Dessa forma, embora a data caia em um s\u00e1bado, ela permanece v\u00e1lida para o cumprimento da obriga\u00e7\u00e3o pelo empregador.<\/p>\n\n\n\n<p class=\"wp-block-paragraph\">O valor recebido por cada trabalhador depende do sal\u00e1rio contratado, dos descontos e de outras condi\u00e7\u00f5es previstas no v\u00ednculo empregat\u00edcio. <strong>R$ 1.621 n\u00e3o \u00e9 um piso geral determinado pela CLT para todos os empregados<\/strong>; portanto, o pagamento m\u00ednimo de cada pessoa n\u00e3o pode ser definido apenas pela data.<\/p>\n\n\n\n<h2 class=\"wp-block-heading\"><strong>Como funciona a contagem do quinto dia \u00fatil<\/strong><\/h2>\n\n\n\n<p class=\"wp-block-paragraph\">Na contagem do prazo para pagamento dos sal\u00e1rios, entram os dias de <strong>segunda-feira a s\u00e1bado<\/strong>. J\u00e1 domingos e feriados n\u00e3o s\u00e3o considerados.<\/p>\n\n\n\n<p class=\"wp-block-paragraph\">A orienta\u00e7\u00e3o tamb\u00e9m \u00e9 respaldada pela <strong>Instru\u00e7\u00e3o Normativa n\u00ba 1\/1989<\/strong>, do ent\u00e3o Minist\u00e9rio do Trabalho, que considera o s\u00e1bado como dia \u00fatil para essa finalidade.<\/p>\n\n\n\n<p class=\"wp-block-paragraph\">Assim, o trabalhador deve ter o sal\u00e1rio dispon\u00edvel dentro do prazo legal. Caso o pagamento n\u00e3o seja realizado at\u00e9 o quinto dia \u00fatil, pode ficar caracterizado atraso e descumprimento de uma obriga\u00e7\u00e3o trabalhista por parte da empresa.<\/p>\n\n\n\n<p class=\"wp-block-paragraph\">Nessa situa\u00e7\u00e3o, a recomenda\u00e7\u00e3o inicial \u00e9 procurar o empregador para solicitar a regulariza\u00e7\u00e3o. Se o problema persistir, o trabalhador pode buscar orienta\u00e7\u00e3o junto ao sindicato da categoria, aos \u00f3rg\u00e3os de fiscaliza\u00e7\u00e3o trabalhista ou \u00e0 Justi\u00e7a do Trabalho.<\/p>\n\n\n\n<h2 class=\"wp-block-heading\"><strong>Mercado de trabalho registra menor desemprego<\/strong><\/h2>\n\n\n\n<p class=\"wp-block-paragraph\">O pagamento dos sal\u00e1rios ocorre em um momento de relativa for\u00e7a do mercado de trabalho brasileiro. A taxa de desemprego caiu para <strong>5,3% no trimestre encerrado em julho de 2026<\/strong>, segundo dados divulgados pelo Instituto Brasileiro de Geografia e Estat\u00edstica (IBGE).<\/p>\n\n\n\n<p class=\"wp-block-paragraph\">O resultado representa o menor n\u00edvel para um trimestre encerrado em julho desde o in\u00edcio da s\u00e9rie hist\u00f3rica, em 2012. No per\u00edodo encerrado em abril, a taxa estava em 5,8%.<\/p>\n\n\n\n<p class=\"wp-block-paragraph\">O resultado ficou pr\u00f3ximo da mediana das expectativas do mercado financeiro, segundo proje\u00e7\u00f5es compiladas pela Bloomberg.<\/p>\n\n\n\n<p class=\"wp-block-paragraph\">Apesar do cen\u00e1rio positivo, analistas identificam sinais de uma <strong>desacelera\u00e7\u00e3o moderada do mercado de trabalho<\/strong>, especialmente quando observada a evolu\u00e7\u00e3o da renda dos trabalhadores.<\/p>\n\n\n\n<h2 class=\"wp-block-heading\"><strong>Rendimento m\u00e9dio apresenta pequena queda<\/strong><\/h2>\n\n\n\n<p class=\"wp-block-paragraph\">A renda m\u00e9dia do trabalho ficou em <strong>R$ 3.762 por m\u00eas<\/strong> no trimestre encerrado em julho. O valor representa uma redu\u00e7\u00e3o de 0,7% em rela\u00e7\u00e3o aos R$ 3.786 registrados no trimestre terminado em abril.<\/p>\n\n\n\n<p class=\"wp-block-paragraph\">Apesar da queda nominal, o IBGE classifica o movimento como <strong>estabilidade estat\u00edstica<\/strong>, j\u00e1 que a varia\u00e7\u00e3o permaneceu dentro da margem de erro da pesquisa e n\u00e3o foi considerada significativa.<\/p>\n\n\n\n<p class=\"wp-block-paragraph\">Os dados fazem parte da <strong>Pnad Cont\u00ednua<\/strong>, levantamento utilizado pelo IBGE para acompanhar indicadores relacionados ao emprego, desemprego e rendimento dos brasileiros.<\/p>\n\n\n\n<p class=\"wp-block-paragraph\"><\/p>\n","protected":false},"excerpt":{"rendered":"<p>Milh\u00f5es de brasileiros com carteira assinada ter\u00e3o como prazo m\u00e1ximo para receber o sal\u00e1rio referente a agosto o s\u00e1bado, 5 de setembro de 2026. Isso ocorre porque, para fins trabalhistas, o s\u00e1bado \u00e9 considerado dia \u00fatil na contagem do prazo para pagamento, enquanto domingos e feriados ficam de fora. A regra est\u00e1 prevista no artigo [&hellip;]<\/p>\n","protected":false},"author":9,"featured_media":23966,"comment_status":"closed","ping_status":"closed","sticky":false,"template":"","format":"standard","meta":{"jnews-multi-image_gallery":[],"jnews_single_post":{"format":"standard"},"jnews_primary_category":[],"jnews_social_meta":[],"jnews_post_split":[],"footnotes":""},"categories":[1],"tags":[],"class_list":["post-57398","post","type-post","status-publish","format-standard","has-post-thumbnail","hentry","category-geral"],"_referencia":"","_links":{"self":[{"href":"https:\/\/diariodocomercio.com.br\/mix\/wp-json\/wp\/v2\/posts\/57398","targetHints":{"allow":["GET"]}}],"collection":[{"href":"https:\/\/diariodocomercio.com.br\/mix\/wp-json\/wp\/v2\/posts"}],"about":[{"href":"https:\/\/diariodocomercio.com.br\/mix\/wp-json\/wp\/v2\/types\/post"}],"author":[{"embeddable":true,"href":"https:\/\/diariodocomercio.com.br\/mix\/wp-json\/wp\/v2\/users\/9"}],"replies":[{"embeddable":true,"href":"https:\/\/diariodocomercio.com.br\/mix\/wp-json\/wp\/v2\/comments?post=57398"}],"version-history":[{"count":1,"href":"https:\/\/diariodocomercio.com.br\/mix\/wp-json\/wp\/v2\/posts\/57398\/revisions"}],"predecessor-version":[{"id":57399,"href":"https:\/\/diariodocomercio.com.br\/mix\/wp-json\/wp\/v2\/posts\/57398\/revisions\/57399"}],"wp:featuredmedia":[{"embeddable":true,"href":"https:\/\/diariodocomercio.com.br\/mix\/wp-json\/wp\/v2\/media\/23966"}],"wp:attachment":[{"href":"https:\/\/diariodocomercio.com.br\/mix\/wp-json\/wp\/v2\/media?parent=57398"}],"wp:term":[{"taxonomy":"category","embeddable":true,"href":"https:\/\/diariodocomercio.com.br\/mix\/wp-json\/wp\/v2\/categories?post=57398"},{"taxonomy":"post_tag","embeddable":true,"href":"https:\/\/diariodocomercio.com.br\/mix\/wp-json\/wp\/v2\/tags?post=57398"}],"curies":[{"name":"wp","href":"https:\/\/api.w.org\/{rel}","templated":true}]}}