{"id":57404,"date":"2026-09-01T17:49:00","date_gmt":"2026-09-01T20:49:00","guid":{"rendered":"https:\/\/diariodocomercio.com.br\/mix\/?p=57404"},"modified":"2026-09-01T06:42:49","modified_gmt":"2026-09-01T09:42:49","slug":"este-habito-muito-comum-pode-te-tornar-vulneravel-para-um-ladrao-em-sao-paulo","status":"publish","type":"post","link":"https:\/\/diariodocomercio.com.br\/mix\/este-habito-muito-comum-pode-te-tornar-vulneravel-para-um-ladrao-em-sao-paulo\/","title":{"rendered":"Este h\u00e1bito muito comum pode te tornar vulner\u00e1vel para um ladr\u00e3o em S\u00e3o Paulo"},"content":{"rendered":"\n<p class=\"wp-block-paragraph\">Usar o celular dentro do carro, seja para responder mensagens, consultar redes sociais ou simplesmente passar o tempo durante um trajeto, pode transformar passageiros em alvos de criminosos em S\u00e3o Paulo. O alerta ganhou for\u00e7a entre taxistas e motoristas de aplicativo diante do avan\u00e7o dos roubos e furtos de aparelhos na capital paulista.<\/p>\n\n\n\n<p class=\"wp-block-paragraph\">Dados do Anu\u00e1rio Brasileiro de Seguran\u00e7a P\u00fablica mostram que S\u00e3o Paulo concentrou <strong>20% dos roubos e furtos de celulares registrados no Brasil em 2025<\/strong>, embora re\u00fana 5,6% da popula\u00e7\u00e3o nacional. Ao todo, o pa\u00eds contabilizou mais de <strong>830 mil aparelhos subtra\u00eddos<\/strong>, uma m\u00e9dia de aproximadamente 95 ocorr\u00eancias por hora.<\/p>\n\n\n\n<p class=\"wp-block-paragraph\">A capital paulista registrou <strong>1.390,5 celulares roubados ou furtados para cada 100 mil habitantes<\/strong> no ano passado. O \u00edndice \u00e9 quase quatro vezes maior que a m\u00e9dia brasileira, de 371,2 ocorr\u00eancias por 100 mil habitantes.<\/p>\n\n\n\n<p class=\"wp-block-paragraph\">No ranking nacional, S\u00e3o Paulo aparece na <strong>terceira posi\u00e7\u00e3o<\/strong>, atr\u00e1s apenas de S\u00e3o Lu\u00eds, no Maranh\u00e3o, com 1.517 casos por 100 mil habitantes, e Bel\u00e9m, no Par\u00e1, que registrou taxa de 1.487. Os n\u00fameros foram divulgados pelo F\u00f3rum Brasileiro de Seguran\u00e7a P\u00fablica.<\/p>\n\n\n\n<p class=\"wp-block-paragraph\">O cen\u00e1rio tem alterado at\u00e9 mesmo a rotina dos profissionais que trabalham transportando passageiros. Taxistas relatam preju\u00edzos provocados por vidros quebrados, per\u00edodos sem poder trabalhar e danos financeiros e emocionais ap\u00f3s ataques.<\/p>\n\n\n\n<p class=\"wp-block-paragraph\">Por isso, alguns motoristas passaram a pedir de forma insistente que passageiros <strong>evitem utilizar o celular pr\u00f3ximo \u00e0s janelas durante o trajeto<\/strong>. A recomenda\u00e7\u00e3o, que antes poderia parecer apenas uma precau\u00e7\u00e3o, tornou-se uma medida de seguran\u00e7a diante da atua\u00e7\u00e3o de criminosos especializados.<\/p>\n\n\n\n<p class=\"wp-block-paragraph\">Gangues que praticam ataques contra ve\u00edculos quebrando os vidros atuam em diferentes regi\u00f5es da cidade. Tamb\u00e9m h\u00e1 casos de criminosos que agem individualmente. A situa\u00e7\u00e3o faz com que taxistas e motoristas de aplicativo precisem, em algumas ocasi\u00f5es, insistir para que os passageiros guardem os aparelhos, mesmo que isso gere desconforto durante a viagem.<\/p>\n\n\n\n<h2 class=\"wp-block-heading\"><strong>O que fazer se o celular for roubado ou furtado<\/strong><\/h2>\n\n\n\n<p class=\"wp-block-paragraph\">Apesar do risco, algumas medidas podem reduzir os preju\u00edzos depois que o aparelho \u00e9 levado. O primeiro passo \u00e9 registrar um <strong>boletim de ocorr\u00eancia<\/strong>, que pode ser feito presencialmente ou pela Delegacia Eletr\u00f4nica da Pol\u00edcia Civil de S\u00e3o Paulo.<\/p>\n\n\n\n<p class=\"wp-block-paragraph\">Tamb\u00e9m \u00e9 importante informar o <strong>IMEI<\/strong>, n\u00famero de identifica\u00e7\u00e3o individual do aparelho. A sequ\u00eancia funciona como uma esp\u00e9cie de registro do celular e pode auxiliar a pol\u00edcia caso o dispositivo seja recuperado posteriormente. Com o IMEI e os dados do boletim, as autoridades podem relacionar o aparelho ao propriet\u00e1rio.<\/p>\n\n\n\n<p class=\"wp-block-paragraph\">Mesmo sem estar com o telefone, o usu\u00e1rio pode consultar informa\u00e7\u00f5es do dispositivo por servi\u00e7os de localiza\u00e7\u00e3o. Em aparelhos Android, isso pode ser feito pelo <strong>Encontre Meu Dispositivo<\/strong>; nos celulares da Apple, pelo servi\u00e7o <strong>Buscar<\/strong> do iCloud.<\/p>\n\n\n\n<p class=\"wp-block-paragraph\">A localiza\u00e7\u00e3o em tempo real tamb\u00e9m pode ser compartilhada com as autoridades quando estiver habilitada no aparelho. As ferramentas, por\u00e9m, possuem configura\u00e7\u00f5es e pol\u00edticas de privacidade pr\u00f3prias de cada fabricante.<\/p>\n\n\n\n<h2 class=\"wp-block-heading\"><strong>Bancos e Celular Seguro tamb\u00e9m devem ser acionados<\/strong><\/h2>\n\n\n\n<p class=\"wp-block-paragraph\">Outro procedimento importante \u00e9 entrar em contato imediatamente com o banco. O propriet\u00e1rio deve informar o roubo ou furto e solicitar o <strong>bloqueio tempor\u00e1rio de contas, cart\u00f5es e outros recursos financeiros acess\u00edveis pelo celular<\/strong>.<\/p>\n\n\n\n<p class=\"wp-block-paragraph\">Tamb\u00e9m existe o <strong>Celular Seguro<\/strong>, ferramenta do Minist\u00e9rio da Justi\u00e7a e Seguran\u00e7a P\u00fablica (MJSP) criada para facilitar a comunica\u00e7\u00e3o de roubos e furtos. Ap\u00f3s o registro do alerta, o sistema pode acionar medidas de prote\u00e7\u00e3o e permitir o bloqueio do aparelho, de aplicativos banc\u00e1rios e de outros acessos vinculados ao dispositivo.<\/p>\n\n\n\n<p class=\"wp-block-paragraph\"><\/p>\n","protected":false},"excerpt":{"rendered":"<p>Usar o celular dentro do carro, seja para responder mensagens, consultar redes sociais ou simplesmente passar o tempo durante um trajeto, pode transformar passageiros em alvos de criminosos em S\u00e3o Paulo. O alerta ganhou for\u00e7a entre taxistas e motoristas de aplicativo diante do avan\u00e7o dos roubos e furtos de aparelhos na capital paulista. Dados do [&hellip;]<\/p>\n","protected":false},"author":9,"featured_media":46208,"comment_status":"closed","ping_status":"closed","sticky":false,"template":"","format":"standard","meta":{"jnews-multi-image_gallery":[],"jnews_single_post":{"format":"standard"},"jnews_primary_category":[],"jnews_social_meta":[],"jnews_post_split":[],"footnotes":""},"categories":[1],"tags":[],"class_list":["post-57404","post","type-post","status-publish","format-standard","has-post-thumbnail","hentry","category-geral"],"_referencia":"","_links":{"self":[{"href":"https:\/\/diariodocomercio.com.br\/mix\/wp-json\/wp\/v2\/posts\/57404","targetHints":{"allow":["GET"]}}],"collection":[{"href":"https:\/\/diariodocomercio.com.br\/mix\/wp-json\/wp\/v2\/posts"}],"about":[{"href":"https:\/\/diariodocomercio.com.br\/mix\/wp-json\/wp\/v2\/types\/post"}],"author":[{"embeddable":true,"href":"https:\/\/diariodocomercio.com.br\/mix\/wp-json\/wp\/v2\/users\/9"}],"replies":[{"embeddable":true,"href":"https:\/\/diariodocomercio.com.br\/mix\/wp-json\/wp\/v2\/comments?post=57404"}],"version-history":[{"count":1,"href":"https:\/\/diariodocomercio.com.br\/mix\/wp-json\/wp\/v2\/posts\/57404\/revisions"}],"predecessor-version":[{"id":57405,"href":"https:\/\/diariodocomercio.com.br\/mix\/wp-json\/wp\/v2\/posts\/57404\/revisions\/57405"}],"wp:featuredmedia":[{"embeddable":true,"href":"https:\/\/diariodocomercio.com.br\/mix\/wp-json\/wp\/v2\/media\/46208"}],"wp:attachment":[{"href":"https:\/\/diariodocomercio.com.br\/mix\/wp-json\/wp\/v2\/media?parent=57404"}],"wp:term":[{"taxonomy":"category","embeddable":true,"href":"https:\/\/diariodocomercio.com.br\/mix\/wp-json\/wp\/v2\/categories?post=57404"},{"taxonomy":"post_tag","embeddable":true,"href":"https:\/\/diariodocomercio.com.br\/mix\/wp-json\/wp\/v2\/tags?post=57404"}],"curies":[{"name":"wp","href":"https:\/\/api.w.org\/{rel}","templated":true}]}}