{"id":57410,"date":"2026-09-06T12:13:00","date_gmt":"2026-09-06T15:13:00","guid":{"rendered":"https:\/\/diariodocomercio.com.br\/mix\/?p=57410"},"modified":"2026-09-01T06:56:23","modified_gmt":"2026-09-01T09:56:23","slug":"fenomeno-que-preocupa-o-mundo-comeca-a-afetar-o-brasil-e-especialistas-alertam-para-risco-de-doencas","status":"publish","type":"post","link":"https:\/\/diariodocomercio.com.br\/mix\/fenomeno-que-preocupa-o-mundo-comeca-a-afetar-o-brasil-e-especialistas-alertam-para-risco-de-doencas\/","title":{"rendered":"Fen\u00f4meno que preocupa o mundo come\u00e7a a afetar o Brasil e especialistas alertam para risco de doen\u00e7as"},"content":{"rendered":"\n<p class=\"wp-block-paragraph\">O avan\u00e7o do El Ni\u00f1o coloca o Brasil diante de um novo cen\u00e1rio de aten\u00e7\u00e3o para a sa\u00fade p\u00fablica. O fen\u00f4meno clim\u00e1tico, marcado pelo aquecimento anormal das \u00e1guas do Oceano Pac\u00edfico, est\u00e1 atualmente em n\u00edvel forte e, segundo a Administra\u00e7\u00e3o Nacional Oce\u00e2nica e Atmosf\u00e9rica (Noaa), dos Estados Unidos, pode atingir intensidade muito forte j\u00e1 em setembro. A previs\u00e3o aumenta a preocupa\u00e7\u00e3o com eventos extremos entre outubro de 2026 e mar\u00e7o de 2027, per\u00edodo considerado o mais cr\u00edtico pelas autoridades brasileiras.<\/p>\n\n\n\n<p class=\"wp-block-paragraph\">Al\u00e9m de alterar o regime de chuvas e temperaturas, o fen\u00f4meno pode favorecer uma s\u00e9rie de problemas de sa\u00fade. Entre os riscos est\u00e3o o aumento de arboviroses, como dengue, chikungunya e febre amarela, al\u00e9m de doen\u00e7as diarreicas, leptospirose e hepatite A. O cen\u00e1rio tamb\u00e9m pode agravar problemas cardiovasculares, renais, respirat\u00f3rios e doen\u00e7as cr\u00f4nicas, al\u00e9m de elevar o risco de desidrata\u00e7\u00e3o.<\/p>\n\n\n\n<p class=\"wp-block-paragraph\">Os efeitos do El Ni\u00f1o n\u00e3o ser\u00e3o iguais em todo o territ\u00f3rio nacional. No Sul, a previs\u00e3o aponta para per\u00edodos de chuvas intensas e maior possibilidade de inunda\u00e7\u00f5es. Quando a \u00e1gua das enchentes entra em contato com esgoto, lixo e outros materiais contaminados, aumenta a possibilidade de transmiss\u00e3o de doen\u00e7as.<\/p>\n\n\n\n<p class=\"wp-block-paragraph\">A leptospirose \u00e9 um dos principais exemplos. A bact\u00e9ria causadora da doen\u00e7a pode estar presente na urina de animais infectados e contaminar \u00e1gua e lama durante enchentes. O contato da popula\u00e7\u00e3o com esses ambientes pode ampliar a exposi\u00e7\u00e3o ao agente infeccioso.<\/p>\n\n\n\n<p class=\"wp-block-paragraph\">O excesso de chuva tamb\u00e9m pode criar condi\u00e7\u00f5es favor\u00e1veis \u00e0 prolifera\u00e7\u00e3o de mosquitos transmissores de arboviroses. Dengue e chikungunya, por exemplo, podem encontrar ambientes prop\u00edcios para a reprodu\u00e7\u00e3o dos vetores quando h\u00e1 ac\u00famulo de \u00e1gua.<\/p>\n\n\n<div class=\"wp-block-image\">\n<figure class=\"aligncenter size-full\"><img decoding=\"async\" width=\"800\" height=\"521\" src=\"https:\/\/diariodocomercio.com.br\/mix\/wp-content\/uploads\/2026\/06\/enchente_foto.jpg\" alt=\"enchente chuva tempestade brasil\" class=\"wp-image-49910\" srcset=\"https:\/\/diariodocomercio.com.br\/mix\/wp-content\/uploads\/2026\/06\/enchente_foto.jpg 800w, https:\/\/diariodocomercio.com.br\/mix\/wp-content\/uploads\/2026\/06\/enchente_foto-300x195.jpg 300w, https:\/\/diariodocomercio.com.br\/mix\/wp-content\/uploads\/2026\/06\/enchente_foto-768x500.jpg 768w, https:\/\/diariodocomercio.com.br\/mix\/wp-content\/uploads\/2026\/06\/enchente_foto-150x98.jpg 150w, https:\/\/diariodocomercio.com.br\/mix\/wp-content\/uploads\/2026\/06\/enchente_foto-750x488.jpg 750w\" sizes=\"(max-width: 800px) 100vw, 800px\" \/><figcaption class=\"wp-element-caption\">Foto: (Reprodu\u00e7\u00e3o\/Ag\u00eancia Brasil)<\/figcaption><\/figure>\n<\/div>\n\n\n<h2 class=\"wp-block-heading\"><strong>Minist\u00e9rio da Sa\u00fade prepara resposta do SUS<\/strong><\/h2>\n\n\n\n<p class=\"wp-block-paragraph\">Diante das proje\u00e7\u00f5es, o Minist\u00e9rio da Sa\u00fade apresentou um plano de prepara\u00e7\u00e3o e resposta do Sistema \u00danico de Sa\u00fade (SUS) para poss\u00edveis emerg\u00eancias relacionadas ao El Ni\u00f1o 2026-2027. A estrat\u00e9gia foi discutida durante a 7\u00aa Assembleia do Conselho Nacional de Secret\u00e1rios de Sa\u00fade (Conass), em Bras\u00edlia, com a participa\u00e7\u00e3o de gestores estaduais.<\/p>\n\n\n\n<p class=\"wp-block-paragraph\">O planejamento foi dividido em cinco eixos e inclui a cria\u00e7\u00e3o de estruturas de governan\u00e7a para situa\u00e7\u00f5es de emerg\u00eancia clim\u00e1tica, libera\u00e7\u00e3o de recursos, distribui\u00e7\u00e3o de kits emergenciais de assist\u00eancia farmac\u00eautica e organiza\u00e7\u00e3o dos servi\u00e7os de sa\u00fade de acordo com as caracter\u00edsticas de cada regi\u00e3o.<\/p>\n\n\n\n<p class=\"wp-block-paragraph\">A For\u00e7a Nacional do SUS (FN-SUS) tamb\u00e9m dever\u00e1 integrar a opera\u00e7\u00e3o. As bases regionais ser\u00e3o preparadas para deslocar equipes em at\u00e9 48 horas em situa\u00e7\u00f5es que exijam atendimento emergencial.<\/p>\n\n\n\n<p class=\"wp-block-paragraph\">O governo ainda pretende utilizar estruturas como a Sala de Situa\u00e7\u00e3o de Emerg\u00eancias Clim\u00e1ticas e a Sala de Situa\u00e7\u00e3o Sa\u00fade e Clima para acompanhar os acontecimentos e orientar as respostas.<\/p>\n\n\n\n<h2 class=\"wp-block-heading\"><strong>Monitoramento tenta antecipar surtos<\/strong><\/h2>\n\n\n\n<p class=\"wp-block-paragraph\">Outra frente do plano envolve o acompanhamento de fatores ambientais capazes de provocar impactos sobre a sa\u00fade. Entre as ferramentas previstas est\u00e3o o Painel Nacional de Excesso de Calor, a Vigil\u00e2ncia em Sa\u00fade de Popula\u00e7\u00f5es Expostas a Poluentes Atmosf\u00e9ricos (VigiAR) e o GeoRisk.<\/p>\n\n\n\n<p class=\"wp-block-paragraph\">Os Centros de Informa\u00e7\u00e3o em Sa\u00fade e Clima (CISC), atualmente em projeto-piloto em oito cidades distribu\u00eddas pelas cinco regi\u00f5es brasileiras, tamb\u00e9m fazem parte da estrat\u00e9gia.<\/p>\n\n\n\n<p class=\"wp-block-paragraph\">Sistemas de informa\u00e7\u00e3o como e-SUS Notifica, Sivep-Gripe e Sinan dever\u00e3o ser integrados para ampliar a capacidade de identifica\u00e7\u00e3o r\u00e1pida de surtos e outros problemas relacionados aos eventos clim\u00e1ticos.<\/p>\n\n\n\n<p class=\"wp-block-paragraph\">A preocupa\u00e7\u00e3o n\u00e3o se limita \u00e0s doen\u00e7as infecciosas. Per\u00edodos prolongados de calor podem aumentar o risco de desidrata\u00e7\u00e3o e sobrecarregar pessoas com problemas cardiovasculares, renais e respirat\u00f3rios. A combina\u00e7\u00e3o de temperaturas extremas, polui\u00e7\u00e3o atmosf\u00e9rica e queimadas tamb\u00e9m pode agravar quadros j\u00e1 existentes.<\/p>\n\n\n\n<h2 class=\"wp-block-heading\"><strong>Plano de adapta\u00e7\u00e3o prev\u00ea medidas at\u00e9 2035<\/strong><\/h2>\n\n\n\n<p class=\"wp-block-paragraph\">A prepara\u00e7\u00e3o para o pr\u00f3ximo El Ni\u00f1o faz parte de uma estrat\u00e9gia mais ampla do Minist\u00e9rio da Sa\u00fade. O governo mant\u00e9m o Plano Setorial de Adapta\u00e7\u00e3o \u00e0 Mudan\u00e7a do Clima, chamado AdaptaSUS, que estabelece 27 metas e 93 a\u00e7\u00f5es com horizonte at\u00e9 2035.<\/p>\n\n\n\n<p class=\"wp-block-paragraph\">Entre as iniciativas est\u00e1 o refor\u00e7o da seguran\u00e7a h\u00eddrica em regi\u00f5es vulner\u00e1veis \u00e0 seca e \u00e0 estiagem. A Funda\u00e7\u00e3o Nacional de Sa\u00fade (Funasa) contratou 18,8 mil cisternas destinadas a 397 munic\u00edpios de sete estados, com investimento de R$ 226,6 milh\u00f5es.<\/p>\n\n\n\n<p class=\"wp-block-paragraph\">O Minist\u00e9rio da Sa\u00fade tamb\u00e9m pretende publicar uma portaria para criar um painel de especialistas em clima e sa\u00fade. A proposta \u00e9 reunir conhecimento t\u00e9cnico para subsidiar decis\u00f5es de preven\u00e7\u00e3o e resposta aos impactos provocados por eventos clim\u00e1ticos extremos.<\/p>\n\n\n\n<p class=\"wp-block-paragraph\"><\/p>\n","protected":false},"excerpt":{"rendered":"<p>O avan\u00e7o do El Ni\u00f1o coloca o Brasil diante de um novo cen\u00e1rio de aten\u00e7\u00e3o para a sa\u00fade p\u00fablica. O fen\u00f4meno clim\u00e1tico, marcado pelo aquecimento anormal das \u00e1guas do Oceano Pac\u00edfico, est\u00e1 atualmente em n\u00edvel forte e, segundo a Administra\u00e7\u00e3o Nacional Oce\u00e2nica e Atmosf\u00e9rica (Noaa), dos Estados Unidos, pode atingir intensidade muito forte j\u00e1 em [&hellip;]<\/p>\n","protected":false},"author":9,"featured_media":38111,"comment_status":"closed","ping_status":"closed","sticky":false,"template":"","format":"standard","meta":{"jnews-multi-image_gallery":[],"jnews_single_post":{"format":"standard"},"jnews_primary_category":[],"jnews_social_meta":[],"jnews_post_split":[],"footnotes":""},"categories":[1],"tags":[],"class_list":["post-57410","post","type-post","status-publish","format-standard","has-post-thumbnail","hentry","category-geral"],"_referencia":"","_links":{"self":[{"href":"https:\/\/diariodocomercio.com.br\/mix\/wp-json\/wp\/v2\/posts\/57410","targetHints":{"allow":["GET"]}}],"collection":[{"href":"https:\/\/diariodocomercio.com.br\/mix\/wp-json\/wp\/v2\/posts"}],"about":[{"href":"https:\/\/diariodocomercio.com.br\/mix\/wp-json\/wp\/v2\/types\/post"}],"author":[{"embeddable":true,"href":"https:\/\/diariodocomercio.com.br\/mix\/wp-json\/wp\/v2\/users\/9"}],"replies":[{"embeddable":true,"href":"https:\/\/diariodocomercio.com.br\/mix\/wp-json\/wp\/v2\/comments?post=57410"}],"version-history":[{"count":1,"href":"https:\/\/diariodocomercio.com.br\/mix\/wp-json\/wp\/v2\/posts\/57410\/revisions"}],"predecessor-version":[{"id":57411,"href":"https:\/\/diariodocomercio.com.br\/mix\/wp-json\/wp\/v2\/posts\/57410\/revisions\/57411"}],"wp:featuredmedia":[{"embeddable":true,"href":"https:\/\/diariodocomercio.com.br\/mix\/wp-json\/wp\/v2\/media\/38111"}],"wp:attachment":[{"href":"https:\/\/diariodocomercio.com.br\/mix\/wp-json\/wp\/v2\/media?parent=57410"}],"wp:term":[{"taxonomy":"category","embeddable":true,"href":"https:\/\/diariodocomercio.com.br\/mix\/wp-json\/wp\/v2\/categories?post=57410"},{"taxonomy":"post_tag","embeddable":true,"href":"https:\/\/diariodocomercio.com.br\/mix\/wp-json\/wp\/v2\/tags?post=57410"}],"curies":[{"name":"wp","href":"https:\/\/api.w.org\/{rel}","templated":true}]}}