{"id":57423,"date":"2026-09-01T15:38:00","date_gmt":"2026-09-01T18:38:00","guid":{"rendered":"https:\/\/diariodocomercio.com.br\/mix\/?p=57423"},"modified":"2026-09-01T07:56:36","modified_gmt":"2026-09-01T10:56:36","slug":"pe-de-meia-para-brasileiros-acima-dos-50-anos-veja-como-funciona","status":"publish","type":"post","link":"https:\/\/diariodocomercio.com.br\/mix\/pe-de-meia-para-brasileiros-acima-dos-50-anos-veja-como-funciona\/","title":{"rendered":"P\u00e9-de-Meia para brasileiros acima dos 50 anos: veja como funciona"},"content":{"rendered":"\n<p class=\"wp-block-paragraph\">O chamado \u201cP\u00e9-de-Meia\u201d para brasileiros acima dos 50 anos n\u00e3o \u00e9 um programa governamental, mas uma estrat\u00e9gia de organiza\u00e7\u00e3o financeira para quem deseja construir uma reserva e chegar \u00e0 aposentadoria com maior seguran\u00e7a. Em uma fase da vida marcada por novas escolhas e maior expectativa de vida, come\u00e7ar a poupar ou investir pode fazer diferen\u00e7a mesmo para quem ainda n\u00e3o havia planejado o futuro.<\/p>\n\n\n\n<p class=\"wp-block-paragraph\">O cen\u00e1rio econ\u00f4mico refor\u00e7a a import\u00e2ncia desse planejamento. Segundo o estudo <strong>Brasil Prateado<\/strong>, da consultoria Data8, o consumo da popula\u00e7\u00e3o com mais de 50 anos movimentou R$ 1,8 trilh\u00e3o em 2024 e deve mais que dobrar at\u00e9 2044, alcan\u00e7ando R$ 3,8 trilh\u00f5es, o equivalente a 35% do Produto Interno Bruto (PIB).<\/p>\n\n\n\n<p class=\"wp-block-paragraph\">A chamada economia prateada re\u00fane justamente essa parcela da popula\u00e7\u00e3o, que permanece economicamente ativa por mais tempo e apresenta expectativa de vida maior. De acordo com o Instituto Brasileiro de Geografia e Estat\u00edstica (IBGE), a expectativa de vida do brasileiro chegou a 76,6 anos.<\/p>\n\n\n\n<h2 class=\"wp-block-heading\"><strong>Por que come\u00e7ar o \u201cP\u00e9-de-Meia\u201d depois dos 50?<\/strong><\/h2>\n\n\n\n<p class=\"wp-block-paragraph\">N\u00e3o existe uma idade espec\u00edfica para come\u00e7ar a organizar as finan\u00e7as para o futuro. Mesmo quem chega aos 50 anos sem uma reserva estruturada ainda pode rever o or\u00e7amento, estabelecer objetivos e direcionar parte da renda para investimentos de longo prazo.<\/p>\n\n\n\n<p class=\"wp-block-paragraph\">Um dos principais pontos de aten\u00e7\u00e3o est\u00e1 na aposentadoria. O estudo Brasil Prateado mostra que <strong>60% dos entrevistados pretendem depender do INSS para se sustentar quando deixarem o mercado de trabalho<\/strong>. O problema \u00e9 que grande parte dessas pessoas n\u00e3o sabe exatamente qual ser\u00e1 o valor do benef\u00edcio que receber\u00e1.<\/p>\n\n\n\n<p class=\"wp-block-paragraph\">Por isso, o planejamento pode envolver n\u00e3o apenas a Previd\u00eancia Social, mas tamb\u00e9m outras fontes de renda. A ideia \u00e9 evitar que toda a seguran\u00e7a financeira fique concentrada em uma \u00fanica alternativa.<\/p>\n\n\n\n<h2 class=\"wp-block-heading\"><strong>Brasileiros est\u00e3o diversificando mais os investimentos<\/strong><\/h2>\n\n\n\n<p class=\"wp-block-paragraph\">Os h\u00e1bitos financeiros dessa faixa et\u00e1ria tamb\u00e9m passaram por mudan\u00e7as nos \u00faltimos anos. A poupan\u00e7a, que concentrava 63% das aplica\u00e7\u00f5es mencionadas pelos entrevistados em 2021, caiu para 39% em 2026.<\/p>\n\n\n\n<p class=\"wp-block-paragraph\">Ao mesmo tempo, outras modalidades ganharam espa\u00e7o. A parcela que declarou possuir investimentos em renda fixa e fundos multimercado passou de 7% para 21%. As a\u00e7\u00f5es avan\u00e7aram de 1% para 12%, enquanto a previd\u00eancia privada passou de 5% para 16%.<\/p>\n\n\n\n<p class=\"wp-block-paragraph\">Os percentuais n\u00e3o totalizam 100% porque os participantes podiam indicar mais de uma alternativa presente em suas carteiras.<\/p>\n\n\n\n<p class=\"wp-block-paragraph\">A diversifica\u00e7\u00e3o pode ajudar a reduzir a depend\u00eancia de um \u00fanico investimento e distribuir os riscos. Entre as possibilidades est\u00e3o a\u00e7\u00f5es, fundos imobili\u00e1rios, t\u00edtulos p\u00fablicos e privados e planos de previd\u00eancia privada, sempre considerando o perfil e os objetivos de cada pessoa.<\/p>\n\n\n\n<h2 class=\"wp-block-heading\"><strong>Como montar uma reserva depois dos 50 anos<\/strong><\/h2>\n\n\n\n<p class=\"wp-block-paragraph\">Para quem ainda n\u00e3o come\u00e7ou a guardar dinheiro, o primeiro passo \u00e9 estabelecer uma parcela dos rendimentos destinada ao futuro. O valor pode ser direcionado regularmente para uma reserva de aposentadoria ou para outros objetivos de longo prazo.<\/p>\n\n\n\n<p class=\"wp-block-paragraph\">Tamb\u00e9m \u00e9 importante acompanhar o desempenho das aplica\u00e7\u00f5es e fazer ajustes quando necess\u00e1rio. Aportes mensais, mesmo que n\u00e3o sejam elevados, podem contribuir para a forma\u00e7\u00e3o gradual de patrim\u00f4nio.<\/p>\n\n\n\n<p class=\"wp-block-paragraph\">Com a proximidade da aposentadoria, outra preocupa\u00e7\u00e3o passa a ser a redu\u00e7\u00e3o da exposi\u00e7\u00e3o a investimentos mais vol\u00e1teis. Nesse momento, o planejamento da transi\u00e7\u00e3o pode considerar alternativas potencialmente mais previs\u00edveis, sem abandonar completamente a busca por rentabilidade.<\/p>\n\n\n\n<p class=\"wp-block-paragraph\">A previd\u00eancia privada tamb\u00e9m pode funcionar como complemento ao INSS, especialmente para quem pretende construir uma fonte adicional de renda no futuro.<\/p>\n\n\n\n<p class=\"wp-block-paragraph\"><\/p>\n","protected":false},"excerpt":{"rendered":"<p>O chamado \u201cP\u00e9-de-Meia\u201d para brasileiros acima dos 50 anos n\u00e3o \u00e9 um programa governamental, mas uma estrat\u00e9gia de organiza\u00e7\u00e3o financeira para quem deseja construir uma reserva e chegar \u00e0 aposentadoria com maior seguran\u00e7a. Em uma fase da vida marcada por novas escolhas e maior expectativa de vida, come\u00e7ar a poupar ou investir pode fazer diferen\u00e7a [&hellip;]<\/p>\n","protected":false},"author":9,"featured_media":5571,"comment_status":"closed","ping_status":"closed","sticky":false,"template":"","format":"standard","meta":{"jnews-multi-image_gallery":[],"jnews_single_post":{"format":"standard"},"jnews_primary_category":[],"jnews_social_meta":[],"jnews_post_split":[],"footnotes":""},"categories":[1],"tags":[],"class_list":["post-57423","post","type-post","status-publish","format-standard","has-post-thumbnail","hentry","category-geral"],"_referencia":"","_links":{"self":[{"href":"https:\/\/diariodocomercio.com.br\/mix\/wp-json\/wp\/v2\/posts\/57423","targetHints":{"allow":["GET"]}}],"collection":[{"href":"https:\/\/diariodocomercio.com.br\/mix\/wp-json\/wp\/v2\/posts"}],"about":[{"href":"https:\/\/diariodocomercio.com.br\/mix\/wp-json\/wp\/v2\/types\/post"}],"author":[{"embeddable":true,"href":"https:\/\/diariodocomercio.com.br\/mix\/wp-json\/wp\/v2\/users\/9"}],"replies":[{"embeddable":true,"href":"https:\/\/diariodocomercio.com.br\/mix\/wp-json\/wp\/v2\/comments?post=57423"}],"version-history":[{"count":2,"href":"https:\/\/diariodocomercio.com.br\/mix\/wp-json\/wp\/v2\/posts\/57423\/revisions"}],"predecessor-version":[{"id":57425,"href":"https:\/\/diariodocomercio.com.br\/mix\/wp-json\/wp\/v2\/posts\/57423\/revisions\/57425"}],"wp:featuredmedia":[{"embeddable":true,"href":"https:\/\/diariodocomercio.com.br\/mix\/wp-json\/wp\/v2\/media\/5571"}],"wp:attachment":[{"href":"https:\/\/diariodocomercio.com.br\/mix\/wp-json\/wp\/v2\/media?parent=57423"}],"wp:term":[{"taxonomy":"category","embeddable":true,"href":"https:\/\/diariodocomercio.com.br\/mix\/wp-json\/wp\/v2\/categories?post=57423"},{"taxonomy":"post_tag","embeddable":true,"href":"https:\/\/diariodocomercio.com.br\/mix\/wp-json\/wp\/v2\/tags?post=57423"}],"curies":[{"name":"wp","href":"https:\/\/api.w.org\/{rel}","templated":true}]}}