{"id":57426,"date":"2026-09-01T18:34:00","date_gmt":"2026-09-01T21:34:00","guid":{"rendered":"https:\/\/diariodocomercio.com.br\/mix\/?p=57426"},"modified":"2026-09-01T08:01:08","modified_gmt":"2026-09-01T11:01:08","slug":"flamengo-vende-jogador-que-fez-historia-e-arrascaeta-passa-por-despedida-no-ninho-do-urubu","status":"publish","type":"post","link":"https:\/\/diariodocomercio.com.br\/mix\/flamengo-vende-jogador-que-fez-historia-e-arrascaeta-passa-por-despedida-no-ninho-do-urubu\/","title":{"rendered":"Flamengo vende jogador que fez hist\u00f3ria e Arrascaeta passa por despedida no Ninho do Urubu"},"content":{"rendered":"\n<p class=\"wp-block-paragraph\">O Flamengo oficializou a sa\u00edda do atacante Gonzalo Plata, que deixou o Rio de Janeiro rumo \u00e0 R\u00fassia ap\u00f3s o acerto de sua transfer\u00eancia para o D\u00ednamo de Moscou. A negocia\u00e7\u00e3o foi conclu\u00edda por 12 milh\u00f5es de euros, cerca de R$ 72 milh\u00f5es, e encerra a passagem do equatoriano pelo clube ap\u00f3s uma trajet\u00f3ria marcada por t\u00edtulos e participa\u00e7\u00e3o em momentos importantes da equipe.<\/p>\n\n\n\n<p class=\"wp-block-paragraph\">Antes de embarcar, Plata utilizou as redes sociais para se despedir da torcida rubro-negra e recordar as conquistas obtidas durante sua passagem pelo Flamengo. O atacante tamb\u00e9m precisou se despedir dos companheiros no Ninho do Urubu, entre eles o uruguaio Giorgian De Arrascaeta, que acompanhou a sa\u00edda do jogador.<\/p>\n\n\n\n<p class=\"wp-block-paragraph\">Contratado pelo Flamengo, Gonzalo Plata disputou 100 partidas com a camisa rubro-negra, marcou nove gols e participou da conquista de oito t\u00edtulos. A sa\u00edda, por\u00e9m, n\u00e3o estava inicialmente nos planos da diretoria.<\/p>\n\n\n<div class=\"wp-block-image\">\n<figure class=\"aligncenter size-full\"><img decoding=\"async\" width=\"678\" height=\"452\" src=\"https:\/\/diariodocomercio.com.br\/mix\/wp-content\/uploads\/2026\/09\/images-39.jpg\" alt=\"\" class=\"wp-image-57427\" srcset=\"https:\/\/diariodocomercio.com.br\/mix\/wp-content\/uploads\/2026\/09\/images-39.jpg 678w, https:\/\/diariodocomercio.com.br\/mix\/wp-content\/uploads\/2026\/09\/images-39-300x200.jpg 300w, https:\/\/diariodocomercio.com.br\/mix\/wp-content\/uploads\/2026\/09\/images-39-150x100.jpg 150w\" sizes=\"(max-width: 678px) 100vw, 678px\" \/><figcaption class=\"wp-element-caption\">Foto: (Reprodu\u00e7\u00e3o\/Flamengo)<\/figcaption><\/figure>\n<\/div>\n\n\n<p class=\"wp-block-paragraph\">O clube n\u00e3o demonstrava interesse em negociar o atacante, que vinha recebendo espa\u00e7o e atuando como titular sob o comando de Leonardo Jardim. A situa\u00e7\u00e3o mudou depois que o pr\u00f3prio jogador manifestou o desejo de buscar uma transfer\u00eancia. Diante da vontade do equatoriano e da proposta apresentada pelo D\u00ednamo de Moscou, o Flamengo decidiu n\u00e3o impedir a negocia\u00e7\u00e3o.<\/p>\n\n\n\n<p class=\"wp-block-paragraph\">Plata chegou \u00e0 R\u00fassia neste domingo (30) e recebeu uma recep\u00e7\u00e3o especial no aeroporto da capital. O novo clube preparou um <strong>karavai<\/strong>, tradicional p\u00e3o utilizado em cerim\u00f4nias de boas-vindas, para marcar a chegada do jogador.<\/p>\n\n\n\n<p class=\"wp-block-paragraph\">A transfer\u00eancia representa uma importante movimenta\u00e7\u00e3o financeira para o Flamengo, mas tamb\u00e9m deixa uma posi\u00e7\u00e3o carente no elenco justamente em um momento de calend\u00e1rio intenso.<\/p>\n\n\n\n<h2 class=\"wp-block-heading\"><strong>Flamengo busca substituto no mercado<\/strong><\/h2>\n\n\n\n<p class=\"wp-block-paragraph\">A diretoria rubro-negra agiu rapidamente para encontrar uma alternativa \u00e0 sa\u00edda de Plata. O escolhido foi outro jogador do Equador: Anthony Valencia, de 23 anos, que desembarcou no Rio de Janeiro neste domingo (30) e ficou pr\u00f3ximo de ser anunciado oficialmente como novo refor\u00e7o.<\/p>\n\n\n\n<p class=\"wp-block-paragraph\">O atacante chega ao Flamengo depois de uma temporada de destaque pelo Royal Antwerp, da B\u00e9lgica. Ao longo da temporada, Valencia participou diretamente de 20 gols, sendo 13 marcados por ele e outros sete em assist\u00eancias.<\/p>\n\n\n\n<p class=\"wp-block-paragraph\">O desempenho tamb\u00e9m ajudou o jogador a ganhar espa\u00e7o na sele\u00e7\u00e3o equatoriana e contribuiu para sua convoca\u00e7\u00e3o para a Copa do Mundo de 2026.<\/p>\n\n\n\n<h2 class=\"wp-block-heading\"><strong>Corrida contra o tempo pela Libertadores<\/strong><\/h2>\n\n\n\n<p class=\"wp-block-paragraph\">A chegada de Valencia acontece em um per\u00edodo decisivo para o Flamengo. O clube mant\u00e9m compromissos pelo calend\u00e1rio nacional e, ao mesmo tempo, precisa definir rapidamente os jogadores que estar\u00e3o dispon\u00edveis na pr\u00f3xima fase da Libertadores.<\/p>\n\n\n\n<p class=\"wp-block-paragraph\">Embora a janela de transfer\u00eancias brasileira permane\u00e7a aberta at\u00e9 11 de setembro, o Flamengo tem um prazo anterior para registrar seus refor\u00e7os na competi\u00e7\u00e3o continental. A data estabelecida pela Conmebol para a inscri\u00e7\u00e3o \u00e9 <strong>4 de setembro<\/strong>.<\/p>\n\n\n\n<p class=\"wp-block-paragraph\"><\/p>\n","protected":false},"excerpt":{"rendered":"<p>O Flamengo oficializou a sa\u00edda do atacante Gonzalo Plata, que deixou o Rio de Janeiro rumo \u00e0 R\u00fassia ap\u00f3s o acerto de sua transfer\u00eancia para o D\u00ednamo de Moscou. A negocia\u00e7\u00e3o foi conclu\u00edda por 12 milh\u00f5es de euros, cerca de R$ 72 milh\u00f5es, e encerra a passagem do equatoriano pelo clube ap\u00f3s uma trajet\u00f3ria marcada [&hellip;]<\/p>\n","protected":false},"author":9,"featured_media":51706,"comment_status":"closed","ping_status":"closed","sticky":false,"template":"","format":"standard","meta":{"jnews-multi-image_gallery":[],"jnews_single_post":{"format":"standard"},"jnews_primary_category":[],"jnews_social_meta":[],"jnews_post_split":[],"footnotes":""},"categories":[1],"tags":[],"class_list":["post-57426","post","type-post","status-publish","format-standard","has-post-thumbnail","hentry","category-geral"],"_referencia":"","_links":{"self":[{"href":"https:\/\/diariodocomercio.com.br\/mix\/wp-json\/wp\/v2\/posts\/57426","targetHints":{"allow":["GET"]}}],"collection":[{"href":"https:\/\/diariodocomercio.com.br\/mix\/wp-json\/wp\/v2\/posts"}],"about":[{"href":"https:\/\/diariodocomercio.com.br\/mix\/wp-json\/wp\/v2\/types\/post"}],"author":[{"embeddable":true,"href":"https:\/\/diariodocomercio.com.br\/mix\/wp-json\/wp\/v2\/users\/9"}],"replies":[{"embeddable":true,"href":"https:\/\/diariodocomercio.com.br\/mix\/wp-json\/wp\/v2\/comments?post=57426"}],"version-history":[{"count":1,"href":"https:\/\/diariodocomercio.com.br\/mix\/wp-json\/wp\/v2\/posts\/57426\/revisions"}],"predecessor-version":[{"id":57428,"href":"https:\/\/diariodocomercio.com.br\/mix\/wp-json\/wp\/v2\/posts\/57426\/revisions\/57428"}],"wp:featuredmedia":[{"embeddable":true,"href":"https:\/\/diariodocomercio.com.br\/mix\/wp-json\/wp\/v2\/media\/51706"}],"wp:attachment":[{"href":"https:\/\/diariodocomercio.com.br\/mix\/wp-json\/wp\/v2\/media?parent=57426"}],"wp:term":[{"taxonomy":"category","embeddable":true,"href":"https:\/\/diariodocomercio.com.br\/mix\/wp-json\/wp\/v2\/categories?post=57426"},{"taxonomy":"post_tag","embeddable":true,"href":"https:\/\/diariodocomercio.com.br\/mix\/wp-json\/wp\/v2\/tags?post=57426"}],"curies":[{"name":"wp","href":"https:\/\/api.w.org\/{rel}","templated":true}]}}