{"id":57444,"date":"2026-09-06T18:35:00","date_gmt":"2026-09-06T21:35:00","guid":{"rendered":"https:\/\/diariodocomercio.com.br\/mix\/?p=57444"},"modified":"2026-09-01T11:25:26","modified_gmt":"2026-09-01T14:25:26","slug":"filhos-de-vitimas-de-feminicidio-podem-dividir-r-1-621-por-mes-ate-os-18-anos-mesmo-se-o-crime-ocorreu-antes-da-lei","status":"publish","type":"post","link":"https:\/\/diariodocomercio.com.br\/mix\/filhos-de-vitimas-de-feminicidio-podem-dividir-r-1-621-por-mes-ate-os-18-anos-mesmo-se-o-crime-ocorreu-antes-da-lei\/","title":{"rendered":"Filhos de v\u00edtimas de feminic\u00eddio podem dividir R$ 1.621 por m\u00eas at\u00e9 os 18 anos, mesmo se o crime ocorreu antes da lei"},"content":{"rendered":"\n<p class=\"wp-block-paragraph\">Em maio deste ano, o Instituto Nacional do Seguro Social (INSS) publicou a Portaria PRES\/INSS n\u00ba 1.961, que disp\u00f5e sobre a pens\u00e3o especial aos filhos e dependentes de mulheres v\u00edtimas de feminic\u00eddio*. A portaria estabelece como funciona a concess\u00e3o desse benef\u00edcio, que \u00e9 de um sal\u00e1rio m\u00ednimo (R$ 1.621 em 2026).<\/p>\n\n\n\n<p class=\"wp-block-paragraph\">*<em>&#8220;A regra tamb\u00e9m se aplica aos filhos e dependentes de mulheres transg\u00eanero, desde que o crime seja caracterizado como feminic\u00eddio&#8221;<\/em>, pontua comunicado do INSS. <\/p>\n\n\n\n<p class=\"wp-block-paragraph\">Segundo o INSS, t\u00eam direito ao benef\u00edcio n\u00e3o apenas filhos biol\u00f3gicos, mas tamb\u00e9m enteados, menores sob guarda e tutelados que comprovem que dependiam financeira da v\u00edtima do crime. Tamb\u00e9m h\u00e1 o crit\u00e9rio socioecon\u00f4mico: a renda familiar dessas pessoas deve ser de at\u00e9 um quarto do sal\u00e1rio m\u00ednimo (R$ 405,25 atualmente).<\/p>\n\n\n\n<p class=\"wp-block-paragraph\">Um ponto importante, que j\u00e1 citamos no t\u00edtulo, \u00e9 que o benef\u00edcio pode ser requerido mesmo em casos em que o crime de feminic\u00eddio tenha acontecido antes da publica\u00e7\u00e3o da norma, mas o pagamento \u00e9 devido a partir apenas da data do pedido junto ao INSS. <\/p>\n\n\n\n<h2 class=\"wp-block-heading\">Como solicitar o benef\u00edcio do INSS:<\/h2>\n\n\n\n<p class=\"wp-block-paragraph\">Para solicitar a pens\u00e3o por meio do site ou do aplicativo do Meu INSS ou pelo telefone 135, o representante legal* do menor dependente deve apresentar:<\/p>\n\n\n\n<ul class=\"wp-block-list\">\n<li>documentos pessoais do dependente, como RG e CPF; <\/li>\n\n\n\n<li>inscri\u00e7\u00e3o atualizada no Cad\u00danico;<\/li>\n\n\n\n<li>documento que comprove a rela\u00e7\u00e3o do fato com o crime de feminic\u00eddio, como auto de pris\u00e3o em flagrante, inqu\u00e9rito policial, den\u00fancia do Minist\u00e9rio P\u00fablico, pris\u00e3o preventiva ou decis\u00e3o judicial.<\/li>\n<\/ul>\n\n\n\n<p class=\"wp-block-paragraph\">*O autor, coautor ou part\u00edcipe do crime de feminic\u00eddio n\u00e3o pode representar legalmente o menor na hora de solicitar o benef\u00edcio. Nesses casos, a representa\u00e7\u00e3o pode ser feita pelo dirigente da institui\u00e7\u00e3o.<\/p>\n\n\n<style>@media (min-width: 992px) {\n    .recomendadorV2Area1 {\n        width: 280px;\n    }\n    .recomendadorV2Area2 {\n        padding: 0px 20px;\n        width: calc(100% - 280px);\n    }\n}\n\n@media (max-width: 992px) {\n    .recomendadorV2Button {\n        margin: 0 auto;\n    }\n    .recomendadorV2Area {\n        flex-direction: column;\n        text-align: center;\n    }\n    .recomendadorV2Area2 {\n        padding: 0px 20px;\n    }\n}\n\n.recomendadorV2Area {\n    background: #eeeeee3d;\n    border-radius: 10px;\n    padding: 15px;\n    display: flex;\n    margin: 15px auto;\n    border: 1px solid #00000014;\n    max-width: 800px;\n}\n\n.recomendadorV2Area1 img {\n    width: 280px;\n    height: auto;\n    border-radius: 8px;\n}\n\n.linkrecomendadorv2 {\n    text-decoration: none !important;\n}\n\n.recomendadorV2Area2 .recomendadorV2Type {\n    text-transform: uppercase;\n    font-weight: 500;\n    font-size: 11px;\n    letter-spacing: 2px;\n    color: #666;\n    margin: 12px 0;\n    display: block;\n}\n\n.recomendadorV2Title h2 {\n    padding-top: 0px !important;\n    margin: 0px !important;\n    border-left: none !important;\n    padding-left: 0px !important;\n    line-height: 1.3;\n    color: #000 !important;\n    font-size: 24px;\n    margin-bottom: 12px !important;\n}\n\n.recomendadorV2Desc {\n    color: #333;\n    margin: 12px 0px !important;\n    font-size: 15px;\n    line-height: 1.5;\n}\n\n.recomendadorV2Button {\n    width: auto;\n    max-width: 200px;\n    margin: 0;\n    display: inline-flex;\n    align-items: center;\n    background: #1D3557;\n    border-radius: 8px;\n    color: #fff;\n    height: 36px;\n    justify-content: center;\n    text-align: center;\n    font-size: 14px;\n    padding: 0 20px;\n    transition: background-color 0.2s ease;\n}\n\n.recomendadorV2Button:hover {\n    background: #2a4d7a;\n}\n\n.recomendadorV2Button:after {\n    margin-top: -2px;\n    content: \"\u2192\";\n    padding: 0px 0px 0px 8px;\n}\n\n.recomendadorV2Alert {\n    text-align: left;\n    font-size: 11px;\n    margin-top: 8px;\n    color: #666;\n}\n\n.recomendadorFixedArea {\n    width: 100%;\n    display: flex;\n    justify-content: center;\n    align-items: center;\n}\n\n@media (min-width: 992px) {\n    #recomendadorFixed {\n        width: 32% !important;\n        left: 5%;\n    }\n    .recomendadorCloseFixed{\n        right: inherit !important;\n        left: 378px !important;\n    }\n}\n\n#recomendadorFixed {\n    width: 90%;\n    box-shadow: 0 10px 20px 0px #00000057;\n    display: none;\n    height: 90px;\n    background: #F6F6F6;\n    position: fixed;\n    flex-direction: row;\n    bottom: 10px;\n    z-index: 9999;\n    border-radius: 16px;\n    padding: 7px 10px;\n}\n\n.recomendadorLeftArea {\n    width: 160px;\n}\n\n.recomendadorRightArea h2 {\n    padding-top: 0px;\n    margin: 2px 0px 4px 0px !important;\n    font-weight: 400;\n    text-align: center;\n    padding-left: 0px !important;\n    color: #000 !important;\n    border-left: none !important;\n    line-height: 20px;\n    font-size: 12px !important;\n}\n\n.recomendadorImgFixed {\n    overflow: hidden;\n    padding: 8px 6px;\n    height: 100%;\n}\n\n.recomendadorImgFixed img {\n    height: 100% !important;\n    border-radius: 16px;\n}\n\n.recomendadorRightArea {\n    padding-top: 6px;\n    display: flex;\n    width: calc(100% - 130px);\n    justify-content: space-between;\n    align-items: center;\n    flex-direction: column;\n}\n\n.recomendadorButtonFixed {\n    margin: 0 auto;\n    background: #1D3557;\n    width: 80%;\n    text-align: center;\n    font-size: 10px;\n    color: #FFF;\n    padding: 2px 10px;\n    border-radius: 3px;\n}\n\n.recomendadorButtonFixed:after {\n    margin-top: -3px;\n    content: \"\u2192\";\n    padding: 0px 0px 0px 10px;\n}\n\n.recomendadorAlertFixed {\n    font-weight: 400;\n    text-align: center;\n    color: #484848;\n    font-size: 8px;\n}\n\n.recomendadorCloseFixed {\n    z-index: 99999;\n    display: none;\n    right: 0px;\n    left: inherit;\n    bottom: 99px;\n    position: fixed;\n    justify-content: center;\n    background: #F6F6F6;\n    width: 25px;\n    align-items: center;\n    height: 25px;\n    font-weight: 800;\n    border-radius: 50%;\n    border: 1px solid #EBEBEB;\n}\n\n.recomendadorV2Desc{\n    color: #000000;\n    margin: 20px 0px;\n}\n\n@media (max-width: 576px) {\n    .recomendadorV2Area {\n      padding: 10px;\n      max-width: 100%;\n    }\n  \n    .recomendadorV2Area1 img {\n      width: 100%;\n      border-radius: 6px;\n    }\n  \n    .recomendadorV2Area2 .recomendadorV2Type {\n      font-size: 9px;\n      letter-spacing: 1px;\n      margin: 8px 0;\n    }\n  \n    .recomendadorV2Title h2 {\n      font-size: 18px !important;\n      margin-bottom: 8px !important;\n      line-height: 1.2;\n    }\n  \n    .recomendadorV2Desc {\n      font-size: 14px;\n      margin: 8px 0 !important;\n      line-height: 1.4;\n    }\n  \n    .recomendadorV2Button {\n      font-size: 14px;\n      height: 40px;\n      padding: 0 12px;\n      max-width: 100%;\n      width: 100%;\n    }\n  \n    .recomendadorV2Button:after {\n      padding-left: 6px;\n    }\n  }\n  <\/style>\n        <div class=\"lazyblock-recomendador-v2-2jDGz wp-block-lazyblock-recomendador-v2\">\n        <a class=\"linkrecomendadorv2\" href=\"https:\/\/diariodocomercio.com.br\/mix\/governo-anuncia-nova-regra-de-biometria-facial-para-quem-vai-viajar-de-aviao-em-2026\/%20\">\n            <div class=\"recomendadorV2Area\">\n            <div class=\"recomendadorV2Area1\">\n                <div class=\"recomendadorV2Img\">\n                <img width=\"768\" height=\"346\" src=\"https:\/\/diariodocomercio.com.br\/mix\/wp-content\/uploads\/2026\/04\/biometria-facial-768x346.jpg\" class=\"lazyloaded\" alt=\"\" sizes=\"auto, (min-width: 577px) 280px, calc(100vw - 20px)\" decoding=\"async\" loading=\"lazy\" srcset=\"https:\/\/diariodocomercio.com.br\/mix\/wp-content\/uploads\/2026\/04\/biometria-facial-768x346.jpg 768w, https:\/\/diariodocomercio.com.br\/mix\/wp-content\/uploads\/2026\/04\/biometria-facial-300x135.jpg 300w, https:\/\/diariodocomercio.com.br\/mix\/wp-content\/uploads\/2026\/04\/biometria-facial-150x68.jpg 150w, https:\/\/diariodocomercio.com.br\/mix\/wp-content\/uploads\/2026\/04\/biometria-facial-750x338.jpg 750w, https:\/\/diariodocomercio.com.br\/mix\/wp-content\/uploads\/2026\/04\/biometria-facial-1140x513.jpg 1140w, https:\/\/diariodocomercio.com.br\/mix\/wp-content\/uploads\/2026\/04\/biometria-facial.jpg 1200w\" \/>\n                <\/div>\n            <\/div>\n            <div class=\"recomendadorV2Area2\">\n                <div class=\"recomendadorV2Type\">\n                    <span>GOVERNO t\u00edtulo=Governo anuncia nova regra de biometria facial para quem vai viajar de avi\u00e3o em 2026 <\/span>\n                <\/div>\n                <div class=\"recomendadorV2Title\">\n                <h2><span><\/span><\/h2>\n                <\/div>\n                <div class=\"recomendadorV2Desc\">\n                <span>Na \u00faltima segunda-feira (31\/8), o Minist\u00e9rio de Portos e Aeroportos instituiu a Pol\u00edtica Nacional Setorial de Identifica\u00e7\u00e3o Biom\u00e9trica, para modernizar \u2026 <\/span>\n                <\/div>\n                <div class=\"recomendadorV2Button\">Leia mais <\/div>\n                <div class=\"recomendadorV2Alert\"><\/div>\n            <\/div>\n            <\/div>\n        <\/a>\n        <div>\n            <div style=\"z-index:99999;\" id=\"buttonClose\" onclick=\"closeRecomendadorFixed()\">\n            <div class=\"recomendadorCloseFixed\">X<\/div>\n            <\/div>\n            <a href=\"https:\/\/diariodocomercio.com.br\/mix\/governo-anuncia-nova-regra-de-biometria-facial-para-quem-vai-viajar-de-aviao-em-2026\/%20\">\n            <div class=\"recomendadorFixedArea\">\n                <div id=\"recomendadorFixed\">\n                <div class=\"recomendadorLeftArea\">\n                    <div class=\"recomendadorImgFixed\">\n                    <img width=\"300\" height=\"135\" src=\"https:\/\/diariodocomercio.com.br\/mix\/wp-content\/uploads\/2026\/04\/biometria-facial-300x135.jpg\" class=\"lazyload\" alt=\"\" sizes=\"auto, 160px\" decoding=\"async\" loading=\"lazy\" srcset=\"https:\/\/diariodocomercio.com.br\/mix\/wp-content\/uploads\/2026\/04\/biometria-facial-300x135.jpg 300w, https:\/\/diariodocomercio.com.br\/mix\/wp-content\/uploads\/2026\/04\/biometria-facial-768x346.jpg 768w, https:\/\/diariodocomercio.com.br\/mix\/wp-content\/uploads\/2026\/04\/biometria-facial-150x68.jpg 150w, https:\/\/diariodocomercio.com.br\/mix\/wp-content\/uploads\/2026\/04\/biometria-facial-750x338.jpg 750w, https:\/\/diariodocomercio.com.br\/mix\/wp-content\/uploads\/2026\/04\/biometria-facial-1140x513.jpg 1140w, https:\/\/diariodocomercio.com.br\/mix\/wp-content\/uploads\/2026\/04\/biometria-facial.jpg 1200w\" \/>\n                    <\/div>\n                <\/div>\n                <div class=\"recomendadorRightArea\">\n                    <div class=\"recomendadorTitleFixed\">\n                    <h2><span><\/span><\/h2>\n                    <\/div>\n                    <div class=\"recomendadorButtonFixed\">Leia mais <\/div>\n                    <div class=\"recomendadorAlertFixed\"><\/div>\n                <\/div>\n                <\/div>\n            <\/div>\n            <\/a>\n        <\/div>\n        <\/div>\n","protected":false},"excerpt":{"rendered":"<p>Em maio deste ano, o Instituto Nacional do Seguro Social (INSS) publicou a Portaria PRES\/INSS n\u00ba 1.961, que disp\u00f5e sobre a pens\u00e3o especial aos filhos e dependentes de mulheres v\u00edtimas de feminic\u00eddio*. A portaria estabelece como funciona a concess\u00e3o desse benef\u00edcio, que \u00e9 de um sal\u00e1rio m\u00ednimo (R$ 1.621 em 2026). *&#8220;A regra tamb\u00e9m se [&hellip;]<\/p>\n","protected":false},"author":6,"featured_media":40366,"comment_status":"closed","ping_status":"closed","sticky":false,"template":"","format":"standard","meta":{"jnews-multi-image_gallery":[],"jnews_single_post":{"format":"standard"},"jnews_primary_category":[],"jnews_social_meta":[],"jnews_post_split":[],"footnotes":""},"categories":[1],"tags":[],"class_list":["post-57444","post","type-post","status-publish","format-standard","has-post-thumbnail","hentry","category-geral"],"_referencia":"","_links":{"self":[{"href":"https:\/\/diariodocomercio.com.br\/mix\/wp-json\/wp\/v2\/posts\/57444","targetHints":{"allow":["GET"]}}],"collection":[{"href":"https:\/\/diariodocomercio.com.br\/mix\/wp-json\/wp\/v2\/posts"}],"about":[{"href":"https:\/\/diariodocomercio.com.br\/mix\/wp-json\/wp\/v2\/types\/post"}],"author":[{"embeddable":true,"href":"https:\/\/diariodocomercio.com.br\/mix\/wp-json\/wp\/v2\/users\/6"}],"replies":[{"embeddable":true,"href":"https:\/\/diariodocomercio.com.br\/mix\/wp-json\/wp\/v2\/comments?post=57444"}],"version-history":[{"count":1,"href":"https:\/\/diariodocomercio.com.br\/mix\/wp-json\/wp\/v2\/posts\/57444\/revisions"}],"predecessor-version":[{"id":57445,"href":"https:\/\/diariodocomercio.com.br\/mix\/wp-json\/wp\/v2\/posts\/57444\/revisions\/57445"}],"wp:featuredmedia":[{"embeddable":true,"href":"https:\/\/diariodocomercio.com.br\/mix\/wp-json\/wp\/v2\/media\/40366"}],"wp:attachment":[{"href":"https:\/\/diariodocomercio.com.br\/mix\/wp-json\/wp\/v2\/media?parent=57444"}],"wp:term":[{"taxonomy":"category","embeddable":true,"href":"https:\/\/diariodocomercio.com.br\/mix\/wp-json\/wp\/v2\/categories?post=57444"},{"taxonomy":"post_tag","embeddable":true,"href":"https:\/\/diariodocomercio.com.br\/mix\/wp-json\/wp\/v2\/tags?post=57444"}],"curies":[{"name":"wp","href":"https:\/\/api.w.org\/{rel}","templated":true}]}}