{"id":57467,"date":"2026-09-02T06:23:00","date_gmt":"2026-09-02T09:23:00","guid":{"rendered":"https:\/\/diariodocomercio.com.br\/mix\/?p=57467"},"modified":"2026-09-01T19:31:03","modified_gmt":"2026-09-01T22:31:03","slug":"trabalhadores-recebem-alerta-sobre-atitude-no-whatsapp-que-pode-causar-demissao-por-justa-causa","status":"publish","type":"post","link":"https:\/\/diariodocomercio.com.br\/mix\/trabalhadores-recebem-alerta-sobre-atitude-no-whatsapp-que-pode-causar-demissao-por-justa-causa\/","title":{"rendered":"Trabalhadores recebem alerta sobre atitude no WhatsApp que pode causar demiss\u00e3o por justa causa"},"content":{"rendered":"\n<p class=\"wp-block-paragraph\">J\u00e1 imaginou acabar sofrendo uma demiss\u00e3o por justa causa porque voc\u00ea postou um status no seu WhatsApp? \u00c9 isso que aconteceu com um trabalhor de Belo Horizonte, capital de Minas Gerais. Mas calma: n\u00e3o precisa sair correndo para apagar todos os seus status. A situa\u00e7\u00e3o desse trabalhador \u00e9 bem espec\u00edfica e \u00e9 bem f\u00e1cil de entender porque o post dele acabou em demiss\u00e3o&#8230;<\/p>\n\n\n\n<h2 class=\"wp-block-heading\">Como um status de WhatsApp terminou em demiss\u00e3o<\/h2>\n\n\n\n<p class=\"wp-block-paragraph\">O motivo pelo qual esse status rendeu demiss\u00e3o \u00e9 porque o homem publicou uma imagem em que aparecia em uma motocicleta, pronto para trabalhar. <em>&#8220;E o que tem de errado com isso?&#8221;<\/em>, voc\u00ea provavelmente est\u00e1 se perguntando&#8230; ent\u00e3o, a quest\u00e3o \u00e9 que ele fez esse post justamente em um per\u00edodo em que estava afastado por licen\u00e7a m\u00e9dica do trabalho. Pois \u00e9, em pleno afastamento m\u00e9dico ele estava trabalhando para outra empresa ou pessoa, provavelmente tentando ganhar um dinheirinho extra.  <\/p>\n\n\n\n<p class=\"wp-block-paragraph\">De acordo com o Carta Capital, a companhia em que ele trabalhava, do ramo varejista de cosm\u00e9ticos e higiene pessoal, o funcion\u00e1rio estava afastado no dia por atestado m\u00e9dico, devido a diarreia e gastroenterite. <\/p>\n\n\n\n<p class=\"wp-block-paragraph\">A Nona Turma do Tribunal Regional do Trabalho de Minas manteve a demiss\u00e3o por justa causa desse trabalhador. No entendimento do TRT, essa \u00e9 uma falta &#8220;grave&#8221;, revelando &#8220;m\u00e1 f\u00e9&#8221; do funcion\u00e1rio. <em>&#8220;A empresa agiu com imediatidade ao aplicar a penalidade assim que tomou conhecimento dos fatos. A medida foi proporcional diante da seriedade da conduta, h\u00e1 nexo direto entre o ato praticado e a demiss\u00e3o, e n\u00e3o houve dupla puni\u00e7\u00e3o\u201d<\/em>, ressaltou a relatora do processo, a ju\u00edza Sandra Maria Generoso Thomaz Leidecker, segundo o Carta.<\/p>\n\n\n<style>@media (min-width: 992px) {\n    .recomendadorV2Area1 {\n        width: 280px;\n    }\n    .recomendadorV2Area2 {\n        padding: 0px 20px;\n        width: calc(100% - 280px);\n    }\n}\n\n@media (max-width: 992px) {\n    .recomendadorV2Button {\n        margin: 0 auto;\n    }\n    .recomendadorV2Area {\n        flex-direction: column;\n        text-align: center;\n    }\n    .recomendadorV2Area2 {\n        padding: 0px 20px;\n    }\n}\n\n.recomendadorV2Area {\n    background: #eeeeee3d;\n    border-radius: 10px;\n    padding: 15px;\n    display: flex;\n    margin: 15px auto;\n    border: 1px solid #00000014;\n    max-width: 800px;\n}\n\n.recomendadorV2Area1 img {\n    width: 280px;\n    height: auto;\n    border-radius: 8px;\n}\n\n.linkrecomendadorv2 {\n    text-decoration: none !important;\n}\n\n.recomendadorV2Area2 .recomendadorV2Type {\n    text-transform: uppercase;\n    font-weight: 500;\n    font-size: 11px;\n    letter-spacing: 2px;\n    color: #666;\n    margin: 12px 0;\n    display: block;\n}\n\n.recomendadorV2Title h2 {\n    padding-top: 0px !important;\n    margin: 0px !important;\n    border-left: none !important;\n    padding-left: 0px !important;\n    line-height: 1.3;\n    color: #000 !important;\n    font-size: 24px;\n    margin-bottom: 12px !important;\n}\n\n.recomendadorV2Desc {\n    color: #333;\n    margin: 12px 0px !important;\n    font-size: 15px;\n    line-height: 1.5;\n}\n\n.recomendadorV2Button {\n    width: auto;\n    max-width: 200px;\n    margin: 0;\n    display: inline-flex;\n    align-items: center;\n    background: #1D3557;\n    border-radius: 8px;\n    color: #fff;\n    height: 36px;\n    justify-content: center;\n    text-align: center;\n    font-size: 14px;\n    padding: 0 20px;\n    transition: background-color 0.2s ease;\n}\n\n.recomendadorV2Button:hover {\n    background: #2a4d7a;\n}\n\n.recomendadorV2Button:after {\n    margin-top: -2px;\n    content: \"\u2192\";\n    padding: 0px 0px 0px 8px;\n}\n\n.recomendadorV2Alert {\n    text-align: left;\n    font-size: 11px;\n    margin-top: 8px;\n    color: #666;\n}\n\n.recomendadorFixedArea {\n    width: 100%;\n    display: flex;\n    justify-content: center;\n    align-items: center;\n}\n\n@media (min-width: 992px) {\n    #recomendadorFixed {\n        width: 32% !important;\n        left: 5%;\n    }\n    .recomendadorCloseFixed{\n        right: inherit !important;\n        left: 378px !important;\n    }\n}\n\n#recomendadorFixed {\n    width: 90%;\n    box-shadow: 0 10px 20px 0px #00000057;\n    display: none;\n    height: 90px;\n    background: #F6F6F6;\n    position: fixed;\n    flex-direction: row;\n    bottom: 10px;\n    z-index: 9999;\n    border-radius: 16px;\n    padding: 7px 10px;\n}\n\n.recomendadorLeftArea {\n    width: 160px;\n}\n\n.recomendadorRightArea h2 {\n    padding-top: 0px;\n    margin: 2px 0px 4px 0px !important;\n    font-weight: 400;\n    text-align: center;\n    padding-left: 0px !important;\n    color: #000 !important;\n    border-left: none !important;\n    line-height: 20px;\n    font-size: 12px !important;\n}\n\n.recomendadorImgFixed {\n    overflow: hidden;\n    padding: 8px 6px;\n    height: 100%;\n}\n\n.recomendadorImgFixed img {\n    height: 100% !important;\n    border-radius: 16px;\n}\n\n.recomendadorRightArea {\n    padding-top: 6px;\n    display: flex;\n    width: calc(100% - 130px);\n    justify-content: space-between;\n    align-items: center;\n    flex-direction: column;\n}\n\n.recomendadorButtonFixed {\n    margin: 0 auto;\n    background: #1D3557;\n    width: 80%;\n    text-align: center;\n    font-size: 10px;\n    color: #FFF;\n    padding: 2px 10px;\n    border-radius: 3px;\n}\n\n.recomendadorButtonFixed:after {\n    margin-top: -3px;\n    content: \"\u2192\";\n    padding: 0px 0px 0px 10px;\n}\n\n.recomendadorAlertFixed {\n    font-weight: 400;\n    text-align: center;\n    color: #484848;\n    font-size: 8px;\n}\n\n.recomendadorCloseFixed {\n    z-index: 99999;\n    display: none;\n    right: 0px;\n    left: inherit;\n    bottom: 99px;\n    position: fixed;\n    justify-content: center;\n    background: #F6F6F6;\n    width: 25px;\n    align-items: center;\n    height: 25px;\n    font-weight: 800;\n    border-radius: 50%;\n    border: 1px solid #EBEBEB;\n}\n\n.recomendadorV2Desc{\n    color: #000000;\n    margin: 20px 0px;\n}\n\n@media (max-width: 576px) {\n    .recomendadorV2Area {\n      padding: 10px;\n      max-width: 100%;\n    }\n  \n    .recomendadorV2Area1 img {\n      width: 100%;\n      border-radius: 6px;\n    }\n  \n    .recomendadorV2Area2 .recomendadorV2Type {\n      font-size: 9px;\n      letter-spacing: 1px;\n      margin: 8px 0;\n    }\n  \n    .recomendadorV2Title h2 {\n      font-size: 18px !important;\n      margin-bottom: 8px !important;\n      line-height: 1.2;\n    }\n  \n    .recomendadorV2Desc {\n      font-size: 14px;\n      margin: 8px 0 !important;\n      line-height: 1.4;\n    }\n  \n    .recomendadorV2Button {\n      font-size: 14px;\n      height: 40px;\n      padding: 0 12px;\n      max-width: 100%;\n      width: 100%;\n    }\n  \n    .recomendadorV2Button:after {\n      padding-left: 6px;\n    }\n  }\n  <\/style>\n        <div class=\"lazyblock-recomendador-v2-2jDGz wp-block-lazyblock-recomendador-v2\">\n        <a class=\"linkrecomendadorv2\" href=\"https:\/\/diariodocomercio.com.br\/mix\/governo-anuncia-nova-regra-de-biometria-facial-para-quem-vai-viajar-de-aviao-em-2026\/%20\">\n            <div class=\"recomendadorV2Area\">\n            <div class=\"recomendadorV2Area1\">\n                <div class=\"recomendadorV2Img\">\n                <img width=\"768\" height=\"346\" src=\"https:\/\/diariodocomercio.com.br\/mix\/wp-content\/uploads\/2026\/04\/biometria-facial-768x346.jpg\" class=\"lazyloaded\" alt=\"\" sizes=\"auto, (min-width: 577px) 280px, calc(100vw - 20px)\" decoding=\"async\" loading=\"lazy\" srcset=\"https:\/\/diariodocomercio.com.br\/mix\/wp-content\/uploads\/2026\/04\/biometria-facial-768x346.jpg 768w, https:\/\/diariodocomercio.com.br\/mix\/wp-content\/uploads\/2026\/04\/biometria-facial-300x135.jpg 300w, https:\/\/diariodocomercio.com.br\/mix\/wp-content\/uploads\/2026\/04\/biometria-facial-150x68.jpg 150w, https:\/\/diariodocomercio.com.br\/mix\/wp-content\/uploads\/2026\/04\/biometria-facial-750x338.jpg 750w, https:\/\/diariodocomercio.com.br\/mix\/wp-content\/uploads\/2026\/04\/biometria-facial-1140x513.jpg 1140w, https:\/\/diariodocomercio.com.br\/mix\/wp-content\/uploads\/2026\/04\/biometria-facial.jpg 1200w\" \/>\n                <\/div>\n            <\/div>\n            <div class=\"recomendadorV2Area2\">\n                <div class=\"recomendadorV2Type\">\n                    <span>GOVERNO t\u00edtulo=Governo anuncia nova regra de biometria facial para quem vai viajar de avi\u00e3o em 2026 <\/span>\n                <\/div>\n                <div class=\"recomendadorV2Title\">\n                <h2><span><\/span><\/h2>\n                <\/div>\n                <div class=\"recomendadorV2Desc\">\n                <span>Na \u00faltima segunda-feira (31\/8), o Minist\u00e9rio de Portos e Aeroportos instituiu a Pol\u00edtica Nacional Setorial de Identifica\u00e7\u00e3o Biom\u00e9trica, para modernizar \u2026 <\/span>\n                <\/div>\n                <div class=\"recomendadorV2Button\">Leia mais <\/div>\n                <div class=\"recomendadorV2Alert\"><\/div>\n            <\/div>\n            <\/div>\n        <\/a>\n        <div>\n            <div style=\"z-index:99999;\" id=\"buttonClose\" onclick=\"closeRecomendadorFixed()\">\n            <div class=\"recomendadorCloseFixed\">X<\/div>\n            <\/div>\n            <a href=\"https:\/\/diariodocomercio.com.br\/mix\/governo-anuncia-nova-regra-de-biometria-facial-para-quem-vai-viajar-de-aviao-em-2026\/%20\">\n            <div class=\"recomendadorFixedArea\">\n                <div id=\"recomendadorFixed\">\n                <div class=\"recomendadorLeftArea\">\n                    <div class=\"recomendadorImgFixed\">\n                    <img width=\"300\" height=\"135\" src=\"https:\/\/diariodocomercio.com.br\/mix\/wp-content\/uploads\/2026\/04\/biometria-facial-300x135.jpg\" class=\"lazyload\" alt=\"\" sizes=\"auto, 160px\" decoding=\"async\" loading=\"lazy\" srcset=\"https:\/\/diariodocomercio.com.br\/mix\/wp-content\/uploads\/2026\/04\/biometria-facial-300x135.jpg 300w, https:\/\/diariodocomercio.com.br\/mix\/wp-content\/uploads\/2026\/04\/biometria-facial-768x346.jpg 768w, https:\/\/diariodocomercio.com.br\/mix\/wp-content\/uploads\/2026\/04\/biometria-facial-150x68.jpg 150w, https:\/\/diariodocomercio.com.br\/mix\/wp-content\/uploads\/2026\/04\/biometria-facial-750x338.jpg 750w, https:\/\/diariodocomercio.com.br\/mix\/wp-content\/uploads\/2026\/04\/biometria-facial-1140x513.jpg 1140w, https:\/\/diariodocomercio.com.br\/mix\/wp-content\/uploads\/2026\/04\/biometria-facial.jpg 1200w\" \/>\n                    <\/div>\n                <\/div>\n                <div class=\"recomendadorRightArea\">\n                    <div class=\"recomendadorTitleFixed\">\n                    <h2><span><\/span><\/h2>\n                    <\/div>\n                    <div class=\"recomendadorButtonFixed\">Leia mais <\/div>\n                    <div class=\"recomendadorAlertFixed\"><\/div>\n                <\/div>\n                <\/div>\n            <\/div>\n            <\/a>\n        <\/div>\n        <\/div>\n","protected":false},"excerpt":{"rendered":"<p>J\u00e1 imaginou acabar sofrendo uma demiss\u00e3o por justa causa porque voc\u00ea postou um status no seu WhatsApp? \u00c9 isso que aconteceu com um trabalhor de Belo Horizonte, capital de Minas Gerais. Mas calma: n\u00e3o precisa sair correndo para apagar todos os seus status. A situa\u00e7\u00e3o desse trabalhador \u00e9 bem espec\u00edfica e \u00e9 bem f\u00e1cil de [&hellip;]<\/p>\n","protected":false},"author":6,"featured_media":2082,"comment_status":"closed","ping_status":"closed","sticky":false,"template":"","format":"standard","meta":{"jnews-multi-image_gallery":[],"jnews_single_post":{"format":"standard"},"jnews_primary_category":[],"jnews_social_meta":[],"jnews_post_split":[],"footnotes":""},"categories":[1],"tags":[],"class_list":["post-57467","post","type-post","status-publish","format-standard","has-post-thumbnail","hentry","category-geral"],"_referencia":"","_links":{"self":[{"href":"https:\/\/diariodocomercio.com.br\/mix\/wp-json\/wp\/v2\/posts\/57467","targetHints":{"allow":["GET"]}}],"collection":[{"href":"https:\/\/diariodocomercio.com.br\/mix\/wp-json\/wp\/v2\/posts"}],"about":[{"href":"https:\/\/diariodocomercio.com.br\/mix\/wp-json\/wp\/v2\/types\/post"}],"author":[{"embeddable":true,"href":"https:\/\/diariodocomercio.com.br\/mix\/wp-json\/wp\/v2\/users\/6"}],"replies":[{"embeddable":true,"href":"https:\/\/diariodocomercio.com.br\/mix\/wp-json\/wp\/v2\/comments?post=57467"}],"version-history":[{"count":1,"href":"https:\/\/diariodocomercio.com.br\/mix\/wp-json\/wp\/v2\/posts\/57467\/revisions"}],"predecessor-version":[{"id":57474,"href":"https:\/\/diariodocomercio.com.br\/mix\/wp-json\/wp\/v2\/posts\/57467\/revisions\/57474"}],"wp:featuredmedia":[{"embeddable":true,"href":"https:\/\/diariodocomercio.com.br\/mix\/wp-json\/wp\/v2\/media\/2082"}],"wp:attachment":[{"href":"https:\/\/diariodocomercio.com.br\/mix\/wp-json\/wp\/v2\/media?parent=57467"}],"wp:term":[{"taxonomy":"category","embeddable":true,"href":"https:\/\/diariodocomercio.com.br\/mix\/wp-json\/wp\/v2\/categories?post=57467"},{"taxonomy":"post_tag","embeddable":true,"href":"https:\/\/diariodocomercio.com.br\/mix\/wp-json\/wp\/v2\/tags?post=57467"}],"curies":[{"name":"wp","href":"https:\/\/api.w.org\/{rel}","templated":true}]}}