{"id":57468,"date":"2026-09-02T01:12:00","date_gmt":"2026-09-02T04:12:00","guid":{"rendered":"https:\/\/diariodocomercio.com.br\/mix\/?p=57468"},"modified":"2026-09-01T19:16:50","modified_gmt":"2026-09-01T22:16:50","slug":"governo-muda-regras-para-ingressos-e-brasileiros-poderao-ter-mais-protecao-contra-cambistas","status":"publish","type":"post","link":"https:\/\/diariodocomercio.com.br\/mix\/governo-muda-regras-para-ingressos-e-brasileiros-poderao-ter-mais-protecao-contra-cambistas\/","title":{"rendered":"Governo muda regras para ingressos e brasileiros poder\u00e3o ter mais prote\u00e7\u00e3o contra cambistas"},"content":{"rendered":"\n<p class=\"wp-block-paragraph\">O presidente Luiz In\u00e1cio <strong>Lula<\/strong> da Silva assinou no \u00faltimo dia 31 de agosto dois decretos que alteram as regras para a venda de ingressos e a oferta de \u00e1gua em eventos culturais e de entretenimento no pa\u00eds. As medidas entram em vigor 30 dias ap\u00f3s a publica\u00e7\u00e3o no Di\u00e1rio Oficial da Uni\u00e3o e abrangem desde a transpar\u00eancia nos pre\u00e7os at\u00e9 o combate \u00e0 revenda especulativa.<\/p>\n\n\n\n<p class=\"wp-block-paragraph\">Uma das principais mudan\u00e7as \u00e9 a obrigatoriedade de que as plataformas de venda informem o valor total do ingresso desde o in\u00edcio da compra, com a discrimina\u00e7\u00e3o de todas as taxas cobradas.<\/p>\n\n\n\n<p class=\"wp-block-paragraph\">Ficam proibidas cobran\u00e7as autom\u00e1ticas sem consentimento pr\u00e9vio do consumidor. Al\u00e9m disso, os consumidores que estiverem em filas virtuais dever\u00e3o ter acesso \u00e0 sua posi\u00e7\u00e3o, ao n\u00famero estimado de pessoas \u00e0 frente e ao tempo aproximado de espera.<\/p>\n\n\n\n<p class=\"wp-block-paragraph\">O decreto tamb\u00e9m garante que, ao chegar \u00e0 fase de pagamento, o ingresso seja reservado por tempo suficiente para a conclus\u00e3o da compra, sem altera\u00e7\u00e3o de pre\u00e7o. A transfer\u00eancia de titularidade do ingresso dever\u00e1 ser gratuita, e as plataformas online dever\u00e3o oferecer canal espec\u00edfico para o exerc\u00edcio do direito de arrependimento.<\/p>\n\n\n\n<p class=\"wp-block-paragraph\">Em caso de cancelamento ou adiamento do evento, o consumidor poder\u00e1 optar entre comparecer na nova data, receber cr\u00e9dito para uso futuro ou obter reembolso integral. A mesma regra vale para mudan\u00e7as relevantes na programa\u00e7\u00e3o.<\/p>\n\n\n\n<h2 class=\"wp-block-heading\">Meia-entrada<\/h2>\n\n\n\n<p class=\"wp-block-paragraph\">Sobre a meia-entrada, o decreto considera abusivas pr\u00e1ticas que dificultem o acesso ao benef\u00edcio, como a redu\u00e7\u00e3o artificial da cota, exig\u00eancias cadastrais excessivas ou cobran\u00e7a de taxas adicionais. As empresas dever\u00e3o informar a quantidade de ingressos colocados \u00e0 venda e o percentual destinado ao desconto legal.<\/p>\n\n\n\n<h2 class=\"wp-block-heading\">Cambismo digital<\/h2>\n\n\n\n<p class=\"wp-block-paragraph\">Para coibir o <strong>cambismo digital,<\/strong> as plataformas dever\u00e3o adotar mecanismos para impedir compras em massa por rob\u00f4s ou programas automatizados. Na revenda, os an\u00fancios dever\u00e3o conter o pre\u00e7o original, o valor total cobrado, o acr\u00e9scimo aplicado e a identifica\u00e7\u00e3o do vendedor.<\/p>\n","protected":false},"excerpt":{"rendered":"<p>O presidente Lula assinou dois decretos que alteram as regras para a venda de ingressos.<\/p>\n","protected":false},"author":12,"featured_media":57470,"comment_status":"closed","ping_status":"closed","sticky":false,"template":"","format":"standard","meta":{"jnews-multi-image_gallery":[],"jnews_single_post":{"format":"standard"},"jnews_primary_category":[],"jnews_social_meta":[],"jnews_post_split":[],"footnotes":""},"categories":[1],"tags":[],"class_list":["post-57468","post","type-post","status-publish","format-standard","has-post-thumbnail","hentry","category-geral"],"_referencia":"","_links":{"self":[{"href":"https:\/\/diariodocomercio.com.br\/mix\/wp-json\/wp\/v2\/posts\/57468","targetHints":{"allow":["GET"]}}],"collection":[{"href":"https:\/\/diariodocomercio.com.br\/mix\/wp-json\/wp\/v2\/posts"}],"about":[{"href":"https:\/\/diariodocomercio.com.br\/mix\/wp-json\/wp\/v2\/types\/post"}],"author":[{"embeddable":true,"href":"https:\/\/diariodocomercio.com.br\/mix\/wp-json\/wp\/v2\/users\/12"}],"replies":[{"embeddable":true,"href":"https:\/\/diariodocomercio.com.br\/mix\/wp-json\/wp\/v2\/comments?post=57468"}],"version-history":[{"count":2,"href":"https:\/\/diariodocomercio.com.br\/mix\/wp-json\/wp\/v2\/posts\/57468\/revisions"}],"predecessor-version":[{"id":57471,"href":"https:\/\/diariodocomercio.com.br\/mix\/wp-json\/wp\/v2\/posts\/57468\/revisions\/57471"}],"wp:featuredmedia":[{"embeddable":true,"href":"https:\/\/diariodocomercio.com.br\/mix\/wp-json\/wp\/v2\/media\/57470"}],"wp:attachment":[{"href":"https:\/\/diariodocomercio.com.br\/mix\/wp-json\/wp\/v2\/media?parent=57468"}],"wp:term":[{"taxonomy":"category","embeddable":true,"href":"https:\/\/diariodocomercio.com.br\/mix\/wp-json\/wp\/v2\/categories?post=57468"},{"taxonomy":"post_tag","embeddable":true,"href":"https:\/\/diariodocomercio.com.br\/mix\/wp-json\/wp\/v2\/tags?post=57468"}],"curies":[{"name":"wp","href":"https:\/\/api.w.org\/{rel}","templated":true}]}}