{"id":57480,"date":"2026-09-02T03:59:00","date_gmt":"2026-09-02T06:59:00","guid":{"rendered":"https:\/\/diariodocomercio.com.br\/mix\/?p=57480"},"modified":"2026-09-01T21:00:22","modified_gmt":"2026-09-02T00:00:22","slug":"homem-com-fortuna-de-r-92-bilhoes-esta-entre-os-mais-ricos-do-brasil-e-decidiu-investir-em-clube-do-futebol-brasileiro","status":"publish","type":"post","link":"https:\/\/diariodocomercio.com.br\/mix\/homem-com-fortuna-de-r-92-bilhoes-esta-entre-os-mais-ricos-do-brasil-e-decidiu-investir-em-clube-do-futebol-brasileiro\/","title":{"rendered":"Homem com fortuna de R$ 9,2 bilh\u00f5es est\u00e1 entre os mais ricos do Brasil e decidiu investir em clube do futebol brasileiro"},"content":{"rendered":"\n<p class=\"wp-block-paragraph\">A lista de bilion\u00e1rios brasileiros da <strong>Forbes<\/strong> em 2026 trouxe o nome de <strong>Rubens Menin Teixeira de Souza<\/strong> entre os maiores patrim\u00f4nios do pa\u00eds. Fundador da <strong>MRV<\/strong> e principal acionista da <strong>SAF do Atl\u00e9tico<\/strong>, o empres\u00e1rio mineiro ocupa a 36\u00aa posi\u00e7\u00e3o no ranking, uma coloca\u00e7\u00e3o acima da registrada em 2025. Apesar do avan\u00e7o, sua fortuna sofreu um recuo de 6,12%, passando de 9,8 bilh\u00f5es para 9,2 bilh\u00f5es de reais.<\/p>\n\n\n\n<p class=\"wp-block-paragraph\">Menin construiu sua trajet\u00f3ria a partir da MRV, incorporadora fundada em Belo Horizonte em 1979, e do banco Inter, duas companhias que seguem sob a gest\u00e3o de seus sucessores. Ele, no entanto, mant\u00e9m o cargo de presidente do Conselho de Administra\u00e7\u00e3o de ambas.<\/p>\n\n\n\n<p class=\"wp-block-paragraph\">Rafael Nazareth Menin Teixeira atua como co-CEO da MRV, enquanto Jo\u00e3o Vitor Menin ocupa a posi\u00e7\u00e3o de CEO global do Inter. A participa\u00e7\u00e3o do empres\u00e1rio na MRV \u00e9 de 32,6% do capital social, segundo dados da pr\u00f3pria empresa, que tem valor de mercado estimado em 3,18 bilh\u00f5es de reais.<\/p>\n\n\n\n<h2 class=\"wp-block-heading\">Grupo de bilion\u00e1rios do setor de incorpora\u00e7\u00e3o e constru\u00e7\u00e3o<\/h2>\n\n\n\n<p class=\"wp-block-paragraph\">Menin faz parte de um grupo de sete bilion\u00e1rios do setor de incorpora\u00e7\u00e3o e constru\u00e7\u00e3o, que juntos acumulam 40,4 bilh\u00f5es de reais em patrim\u00f4nio.<\/p>\n\n\n\n<p class=\"wp-block-paragraph\">Os outros nomes do grupo s\u00e3o F\u00e1bio Roberto Chimenti Auriemo e Jos\u00e9 Auriemo Neto, da JHSF, com 10 bilh\u00f5es e 9,1 bilh\u00f5es, respectivamente; Elie Horn, da Cyrela, com 3,7 bilh\u00f5es; F\u00e1bio Elias Cury, da Cury, com 3,3 bilh\u00f5es; Ricardo Valadares Gontijo, da Direcional, com 3 bilh\u00f5es; e Fl\u00e1vio Ernesto Zarzur, da Eztec, com 2,1 bilh\u00f5es.<\/p>\n\n\n\n<p class=\"wp-block-paragraph\">A metodologia da Forbes, que prioriza participa\u00e7\u00f5es em empresas de capital aberto com base na cota\u00e7\u00e3o de 30 de junho, explica a aus\u00eancia de outros grandes empres\u00e1rios na lista.<\/p>\n","protected":false},"excerpt":{"rendered":"<p>A lista de bilion\u00e1rios brasileiros da Forbes em 2026 trouxe o nome de grande empres\u00e1rio.<\/p>\n","protected":false},"author":12,"featured_media":26245,"comment_status":"closed","ping_status":"closed","sticky":false,"template":"","format":"standard","meta":{"jnews-multi-image_gallery":[],"jnews_single_post":{"format":"standard"},"jnews_primary_category":[],"jnews_social_meta":[],"jnews_post_split":[],"footnotes":""},"categories":[1],"tags":[],"class_list":["post-57480","post","type-post","status-publish","format-standard","has-post-thumbnail","hentry","category-geral"],"_referencia":"","_links":{"self":[{"href":"https:\/\/diariodocomercio.com.br\/mix\/wp-json\/wp\/v2\/posts\/57480","targetHints":{"allow":["GET"]}}],"collection":[{"href":"https:\/\/diariodocomercio.com.br\/mix\/wp-json\/wp\/v2\/posts"}],"about":[{"href":"https:\/\/diariodocomercio.com.br\/mix\/wp-json\/wp\/v2\/types\/post"}],"author":[{"embeddable":true,"href":"https:\/\/diariodocomercio.com.br\/mix\/wp-json\/wp\/v2\/users\/12"}],"replies":[{"embeddable":true,"href":"https:\/\/diariodocomercio.com.br\/mix\/wp-json\/wp\/v2\/comments?post=57480"}],"version-history":[{"count":2,"href":"https:\/\/diariodocomercio.com.br\/mix\/wp-json\/wp\/v2\/posts\/57480\/revisions"}],"predecessor-version":[{"id":57482,"href":"https:\/\/diariodocomercio.com.br\/mix\/wp-json\/wp\/v2\/posts\/57480\/revisions\/57482"}],"wp:featuredmedia":[{"embeddable":true,"href":"https:\/\/diariodocomercio.com.br\/mix\/wp-json\/wp\/v2\/media\/26245"}],"wp:attachment":[{"href":"https:\/\/diariodocomercio.com.br\/mix\/wp-json\/wp\/v2\/media?parent=57480"}],"wp:term":[{"taxonomy":"category","embeddable":true,"href":"https:\/\/diariodocomercio.com.br\/mix\/wp-json\/wp\/v2\/categories?post=57480"},{"taxonomy":"post_tag","embeddable":true,"href":"https:\/\/diariodocomercio.com.br\/mix\/wp-json\/wp\/v2\/tags?post=57480"}],"curies":[{"name":"wp","href":"https:\/\/api.w.org\/{rel}","templated":true}]}}