{"id":57483,"date":"2026-09-02T04:47:00","date_gmt":"2026-09-02T07:47:00","guid":{"rendered":"https:\/\/diariodocomercio.com.br\/mix\/?p=57483"},"modified":"2026-09-01T20:28:22","modified_gmt":"2026-09-01T23:28:22","slug":"motoristas-que-abastecem-com-etanol-recebem-alerta-sobre-problema-que-pode-danificar-o-carro","status":"publish","type":"post","link":"https:\/\/diariodocomercio.com.br\/mix\/motoristas-que-abastecem-com-etanol-recebem-alerta-sobre-problema-que-pode-danificar-o-carro\/","title":{"rendered":"Motoristas que abastecem com etanol recebem alerta sobre problema que pode danificar o carro"},"content":{"rendered":"\n<p class=\"wp-block-paragraph\">O uso do <strong>etanol<\/strong> \u00e9 uma realidade para grande parte dos condutores brasileiros, mas a manuten\u00e7\u00e3o do sistema de combust\u00edvel exige aten\u00e7\u00e3o espec\u00edfica para evitar perda de desempenho e falhas mec\u00e2nicas. Sintomas como partida demorada, oscila\u00e7\u00e3o na marcha lenta, consumo excessivo e queda de rendimento podem indicar que componentes em contato com o combust\u00edvel precisam de verifica\u00e7\u00e3o.<\/p>\n\n\n\n<p class=\"wp-block-paragraph\">No caso do etanol, o ac\u00famulo de impurezas, a presen\u00e7a de \u00e1gua, a forma\u00e7\u00e3o de res\u00edduos e o desgaste de pe\u00e7as met\u00e1licas s\u00e3o fatores que comprometem a efici\u00eancia do sistema ao longo do tempo. A manuten\u00e7\u00e3o preventiva, nesse contexto, surge como uma ferramenta para antecipar problemas e evitar reparos mais onerosos.<\/p>\n\n\n\n<h2 class=\"wp-block-heading\">Borra branca<\/h2>\n\n\n\n<p class=\"wp-block-paragraph\">Entre as d\u00favidas mais comuns entre os motoristas est\u00e1 a chamada <strong>borra branca.<\/strong> Especialistas explicam que a express\u00e3o pode estar relacionada a diferentes tipos de res\u00edduos, e que a generaliza\u00e7\u00e3o pode levar a diagn\u00f3sticos equivocados.<\/p>\n\n\n\n<p class=\"wp-block-paragraph\">Por isso, a identifica\u00e7\u00e3o precisa da origem do problema \u00e9 fundamental para determinar o tipo de interven\u00e7\u00e3o necess\u00e1ria.<\/p>\n\n\n\n<h2 class=\"wp-block-heading\">Outras influ\u00eancias no funcionamento do motor<\/h2>\n\n\n\n<p class=\"wp-block-paragraph\">Dados t\u00e9cnicos do setor automotivo apontam que os problemas no sistema de alimenta\u00e7\u00e3o n\u00e3o decorrem exclusivamente do etanol. A qualidade do combust\u00edvel abastecido, o teor de \u00e1gua e contaminantes, as condi\u00e7\u00f5es de uso do ve\u00edculo e o estado das pe\u00e7as tamb\u00e9m exercem influ\u00eancia direta no funcionamento do motor.<\/p>\n\n\n\n<p class=\"wp-block-paragraph\">Outro ponto de aten\u00e7\u00e3o \u00e9 a corros\u00e3o de componentes met\u00e1licos. Bombas de combust\u00edvel, bicos injetores, carburadores e v\u00e1lvulas est\u00e3o sujeitos ao desgaste natural, especialmente quando expostos a combust\u00edveis com maior teor de impurezas. Quando essas pe\u00e7as come\u00e7am a se deteriorar, o motorista pode notar falhas progressivas, perda de pot\u00eancia e aumento no consumo.<\/p>\n","protected":false},"excerpt":{"rendered":"<p>O uso do etanol \u00e9 uma realidade para grande parte dos condutores brasileiros, mas a manuten\u00e7\u00e3o do sistema de combust\u00edvel exige aten\u00e7\u00e3o.<\/p>\n","protected":false},"author":12,"featured_media":10572,"comment_status":"closed","ping_status":"closed","sticky":false,"template":"","format":"standard","meta":{"jnews-multi-image_gallery":[],"jnews_single_post":{"format":"standard"},"jnews_primary_category":[],"jnews_social_meta":[],"jnews_post_split":[],"footnotes":""},"categories":[1],"tags":[],"class_list":["post-57483","post","type-post","status-publish","format-standard","has-post-thumbnail","hentry","category-geral"],"_referencia":"","_links":{"self":[{"href":"https:\/\/diariodocomercio.com.br\/mix\/wp-json\/wp\/v2\/posts\/57483","targetHints":{"allow":["GET"]}}],"collection":[{"href":"https:\/\/diariodocomercio.com.br\/mix\/wp-json\/wp\/v2\/posts"}],"about":[{"href":"https:\/\/diariodocomercio.com.br\/mix\/wp-json\/wp\/v2\/types\/post"}],"author":[{"embeddable":true,"href":"https:\/\/diariodocomercio.com.br\/mix\/wp-json\/wp\/v2\/users\/12"}],"replies":[{"embeddable":true,"href":"https:\/\/diariodocomercio.com.br\/mix\/wp-json\/wp\/v2\/comments?post=57483"}],"version-history":[{"count":2,"href":"https:\/\/diariodocomercio.com.br\/mix\/wp-json\/wp\/v2\/posts\/57483\/revisions"}],"predecessor-version":[{"id":57485,"href":"https:\/\/diariodocomercio.com.br\/mix\/wp-json\/wp\/v2\/posts\/57483\/revisions\/57485"}],"wp:featuredmedia":[{"embeddable":true,"href":"https:\/\/diariodocomercio.com.br\/mix\/wp-json\/wp\/v2\/media\/10572"}],"wp:attachment":[{"href":"https:\/\/diariodocomercio.com.br\/mix\/wp-json\/wp\/v2\/media?parent=57483"}],"wp:term":[{"taxonomy":"category","embeddable":true,"href":"https:\/\/diariodocomercio.com.br\/mix\/wp-json\/wp\/v2\/categories?post=57483"},{"taxonomy":"post_tag","embeddable":true,"href":"https:\/\/diariodocomercio.com.br\/mix\/wp-json\/wp\/v2\/tags?post=57483"}],"curies":[{"name":"wp","href":"https:\/\/api.w.org\/{rel}","templated":true}]}}