{"id":57517,"date":"2026-09-02T08:12:00","date_gmt":"2026-09-02T11:12:00","guid":{"rendered":"https:\/\/diariodocomercio.com.br\/mix\/?p=57517"},"modified":"2026-09-02T05:34:08","modified_gmt":"2026-09-02T08:34:08","slug":"estudiosos-fazem-alerta-grave-e-mundo-nunca-correu-tanto-risco-desde-a-2a-guerra-mundial","status":"publish","type":"post","link":"https:\/\/diariodocomercio.com.br\/mix\/estudiosos-fazem-alerta-grave-e-mundo-nunca-correu-tanto-risco-desde-a-2a-guerra-mundial\/","title":{"rendered":"Estudiosos fazem alerta grave e mundo nunca correu tanto risco desde a 2\u00aa Guerra Mundial"},"content":{"rendered":"\n<p class=\"wp-block-paragraph\">O mundo atravessa uma transforma\u00e7\u00e3o geopol\u00edtica que pode marcar o fim de uma era iniciada h\u00e1 mais de oito d\u00e9cadas. Analistas e estudiosos da pol\u00edtica internacional apontam que a ordem global liderada pelos Estados Unidos desde o fim da Segunda Guerra Mundial est\u00e1 perdendo for\u00e7a, enquanto a pol\u00edtica externa de Donald Trump coloca em xeque compromissos que durante d\u00e9cadas sustentaram alian\u00e7as, institui\u00e7\u00f5es e rela\u00e7\u00f5es econ\u00f4micas internacionais.<\/p>\n\n\n\n<p class=\"wp-block-paragraph\">O per\u00edodo conhecido como <strong>Pax Americana<\/strong>, express\u00e3o em latim usada para descrever a relativa estabilidade internacional associada \u00e0 forte lideran\u00e7a militar, econ\u00f4mica e pol\u00edtica dos Estados Unidos depois de 1945, pode estar chegando ao fim. Os cen\u00e1rios mais pessimistas preveem uma transi\u00e7\u00e3o turbulenta, marcada por maior competi\u00e7\u00e3o entre pot\u00eancias e por uma ordem mundial menos previs\u00edvel.<\/p>\n\n\n\n<p class=\"wp-block-paragraph\">Apesar dos alertas, especialistas ressaltam que ainda \u00e9 cedo para afirmar que o sistema internacional caminhar\u00e1 inevitavelmente para o caos. O decl\u00ednio relativo da influ\u00eancia norte-americana pode tamb\u00e9m abrir espa\u00e7o para uma estrutura mais distribu\u00edda de poder, na qual diferentes pa\u00edses e blocos tenham maior participa\u00e7\u00e3o nas decis\u00f5es globais.<\/p>\n\n\n<div class=\"wp-block-image\">\n<figure class=\"aligncenter size-large\"><img decoding=\"async\" width=\"1200\" height=\"800\" src=\"https:\/\/diariodocomercio.com.br\/mix\/wp-content\/uploads\/2026\/06\/imrs-1200x800.avif\" alt=\"congresso usa eua\" class=\"wp-image-47452\" srcset=\"https:\/\/diariodocomercio.com.br\/mix\/wp-content\/uploads\/2026\/06\/imrs-1200x800.avif 1200w, https:\/\/diariodocomercio.com.br\/mix\/wp-content\/uploads\/2026\/06\/imrs-300x200.avif 300w, https:\/\/diariodocomercio.com.br\/mix\/wp-content\/uploads\/2026\/06\/imrs-768x512.avif 768w, https:\/\/diariodocomercio.com.br\/mix\/wp-content\/uploads\/2026\/06\/imrs-150x100.avif 150w, https:\/\/diariodocomercio.com.br\/mix\/wp-content\/uploads\/2026\/06\/imrs-750x500.avif 750w, https:\/\/diariodocomercio.com.br\/mix\/wp-content\/uploads\/2026\/06\/imrs-1140x760.avif 1140w, https:\/\/diariodocomercio.com.br\/mix\/wp-content\/uploads\/2026\/06\/imrs.avif 1440w\" sizes=\"(max-width: 1200px) 100vw, 1200px\" \/><figcaption class=\"wp-element-caption\">Foto: (Reprodu\u00e7\u00e3o\/Shutterstock)<\/figcaption><\/figure>\n<\/div>\n\n\n<h2 class=\"wp-block-heading\"><strong>A mudan\u00e7a na pol\u00edtica externa dos Estados Unidos<\/strong><\/h2>\n\n\n\n<p class=\"wp-block-paragraph\">Desde o retorno \u00e0 Casa Branca, Donald Trump passou a colocar a pol\u00edtica de <strong>\u201cAmerica First\u201d<\/strong> no centro da estrat\u00e9gia internacional norte-americana. A proposta parte da ideia de que a for\u00e7a dos Estados Unidos deve ser utilizada prioritariamente para atender aos interesses internos do pa\u00eds.<\/p>\n\n\n\n<p class=\"wp-block-paragraph\">Na pr\u00e1tica, essa orienta\u00e7\u00e3o envolve o fortalecimento das fronteiras, a revis\u00e3o das rela\u00e7\u00f5es comerciais, a redu\u00e7\u00e3o ou redirecionamento de recursos destinados \u00e0 assist\u00eancia internacional e uma cobran\u00e7a maior para que pa\u00edses diretamente envolvidos em conflitos assumam responsabilidades sobre eles.<\/p>\n\n\n\n<p class=\"wp-block-paragraph\">Essa mudan\u00e7a representa uma ruptura importante com a tradi\u00e7\u00e3o de Washington de atuar como principal sustent\u00e1culo de institui\u00e7\u00f5es multilaterais e alian\u00e7as internacionais. Durante d\u00e9cadas, os Estados Unidos utilizaram seu peso econ\u00f4mico e militar para influenciar regras comerciais, garantir alian\u00e7as estrat\u00e9gicas e participar de conflitos e negocia\u00e7\u00f5es em diferentes regi\u00f5es do planeta.<\/p>\n\n\n\n<p class=\"wp-block-paragraph\">Agora, a disposi\u00e7\u00e3o para exercer esse papel parece menor.<\/p>\n\n\n\n<h2 class=\"wp-block-heading\"><strong>Pax Americana entra em uma fase de incerteza<\/strong><\/h2>\n\n\n\n<p class=\"wp-block-paragraph\">A ideia de que a Pax Americana estaria chegando ao fim n\u00e3o \u00e9 consenso absoluto, mas ganhou for\u00e7a entre os analistas mais pessimistas. A avalia\u00e7\u00e3o \u00e9 de que os Estados Unidos j\u00e1 n\u00e3o demonstram a mesma disposi\u00e7\u00e3om nem necessariamente possuem a mesma capacidade, para exercer uma lideran\u00e7a global t\u00e3o abrangente quanto aquela consolidada ap\u00f3s a Segunda Guerra Mundial.<\/p>\n\n\n\n<p class=\"wp-block-paragraph\">A imprevisibilidade da atual pol\u00edtica externa norte-americana tamb\u00e9m dificulta proje\u00e7\u00f5es para os pr\u00f3ximos anos. O pr\u00f3prio comportamento de Trump, frequentemente marcado por mudan\u00e7as r\u00e1pidas de posi\u00e7\u00e3o, faz com que governos estrangeiros tenham dificuldades para antecipar quais ser\u00e3o os pr\u00f3ximos movimentos de Washington.<\/p>\n\n\n\n<p class=\"wp-block-paragraph\">As recentes tens\u00f5es envolvendo Venezuela e Ir\u00e3 s\u00e3o apontadas como exemplos dessa caracter\u00edstica. Ao mesmo tempo em que adota uma postura de confronto em determinados momentos, o governo norte-americano tamb\u00e9m pode sinalizar abertura para negocia\u00e7\u00f5es.<\/p>\n\n\n\n<h2 class=\"wp-block-heading\"><strong>O decl\u00ednio americano tamb\u00e9m \u00e9 econ\u00f4mico<\/strong><\/h2>\n\n\n\n<p class=\"wp-block-paragraph\">A perda relativa de protagonismo dos Estados Unidos pode ser observada tamb\u00e9m na economia mundial.<\/p>\n\n\n\n<p class=\"wp-block-paragraph\">No final da Segunda Guerra Mundial, em 1945, a economia norte-americana representava aproximadamente <strong>50% da produ\u00e7\u00e3o econ\u00f4mica global<\/strong>. O cen\u00e1rio mudou profundamente nas oito d\u00e9cadas seguintes, \u00e0 medida que outros pa\u00edses reconstru\u00edram suas economias, industrializaram-se e passaram a ocupar posi\u00e7\u00f5es cada vez mais relevantes.<\/p>\n\n\n\n<p class=\"wp-block-paragraph\">Segundo dados do Fundo Monet\u00e1rio Internacional (FMI) apresentados pelo \u00edndice de <strong>Paridade do Poder de Compra (PPC)<\/strong>, a China responde em 2026 por cerca de <strong>20% da produ\u00e7\u00e3o econ\u00f4mica mundial<\/strong>, enquanto os Estados Unidos representam aproximadamente <strong>15%<\/strong> e a Uni\u00e3o Europeia, <strong>14%<\/strong>.<\/p>\n\n\n\n<p class=\"wp-block-paragraph\">Isso n\u00e3o significa necessariamente que os Estados Unidos estejam entrando em colapso econ\u00f4mico. Pelo contr\u00e1rio: a expans\u00e3o de outras economias pode ser interpretada como consequ\u00eancia do pr\u00f3prio crescimento global ocorrido durante o per\u00edodo de predomin\u00e2ncia norte-americana.<\/p>\n\n\n\n<h2 class=\"wp-block-heading\"><strong>O paralelo com o antigo Imp\u00e9rio Brit\u00e2nico<\/strong><\/h2>\n\n\n\n<p class=\"wp-block-paragraph\">Um dos paralelos mais citados pelos estudiosos \u00e9 o processo enfrentado pelo Reino Unido no s\u00e9culo 20.<\/p>\n\n\n\n<p class=\"wp-block-paragraph\">O pa\u00eds chegou ao final da Segunda Guerra Mundial enfraquecido economicamente, altamente comprometido internacionalmente e com dificuldades para sustentar seu vasto imp\u00e9rio. Nas d\u00e9cadas seguintes, Londres iniciou um processo de retirada de diversos territ\u00f3rios e reduziu sua esfera de influ\u00eancia.<\/p>\n\n\n\n<p class=\"wp-block-paragraph\">A compara\u00e7\u00e3o ganhou for\u00e7a diante da avalia\u00e7\u00e3o de que os Estados Unidos tamb\u00e9m precisam decidir at\u00e9 onde conseguem sustentar seus compromissos globais.<\/p>\n\n\n\n<p class=\"wp-block-paragraph\">A diferen\u00e7a, por\u00e9m, est\u00e1 na forma como essa transi\u00e7\u00e3o ser\u00e1 conduzida.<\/p>\n\n\n\n<p class=\"wp-block-paragraph\">Uma retirada planejada poderia representar uma redu\u00e7\u00e3o da esfera de influ\u00eancia norte-americana sem necessariamente provocar uma ruptura internacional.<\/p>\n\n\n\n<p class=\"wp-block-paragraph\"><\/p>\n","protected":false},"excerpt":{"rendered":"<p>O mundo atravessa uma transforma\u00e7\u00e3o geopol\u00edtica que pode marcar o fim de uma era iniciada h\u00e1 mais de oito d\u00e9cadas. Analistas e estudiosos da pol\u00edtica internacional apontam que a ordem global liderada pelos Estados Unidos desde o fim da Segunda Guerra Mundial est\u00e1 perdendo for\u00e7a, enquanto a pol\u00edtica externa de Donald Trump coloca em xeque [&hellip;]<\/p>\n","protected":false},"author":9,"featured_media":31296,"comment_status":"closed","ping_status":"closed","sticky":false,"template":"","format":"standard","meta":{"jnews-multi-image_gallery":[],"jnews_single_post":{"format":"standard","jnews_video_option_group":[[]],"override":[{"template":"2","parallax":"1","fullscreen":"1","layout":"right-sidebar","sidebar":"default-sidebar","second_sidebar":"default-sidebar","sticky_sidebar":"1","share_position":"hide","share_float_style":"share-monocrhome","show_featured":"1","show_post_meta":"1","show_post_author":"1","show_post_date":"1","post_date_format":"default","post_date_format_custom":"Y\/m\/d","show_post_category":"1","show_post_reading_time":"0","post_reading_time_wpm":"300","post_calculate_word_method":"str_word_count","show_zoom_button":"0","zoom_button_out_step":"2","zoom_button_in_step":"3","show_post_tag":"1","show_comment_section":"1","number_popup_post":"1","show_author_box":"1","show_post_related":"0","show_inline_post_related":"0"}],"image_override":[{"single_post_thumbnail_size":"crop-500","single_post_gallery_size":"crop-500"}],"trending_post_position":"meta","trending_post_label":"Trending","sponsored_post_label":"Sponsored by","disable_ad":"0"},"jnews_primary_category":[],"jnews_social_meta":[],"jnews_post_split":{"post_split":[{"template":"1","tag":"h2","numbering":"asc","mode":"normal","first":"0","enable_toc":"0","toc_type":"normal"}]},"footnotes":""},"categories":[1],"tags":[],"class_list":["post-57517","post","type-post","status-publish","format-standard","has-post-thumbnail","hentry","category-geral"],"_referencia":"","_links":{"self":[{"href":"https:\/\/diariodocomercio.com.br\/mix\/wp-json\/wp\/v2\/posts\/57517","targetHints":{"allow":["GET"]}}],"collection":[{"href":"https:\/\/diariodocomercio.com.br\/mix\/wp-json\/wp\/v2\/posts"}],"about":[{"href":"https:\/\/diariodocomercio.com.br\/mix\/wp-json\/wp\/v2\/types\/post"}],"author":[{"embeddable":true,"href":"https:\/\/diariodocomercio.com.br\/mix\/wp-json\/wp\/v2\/users\/9"}],"replies":[{"embeddable":true,"href":"https:\/\/diariodocomercio.com.br\/mix\/wp-json\/wp\/v2\/comments?post=57517"}],"version-history":[{"count":1,"href":"https:\/\/diariodocomercio.com.br\/mix\/wp-json\/wp\/v2\/posts\/57517\/revisions"}],"predecessor-version":[{"id":57518,"href":"https:\/\/diariodocomercio.com.br\/mix\/wp-json\/wp\/v2\/posts\/57517\/revisions\/57518"}],"wp:featuredmedia":[{"embeddable":true,"href":"https:\/\/diariodocomercio.com.br\/mix\/wp-json\/wp\/v2\/media\/31296"}],"wp:attachment":[{"href":"https:\/\/diariodocomercio.com.br\/mix\/wp-json\/wp\/v2\/media?parent=57517"}],"wp:term":[{"taxonomy":"category","embeddable":true,"href":"https:\/\/diariodocomercio.com.br\/mix\/wp-json\/wp\/v2\/categories?post=57517"},{"taxonomy":"post_tag","embeddable":true,"href":"https:\/\/diariodocomercio.com.br\/mix\/wp-json\/wp\/v2\/tags?post=57517"}],"curies":[{"name":"wp","href":"https:\/\/api.w.org\/{rel}","templated":true}]}}