{"id":57523,"date":"2026-09-02T10:40:00","date_gmt":"2026-09-02T13:40:00","guid":{"rendered":"https:\/\/diariodocomercio.com.br\/mix\/?p=57523"},"modified":"2026-09-02T05:45:56","modified_gmt":"2026-09-02T08:45:56","slug":"europa-toma-decisao-e-bloqueia-produtos-brasileiros-a-partir-de-quinta-feira-03-09","status":"publish","type":"post","link":"https:\/\/diariodocomercio.com.br\/mix\/europa-toma-decisao-e-bloqueia-produtos-brasileiros-a-partir-de-quinta-feira-03-09\/","title":{"rendered":"Europa toma decis\u00e3o e bloqueia produtos brasileiros a partir de quinta-feira (03\/09)"},"content":{"rendered":"\n<p class=\"wp-block-paragraph\">A Uni\u00e3o Europeia (UE) come\u00e7a a suspender, a partir desta quinta-feira (3), a importa\u00e7\u00e3o de uma s\u00e9rie de produtos de origem animal vindos do Brasil. A decis\u00e3o alcan\u00e7a os 27 pa\u00edses do bloco e envolve carne bovina, carne de aves, ovos e mel, al\u00e9m de tripas e pescados, segundo as informa\u00e7\u00f5es divulgadas sobre a medida. A dura\u00e7\u00e3o do bloqueio, por\u00e9m, poder\u00e1 variar conforme o setor, e Bruxelas ainda n\u00e3o estabeleceu uma data para a retomada das compras brasileiras.<\/p>\n\n\n\n<p class=\"wp-block-paragraph\">A restri\u00e7\u00e3o ocorre em meio \u00e0 cobran\u00e7a europeia para que o Brasil apresente garantias consideradas suficientes sobre o cumprimento das normas da UE relacionadas ao uso de antimicrobianos na produ\u00e7\u00e3o pecu\u00e1ria. O bloco afirma que trabalha com as autoridades brasileiras para solucionar o impasse e sinaliza que as exporta\u00e7\u00f5es poder\u00e3o ser retomadas quando a conformidade for comprovada.<\/p>\n\n\n\n<p class=\"wp-block-paragraph\">A Comiss\u00e3o Europeia considera que o Brasil ainda n\u00e3o demonstrou de forma satisfat\u00f3ria que seus produtos atendem \u00e0s exig\u00eancias europeias sobre medicamentos utilizados na cria\u00e7\u00e3o dos animais.<\/p>\n\n\n\n<p class=\"wp-block-paragraph\">Pelas normas da UE, antimicrobianos n\u00e3o podem ser empregados com a finalidade de estimular o crescimento ou elevar a produtividade dos animais. Tamb\u00e9m h\u00e1 restri\u00e7\u00f5es ao uso de medicamentos antimicrobianos considerados reservados ao tratamento de infec\u00e7\u00f5es em seres humanos.<\/p>\n\n\n\n<p class=\"wp-block-paragraph\">A pol\u00edtica faz parte da estrat\u00e9gia europeia de combate \u00e0 resist\u00eancia antimicrobiana, fen\u00f4meno no qual microrganismos desenvolvem resist\u00eancia aos medicamentos dispon\u00edveis, dificultando o tratamento de determinadas infec\u00e7\u00f5es.<\/p>\n\n\n\n<p class=\"wp-block-paragraph\">Uma porta-voz da Comiss\u00e3o Europeia afirmou que o Brasil continua sendo considerado um parceiro relevante para o bloco e que as negocia\u00e7\u00f5es com as autoridades brasileiras ocorrem de maneira construtiva. Segundo a representante, a retomada das exporta\u00e7\u00f5es depender\u00e1 da comprova\u00e7\u00e3o de que o pa\u00eds est\u00e1 em conformidade com as exig\u00eancias europeias.<\/p>\n\n\n\n<figure class=\"wp-block-image size-full\"><img decoding=\"async\" width=\"1086\" height=\"652\" src=\"https:\/\/diariodocomercio.com.br\/mix\/wp-content\/uploads\/2025\/07\/image-99.png\" alt=\"Carne frigor\u00edfico\" class=\"wp-image-13064\" srcset=\"https:\/\/diariodocomercio.com.br\/mix\/wp-content\/uploads\/2025\/07\/image-99.png 1086w, https:\/\/diariodocomercio.com.br\/mix\/wp-content\/uploads\/2025\/07\/image-99-300x180.png 300w, https:\/\/diariodocomercio.com.br\/mix\/wp-content\/uploads\/2025\/07\/image-99-768x461.png 768w, https:\/\/diariodocomercio.com.br\/mix\/wp-content\/uploads\/2025\/07\/image-99-150x90.png 150w, https:\/\/diariodocomercio.com.br\/mix\/wp-content\/uploads\/2025\/07\/image-99-750x450.png 750w\" sizes=\"(max-width: 1086px) 100vw, 1086px\" \/><figcaption class=\"wp-element-caption\">(Reprodu\u00e7\u00e3o\/Magnific)<\/figcaption><\/figure>\n\n\n\n<h2 class=\"wp-block-heading\"><strong>Aves e mel podem ter retomada mais r\u00e1pida<\/strong><\/h2>\n\n\n\n<p class=\"wp-block-paragraph\">Entre os setores afetados, o mercado de aves e o de mel podem ter uma perspectiva de retorno mais r\u00e1pida. Uma auditoria est\u00e1 em andamento e deve ser conclu\u00edda na sexta-feira (4). Caso o resultado seja considerado satisfat\u00f3rio pelas autoridades europeias, as exporta\u00e7\u00f5es de carne de aves poder\u00e3o voltar a ser autorizadas nas semanas seguintes.<\/p>\n\n\n\n<p class=\"wp-block-paragraph\">A situa\u00e7\u00e3o \u00e9 diferente para a carne bovina. A pr\u00f3pria Comiss\u00e3o Europeia indicou que o tempo necess\u00e1rio para que o Brasil volte a cumprir as exig\u00eancias pode variar conforme as caracter\u00edsticas e os ciclos de produ\u00e7\u00e3o de cada esp\u00e9cie.<\/p>\n\n\n\n<p class=\"wp-block-paragraph\">Na pr\u00e1tica, isso significa que a retomada n\u00e3o ocorrer\u00e1 necessariamente de maneira simult\u00e2nea para todos os produtos. Enquanto aves e mel podem avan\u00e7ar mais rapidamente ap\u00f3s a auditoria, a cadeia bovina tende a enfrentar um processo mais longo.<\/p>\n\n\n\n<p class=\"wp-block-paragraph\">H\u00e1 ainda uma avalia\u00e7\u00e3o de que a suspens\u00e3o da carne bovina possa durar pelo menos dois anos, per\u00edodo relacionado ao intervalo entre o nascimento e o abate dos animais. A Comiss\u00e3o Europeia, contudo, n\u00e3o apresentou oficialmente um calend\u00e1rio definitivo para a reabertura do mercado.<\/p>\n\n\n\n<h2 class=\"wp-block-heading\"><strong>Decis\u00e3o j\u00e1 havia sido tomada em maio<\/strong><\/h2>\n\n\n\n<p class=\"wp-block-paragraph\">A retirada do Brasil da rela\u00e7\u00e3o de pa\u00edses autorizados a exportar para a Uni\u00e3o Europeia foi decidida em maio de 2026. Para voltar \u00e0 lista, o pa\u00eds precisa demonstrar que consegue garantir o cumprimento das regras europeias referentes ao uso de antimicrobianos durante todo o ciclo de vida dos animais destinados \u00e0 produ\u00e7\u00e3o de alimentos exportados ao bloco.<\/p>\n\n\n\n<p class=\"wp-block-paragraph\">Em uma publica\u00e7\u00e3o nas redes sociais, o parlamentar Ciaran Mullooly comemorou a entrada em vigor da medida e afirmou que a carne brasileira deixaria de estar dispon\u00edvel no mercado europeu a partir de quinta-feira (3).<\/p>\n\n\n\n<p class=\"wp-block-paragraph\">A manifesta\u00e7\u00e3o de Mullooly, entretanto, foi relativizada por fontes brasileiras que acompanham as negocia\u00e7\u00f5es em Bras\u00edlia e na Europa. Segundo essas fontes, o bloqueio j\u00e1 era considerado o desfecho esperado diante das exig\u00eancias europeias, mesmo ap\u00f3s a intensifica\u00e7\u00e3o das negocia\u00e7\u00f5es e dos pedidos feitos pelo Brasil para evitar a suspens\u00e3o.<\/p>\n\n\n\n<p class=\"wp-block-paragraph\">At\u00e9 o momento das informa\u00e7\u00f5es divulgadas, o Minist\u00e9rio da Agricultura n\u00e3o havia respondido aos questionamentos sobre a decis\u00e3o.<\/p>\n\n\n\n<h2 class=\"wp-block-heading\"><strong>Impacto econ\u00f4mico para o Brasil<\/strong><\/h2>\n\n\n\n<p class=\"wp-block-paragraph\">O bloqueio atinge um mercado de grande relev\u00e2ncia para o agroneg\u00f3cio brasileiro. Em 2025, o Brasil foi o segundo maior exportador de carne bovina para a Uni\u00e3o Europeia, com mais de 92 mil toneladas comercializadas. O volume representou mais de 713 milh\u00f5es de euros, aproximadamente R$ 4,29 bilh\u00f5es.<\/p>\n\n\n\n<p class=\"wp-block-paragraph\">No mesmo ano, as exporta\u00e7\u00f5es brasileiras de carne de aves e de gado renderam US$ 1,8 bilh\u00e3o aos frigor\u00edficos nacionais, evidenciando o peso dos produtos de origem animal nas rela\u00e7\u00f5es comerciais do pa\u00eds.<\/p>\n\n\n\n<p class=\"wp-block-paragraph\">A decis\u00e3o europeia tamb\u00e9m ocorre em um momento delicado nas rela\u00e7\u00f5es entre o bloco e o setor agropecu\u00e1rio. A Uni\u00e3o Europeia sofreu fortes cr\u00edticas de produtores rurais e, especialmente, da Fran\u00e7a ap\u00f3s a assinatura, em janeiro de 2026, do acordo de livre-com\u00e9rcio com os pa\u00edses do Mercosul \u2014 Brasil, Argentina, Paraguai e Uruguai.<\/p>\n\n\n\n<p class=\"wp-block-paragraph\">O endurecimento das exig\u00eancias sanit\u00e1rias e de produ\u00e7\u00e3o aparece, portanto, em um cen\u00e1rio de press\u00e3o pol\u00edtica dentro do pr\u00f3prio bloco para garantir que produtos importados estejam submetidos a padr\u00f5es considerados equivalentes aos exigidos dos produtores europeus.<\/p>\n\n\n\n<p class=\"wp-block-paragraph\"><\/p>\n","protected":false},"excerpt":{"rendered":"<p>A Uni\u00e3o Europeia (UE) come\u00e7a a suspender, a partir desta quinta-feira (3), a importa\u00e7\u00e3o de uma s\u00e9rie de produtos de origem animal vindos do Brasil. A decis\u00e3o alcan\u00e7a os 27 pa\u00edses do bloco e envolve carne bovina, carne de aves, ovos e mel, al\u00e9m de tripas e pescados, segundo as informa\u00e7\u00f5es divulgadas sobre a medida. [&hellip;]<\/p>\n","protected":false},"author":9,"featured_media":57524,"comment_status":"closed","ping_status":"closed","sticky":false,"template":"","format":"standard","meta":{"jnews-multi-image_gallery":[],"jnews_single_post":{"format":"standard"},"jnews_primary_category":[],"jnews_social_meta":[],"jnews_post_split":[],"footnotes":""},"categories":[1],"tags":[],"class_list":["post-57523","post","type-post","status-publish","format-standard","has-post-thumbnail","hentry","category-geral"],"_referencia":"","_links":{"self":[{"href":"https:\/\/diariodocomercio.com.br\/mix\/wp-json\/wp\/v2\/posts\/57523","targetHints":{"allow":["GET"]}}],"collection":[{"href":"https:\/\/diariodocomercio.com.br\/mix\/wp-json\/wp\/v2\/posts"}],"about":[{"href":"https:\/\/diariodocomercio.com.br\/mix\/wp-json\/wp\/v2\/types\/post"}],"author":[{"embeddable":true,"href":"https:\/\/diariodocomercio.com.br\/mix\/wp-json\/wp\/v2\/users\/9"}],"replies":[{"embeddable":true,"href":"https:\/\/diariodocomercio.com.br\/mix\/wp-json\/wp\/v2\/comments?post=57523"}],"version-history":[{"count":1,"href":"https:\/\/diariodocomercio.com.br\/mix\/wp-json\/wp\/v2\/posts\/57523\/revisions"}],"predecessor-version":[{"id":57525,"href":"https:\/\/diariodocomercio.com.br\/mix\/wp-json\/wp\/v2\/posts\/57523\/revisions\/57525"}],"wp:featuredmedia":[{"embeddable":true,"href":"https:\/\/diariodocomercio.com.br\/mix\/wp-json\/wp\/v2\/media\/57524"}],"wp:attachment":[{"href":"https:\/\/diariodocomercio.com.br\/mix\/wp-json\/wp\/v2\/media?parent=57523"}],"wp:term":[{"taxonomy":"category","embeddable":true,"href":"https:\/\/diariodocomercio.com.br\/mix\/wp-json\/wp\/v2\/categories?post=57523"},{"taxonomy":"post_tag","embeddable":true,"href":"https:\/\/diariodocomercio.com.br\/mix\/wp-json\/wp\/v2\/tags?post=57523"}],"curies":[{"name":"wp","href":"https:\/\/api.w.org\/{rel}","templated":true}]}}