{"id":57526,"date":"2026-09-02T09:46:00","date_gmt":"2026-09-02T12:46:00","guid":{"rendered":"https:\/\/diariodocomercio.com.br\/mix\/?p=57526"},"modified":"2026-09-02T05:55:10","modified_gmt":"2026-09-02T08:55:10","slug":"brasileiros-que-pegam-estrada-sao-comunicados-sobre-taxa-de-r-1660-a-partir-de-10-09","status":"publish","type":"post","link":"https:\/\/diariodocomercio.com.br\/mix\/brasileiros-que-pegam-estrada-sao-comunicados-sobre-taxa-de-r-1660-a-partir-de-10-09\/","title":{"rendered":"Brasileiros que pegam estrada s\u00e3o comunicados sobre taxa de R$ 16,60 a partir de 10\/09"},"content":{"rendered":"\n<p class=\"wp-block-paragraph\">Motoristas que utilizam a BR-040 no trecho entre Belo Horizonte (MG) e Cristalina (GO) ter\u00e3o que se preparar para um novo valor de ped\u00e1gio a partir de 10 de setembro. As tarifas cobradas nas sete pra\u00e7as instaladas ao longo da rodovia ser\u00e3o reajustadas em m\u00e9dia 6,99%, ap\u00f3s aprova\u00e7\u00e3o da Ag\u00eancia Nacional de Transportes Terrestres (ANTT). Para autom\u00f3veis, caminhonetes e furg\u00f5es, os novos pre\u00e7os ficar\u00e3o entre R$ 12,10 e R$ 16,60, conforme o ponto de cobran\u00e7a.<\/p>\n\n\n\n<p class=\"wp-block-paragraph\">A atualiza\u00e7\u00e3o ser\u00e1 aplicada pela concession\u00e1ria Via Cristais e est\u00e1 prevista no contrato de concess\u00e3o. O c\u00e1lculo considera a varia\u00e7\u00e3o acumulada do \u00cdndice Nacional de Pre\u00e7os ao Consumidor Amplo (IPCA) entre janeiro de 2025 e julho de 2026, al\u00e9m de outros crit\u00e9rios estabelecidos contratualmente.<\/p>\n\n\n\n<p class=\"wp-block-paragraph\">As sete estruturas de cobran\u00e7a ficam em territ\u00f3rio mineiro e est\u00e3o distribu\u00eddas ao longo do percurso administrado pela concession\u00e1ria. A primeira est\u00e1 localizada em Paracatu, seguida pelas pra\u00e7as de Lagoa Grande, Jo\u00e3o Pinheiro, S\u00e3o Gon\u00e7alo do Abaet\u00e9, Felixl\u00e2ndia, Curvelo e Capim Branco.<\/p>\n\n\n\n<p class=\"wp-block-paragraph\">Na pr\u00e1tica, quem percorre diferentes trechos da BR-040 poder\u00e1 encontrar valores distintos em cada pra\u00e7a. A cobran\u00e7a mais alta para ve\u00edculos leves ser\u00e1 registrada na Pra\u00e7a 7, em Capim Branco, onde a tarifa chegar\u00e1 a R$ 16,60.<\/p>\n\n\n\n<p class=\"wp-block-paragraph\">Para autom\u00f3veis, caminhonetes e furg\u00f5es, os valores ser\u00e3o:<\/p>\n\n\n\n<ul class=\"wp-block-list\">\n<li><strong>Pra\u00e7a 1 \u2013 Paracatu:<\/strong> R$ 12,10<\/li>\n\n\n\n<li><strong>Pra\u00e7a 2 \u2013 Lagoa Grande:<\/strong> R$ 12,20<\/li>\n\n\n\n<li><strong>Pra\u00e7a 3 \u2013 Jo\u00e3o Pinheiro:<\/strong> R$ 12,40<\/li>\n\n\n\n<li><strong>Pra\u00e7a 4 \u2013 S\u00e3o Gon\u00e7alo do Abaet\u00e9:<\/strong> R$ 12,20<\/li>\n\n\n\n<li><strong>Pra\u00e7a 5 \u2013 Felixl\u00e2ndia:<\/strong> R$ 12,30<\/li>\n\n\n\n<li><strong>Pra\u00e7a 6 \u2013 Curvelo:<\/strong> R$ 12,50<\/li>\n\n\n\n<li><strong>Pra\u00e7a 7 \u2013 Capim Branco:<\/strong> R$ 16,60<\/li>\n<\/ul>\n\n\n\n<h2 class=\"wp-block-heading\"><strong>Valores mudam conforme o tipo de ve\u00edculo<\/strong><\/h2>\n\n\n\n<p class=\"wp-block-paragraph\">O reajuste n\u00e3o se limita aos carros de passeio. A tarifa \u00e9 calculada de acordo com a categoria e o n\u00famero de eixos dos ve\u00edculos, fazendo com que caminh\u00f5es e \u00f4nibus tenham custos significativamente maiores.<\/p>\n\n\n\n<p class=\"wp-block-paragraph\">Na <strong>Categoria 2<\/strong>, que inclui caminh\u00f5es leves, \u00f4nibus de dois eixos, tratores e furg\u00f5es com rodagem dupla, os valores ir\u00e3o de <strong>R$ 24,20 a R$ 33,20<\/strong>. J\u00e1 os ve\u00edculos com semirreboque de tr\u00eas eixos, classificados na <strong>Categoria 3<\/strong>, pagar\u00e3o entre <strong>R$ 18,15 e R$ 24,90<\/strong>.<\/p>\n\n\n\n<p class=\"wp-block-paragraph\">Para <strong>caminh\u00f5es e \u00f4nibus de tr\u00eas eixos (Categoria 4)<\/strong>, a cobran\u00e7a ficar\u00e1 entre <strong>R$ 36,30 e R$ 49,80<\/strong>. Na <strong>Categoria 5<\/strong>, destinada a ve\u00edculos com reboque de quatro eixos, as tarifas variam de <strong>R$ 24,20 a R$ 33,20<\/strong>.<\/p>\n\n\n\n<p class=\"wp-block-paragraph\">O aumento tamb\u00e9m pesa sobre ve\u00edculos de maior porte. Caminh\u00f5es de quatro eixos ter\u00e3o tarifas de <strong>R$ 48,40 a R$ 66,40<\/strong>, enquanto os de cinco eixos pagar\u00e3o entre <strong>R$ 60,50 e R$ 83,00<\/strong>.<\/p>\n\n\n\n<p class=\"wp-block-paragraph\">Para caminh\u00f5es de seis eixos, os valores ficam entre <strong>R$ 72,60 e R$ 99,60<\/strong>. Nos ve\u00edculos de sete eixos, a cobran\u00e7a varia de <strong>R$ 84,70 a R$ 116,20<\/strong>. J\u00e1 os caminh\u00f5es de oito eixos ter\u00e3o as maiores tarifas, entre <strong>R$ 96,80 e R$ 132,80<\/strong>, dependendo da pra\u00e7a.<\/p>\n\n\n\n<h2 class=\"wp-block-heading\"><strong>Motociclistas continuam isentos<\/strong><\/h2>\n\n\n\n<p class=\"wp-block-paragraph\">Apesar da atualiza\u00e7\u00e3o, alguns ve\u00edculos continuar\u00e3o passando pelas pra\u00e7as sem pagar a tarifa. A isen\u00e7\u00e3o contempla <strong>motocicletas, motonetas, triciclos e bicicletas motorizadas<\/strong>.<\/p>\n\n\n\n<p class=\"wp-block-paragraph\">Tamb\u00e9m permanecem livres da cobran\u00e7a as <strong>ambul\u00e2ncias, os ve\u00edculos oficiais e os ve\u00edculos do Corpo Diplom\u00e1tico<\/strong>.<\/p>\n\n\n\n<p class=\"wp-block-paragraph\">A medida de reajuste, portanto, afeta principalmente os usu\u00e1rios sujeitos \u00e0 cobran\u00e7a regular, com valores determinados pela categoria de cada ve\u00edculo.<\/p>\n\n\n\n<h2 class=\"wp-block-heading\"><strong>Para onde vai o dinheiro arrecadado<\/strong><\/h2>\n\n\n\n<p class=\"wp-block-paragraph\">Segundo a ANTT, os recursos obtidos com os ped\u00e1gios fazem parte do modelo de concess\u00e3o da rodovia e s\u00e3o destinados ao cumprimento das obriga\u00e7\u00f5es assumidas pela empresa respons\u00e1vel pelo trecho.<\/p>\n\n\n\n<p class=\"wp-block-paragraph\">Entre as atividades previstas est\u00e3o a realiza\u00e7\u00e3o de <strong>obras de infraestrutura<\/strong>, conserva\u00e7\u00e3o e recupera\u00e7\u00e3o do pavimento, atendimento operacional durante 24 horas e a\u00e7\u00f5es destinadas \u00e0 seguran\u00e7a dos usu\u00e1rios.<\/p>\n\n\n\n<p class=\"wp-block-paragraph\"><\/p>\n","protected":false},"excerpt":{"rendered":"<p>Motoristas que utilizam a BR-040 no trecho entre Belo Horizonte (MG) e Cristalina (GO) ter\u00e3o que se preparar para um novo valor de ped\u00e1gio a partir de 10 de setembro. As tarifas cobradas nas sete pra\u00e7as instaladas ao longo da rodovia ser\u00e3o reajustadas em m\u00e9dia 6,99%, ap\u00f3s aprova\u00e7\u00e3o da Ag\u00eancia Nacional de Transportes Terrestres (ANTT). [&hellip;]<\/p>\n","protected":false},"author":9,"featured_media":15671,"comment_status":"closed","ping_status":"closed","sticky":false,"template":"","format":"standard","meta":{"jnews-multi-image_gallery":[],"jnews_single_post":{"format":"standard"},"jnews_primary_category":[],"jnews_social_meta":[],"jnews_post_split":[],"footnotes":""},"categories":[1],"tags":[],"class_list":["post-57526","post","type-post","status-publish","format-standard","has-post-thumbnail","hentry","category-geral"],"_referencia":"","_links":{"self":[{"href":"https:\/\/diariodocomercio.com.br\/mix\/wp-json\/wp\/v2\/posts\/57526","targetHints":{"allow":["GET"]}}],"collection":[{"href":"https:\/\/diariodocomercio.com.br\/mix\/wp-json\/wp\/v2\/posts"}],"about":[{"href":"https:\/\/diariodocomercio.com.br\/mix\/wp-json\/wp\/v2\/types\/post"}],"author":[{"embeddable":true,"href":"https:\/\/diariodocomercio.com.br\/mix\/wp-json\/wp\/v2\/users\/9"}],"replies":[{"embeddable":true,"href":"https:\/\/diariodocomercio.com.br\/mix\/wp-json\/wp\/v2\/comments?post=57526"}],"version-history":[{"count":1,"href":"https:\/\/diariodocomercio.com.br\/mix\/wp-json\/wp\/v2\/posts\/57526\/revisions"}],"predecessor-version":[{"id":57527,"href":"https:\/\/diariodocomercio.com.br\/mix\/wp-json\/wp\/v2\/posts\/57526\/revisions\/57527"}],"wp:featuredmedia":[{"embeddable":true,"href":"https:\/\/diariodocomercio.com.br\/mix\/wp-json\/wp\/v2\/media\/15671"}],"wp:attachment":[{"href":"https:\/\/diariodocomercio.com.br\/mix\/wp-json\/wp\/v2\/media?parent=57526"}],"wp:term":[{"taxonomy":"category","embeddable":true,"href":"https:\/\/diariodocomercio.com.br\/mix\/wp-json\/wp\/v2\/categories?post=57526"},{"taxonomy":"post_tag","embeddable":true,"href":"https:\/\/diariodocomercio.com.br\/mix\/wp-json\/wp\/v2\/tags?post=57526"}],"curies":[{"name":"wp","href":"https:\/\/api.w.org\/{rel}","templated":true}]}}