{"id":57528,"date":"2026-09-02T15:12:00","date_gmt":"2026-09-02T18:12:00","guid":{"rendered":"https:\/\/diariodocomercio.com.br\/mix\/?p=57528"},"modified":"2026-09-02T06:18:07","modified_gmt":"2026-09-02T09:18:07","slug":"cientistas-podem-ter-detectado-materia-escura-pela-primeira-vez-1-grama-teria-valor-maior-que-toda-a-riqueza-mundial","status":"publish","type":"post","link":"https:\/\/diariodocomercio.com.br\/mix\/cientistas-podem-ter-detectado-materia-escura-pela-primeira-vez-1-grama-teria-valor-maior-que-toda-a-riqueza-mundial\/","title":{"rendered":"Cientistas podem ter detectado mat\u00e9ria escura pela primeira vez; 1 grama teria valor maior que toda a riqueza mundial"},"content":{"rendered":"\n<p class=\"wp-block-paragraph\">Um sinal luminoso registrado a cerca de 1,5 quil\u00f4metro abaixo da superf\u00edcie, em uma antiga mina de ouro em Dakota do Sul, nos Estados Unidos, pode representar um dos maiores avan\u00e7os da f\u00edsica em quase um s\u00e9culo. Pesquisadores do experimento <strong>Lux-Zeplin (LZ)<\/strong> identificaram uma intera\u00e7\u00e3o que, segundo a an\u00e1lise, pode ter sido provocada por uma part\u00edcula de mat\u00e9ria escura atingindo um n\u00facleo at\u00f4mico. A evid\u00eancia, entretanto, ainda n\u00e3o \u00e9 suficiente para afirmar que a misteriosa subst\u00e2ncia foi definitivamente detectada.<\/p>\n\n\n\n<p class=\"wp-block-paragraph\">O fen\u00f4meno foi observado no <strong>Sanford Underground Research Facility<\/strong>, instala\u00e7\u00e3o constru\u00edda nas profundezas de uma antiga mina na regi\u00e3o de Black Hills. O detector utiliza cerca de <strong>10 toneladas de xen\u00f4nio l\u00edquido<\/strong>, material escolhido justamente pela possibilidade de registrar os rar\u00edssimos eventos provocados por part\u00edculas que interagem com a mat\u00e9ria convencional.<\/p>\n\n\n\n<p class=\"wp-block-paragraph\">O resultado est\u00e1 sendo tratado pelos pesquisadores como um poss\u00edvel primeiro passo para compreender a mat\u00e9ria escura como uma part\u00edcula. A an\u00e1lise foi baseada em <strong>220 dias de observa\u00e7\u00f5es<\/strong> e identificou um sinal compat\u00edvel com uma das principais candidatas te\u00f3ricas para explicar esse componente invis\u00edvel do Universo: as chamadas <strong>WIMPs<\/strong>, sigla em ingl\u00eas para part\u00edculas massivas de intera\u00e7\u00e3o fraca.<\/p>\n\n\n\n<h2 class=\"wp-block-heading\"><strong>O que aconteceu dentro do detector<\/strong><\/h2>\n\n\n\n<p class=\"wp-block-paragraph\">A hip\u00f3tese \u00e9 que uma WIMP tenha atravessado o detector e colidido com um \u00e1tomo de xen\u00f4nio. Quando isso ocorre, a intera\u00e7\u00e3o pode produzir um pequeno clar\u00e3o de luz, que \u00e9 captado pelos sensores instalados ao redor do equipamento.<\/p>\n\n\n\n<p class=\"wp-block-paragraph\">A possibilidade \u00e9 especialmente intrigante porque as WIMPs, caso realmente existam e sejam respons\u00e1veis pela mat\u00e9ria escura, interagiriam muito raramente com a mat\u00e9ria comum. A maior parte dessas part\u00edculas poderia atravessar objetos sem deixar qualquer sinal percept\u00edvel.<\/p>\n\n\n<div class=\"wp-block-image\">\n<figure class=\"aligncenter size-full\"><img decoding=\"async\" width=\"700\" height=\"731\" src=\"https:\/\/diariodocomercio.com.br\/mix\/wp-content\/uploads\/2026\/09\/ftcms_7fe2b3cf-7f7b-48c2-b49b-d9c85d0403d1.avif\" alt=\"\" class=\"wp-image-57529\" srcset=\"https:\/\/diariodocomercio.com.br\/mix\/wp-content\/uploads\/2026\/09\/ftcms_7fe2b3cf-7f7b-48c2-b49b-d9c85d0403d1.avif 700w, https:\/\/diariodocomercio.com.br\/mix\/wp-content\/uploads\/2026\/09\/ftcms_7fe2b3cf-7f7b-48c2-b49b-d9c85d0403d1-287x300.avif 287w, https:\/\/diariodocomercio.com.br\/mix\/wp-content\/uploads\/2026\/09\/ftcms_7fe2b3cf-7f7b-48c2-b49b-d9c85d0403d1-150x157.avif 150w\" sizes=\"(max-width: 700px) 100vw, 700px\" \/><figcaption class=\"wp-element-caption\">Foto: (Reprodu\u00e7\u00e3o\/SLAC National Accelerator Laboratory)<\/figcaption><\/figure>\n<\/div>\n\n\n<p class=\"wp-block-paragraph\">Os pesquisadores estimam que uma quantidade enorme delas atravesse continuamente at\u00e9 mesmo o corpo humano. Uma estimativa apresentada pela equipe indica que algo pr\u00f3ximo de <strong>100 mil WIMPs poderia passar pela ponta de um dedo a cada segundo<\/strong>, viajando a aproximadamente 800 mil quil\u00f4metros por hora.<\/p>\n\n\n\n<p class=\"wp-block-paragraph\">O problema \u00e9 que detectar uma dessas intera\u00e7\u00f5es \u00e9 extremamente dif\u00edcil. O experimento foi instalado no subsolo justamente para reduzir a interfer\u00eancia provocada pela radia\u00e7\u00e3o existente na superf\u00edcie e aumentar as chances de identificar um evento genuinamente relacionado \u00e0 mat\u00e9ria escura.<\/p>\n\n\n\n<h2 class=\"wp-block-heading\"><strong>Resultado ainda n\u00e3o confirma a descoberta<\/strong><\/h2>\n\n\n\n<p class=\"wp-block-paragraph\">Apesar da expectativa, os cientistas evitam declarar que finalmente encontraram a mat\u00e9ria escura. Isso ocorre porque o resultado alcan\u00e7ado pelo Lux-Zeplin est\u00e1 em <strong>2,6 sigma<\/strong>, enquanto a f\u00edsica de part\u00edculas tradicionalmente exige <strong>5 sigma<\/strong> para considerar uma descoberta confirmada.<\/p>\n\n\n\n<p class=\"wp-block-paragraph\">A diferen\u00e7a \u00e9 significativa. O n\u00edvel de 5 sigma corresponde a uma probabilidade inferior a uma em um milh\u00e3o de que o resultado seja explicado por uma flutua\u00e7\u00e3o estat\u00edstica ou outro fen\u00f4meno n\u00e3o relacionado \u00e0 descoberta. No caso observado pelo LZ, existe uma possibilidade estimada de aproximadamente <strong>0,5% de que o sinal tenha outra explica\u00e7\u00e3o<\/strong>, como algum efeito de fundo ainda n\u00e3o identificado.<\/p>\n\n\n\n<p class=\"wp-block-paragraph\">Por isso, os pr\u00f3prios pesquisadores classificam o resultado como uma pista extremamente promissora, e n\u00e3o como uma confirma\u00e7\u00e3o definitiva.<\/p>\n\n\n\n<h2 class=\"wp-block-heading\"><strong>Por que a mat\u00e9ria escura \u00e9 t\u00e3o importante?<\/strong><\/h2>\n\n\n\n<p class=\"wp-block-paragraph\">A mat\u00e9ria escura \u00e9 uma das maiores inc\u00f3gnitas da ci\u00eancia moderna. Embora n\u00e3o possa ser observada diretamente por meio da luz, os pesquisadores conseguem identificar efeitos gravitacionais que indicam sua presen\u00e7a.<\/p>\n\n\n\n<p class=\"wp-block-paragraph\">As estimativas atuais apontam que a mat\u00e9ria comum, aquela que forma estrelas, planetas, seres humanos e todos os objetos observ\u00e1veis, corresponde a aproximadamente <strong>5% do conte\u00fado do Universo<\/strong>. A mat\u00e9ria escura representaria cerca de <strong>27%<\/strong>, enquanto os aproximadamente 68% restantes seriam atribu\u00eddos \u00e0 ainda enigm\u00e1tica energia escura.<\/p>\n\n\n\n<p class=\"wp-block-paragraph\">Uma das maneiras de estudar esse fen\u00f4meno \u00e9 observar como sua gravidade afeta a luz. De acordo com a relatividade geral, objetos com grande massa deformam o espa\u00e7o-tempo e podem desviar a trajet\u00f3ria da luz. Esse fen\u00f4meno, conhecido como <strong>lente gravitacional<\/strong>, permite aos astr\u00f4nomos mapear indiretamente a distribui\u00e7\u00e3o de mat\u00e9ria escura em estruturas c\u00f3smicas.<\/p>\n\n\n\n<h2 class=\"wp-block-heading\"><strong>WIMPs s\u00e3o uma das principais apostas<\/strong><\/h2>\n\n\n\n<p class=\"wp-block-paragraph\">Durante d\u00e9cadas, as WIMPs estiveram entre as principais candidatas para explicar a natureza da mat\u00e9ria escura. A ideia \u00e9 que sejam part\u00edculas extremamente massivas em compara\u00e7\u00e3o com as part\u00edculas que comp\u00f5em a mat\u00e9ria convencional, mas que apresentem uma intera\u00e7\u00e3o muito fraca com ela.<\/p>\n\n\n\n<p class=\"wp-block-paragraph\">No evento analisado pelo Lux-Zeplin, a part\u00edcula respons\u00e1vel pelo sinal teria uma massa superior a <strong>200 vezes a de um pr\u00f3ton ou n\u00eautron<\/strong>, segundo os dados apresentados sobre o experimento.<\/p>\n\n\n\n<p class=\"wp-block-paragraph\">A identifica\u00e7\u00e3o de uma WIMP seria particularmente importante porque transformaria uma hip\u00f3tese cosmol\u00f3gica em uma evid\u00eancia experimental sobre a composi\u00e7\u00e3o da mat\u00e9ria escura.<\/p>\n\n\n\n<p class=\"wp-block-paragraph\"><\/p>\n","protected":false},"excerpt":{"rendered":"<p>Um sinal luminoso registrado a cerca de 1,5 quil\u00f4metro abaixo da superf\u00edcie, em uma antiga mina de ouro em Dakota do Sul, nos Estados Unidos, pode representar um dos maiores avan\u00e7os da f\u00edsica em quase um s\u00e9culo. Pesquisadores do experimento Lux-Zeplin (LZ) identificaram uma intera\u00e7\u00e3o que, segundo a an\u00e1lise, pode ter sido provocada por uma [&hellip;]<\/p>\n","protected":false},"author":9,"featured_media":38344,"comment_status":"closed","ping_status":"closed","sticky":false,"template":"","format":"standard","meta":{"jnews-multi-image_gallery":[],"jnews_single_post":{"format":"standard"},"jnews_primary_category":[],"jnews_social_meta":[],"jnews_post_split":[],"footnotes":""},"categories":[1],"tags":[],"class_list":["post-57528","post","type-post","status-publish","format-standard","has-post-thumbnail","hentry","category-geral"],"_referencia":"","_links":{"self":[{"href":"https:\/\/diariodocomercio.com.br\/mix\/wp-json\/wp\/v2\/posts\/57528","targetHints":{"allow":["GET"]}}],"collection":[{"href":"https:\/\/diariodocomercio.com.br\/mix\/wp-json\/wp\/v2\/posts"}],"about":[{"href":"https:\/\/diariodocomercio.com.br\/mix\/wp-json\/wp\/v2\/types\/post"}],"author":[{"embeddable":true,"href":"https:\/\/diariodocomercio.com.br\/mix\/wp-json\/wp\/v2\/users\/9"}],"replies":[{"embeddable":true,"href":"https:\/\/diariodocomercio.com.br\/mix\/wp-json\/wp\/v2\/comments?post=57528"}],"version-history":[{"count":1,"href":"https:\/\/diariodocomercio.com.br\/mix\/wp-json\/wp\/v2\/posts\/57528\/revisions"}],"predecessor-version":[{"id":57530,"href":"https:\/\/diariodocomercio.com.br\/mix\/wp-json\/wp\/v2\/posts\/57528\/revisions\/57530"}],"wp:featuredmedia":[{"embeddable":true,"href":"https:\/\/diariodocomercio.com.br\/mix\/wp-json\/wp\/v2\/media\/38344"}],"wp:attachment":[{"href":"https:\/\/diariodocomercio.com.br\/mix\/wp-json\/wp\/v2\/media?parent=57528"}],"wp:term":[{"taxonomy":"category","embeddable":true,"href":"https:\/\/diariodocomercio.com.br\/mix\/wp-json\/wp\/v2\/categories?post=57528"},{"taxonomy":"post_tag","embeddable":true,"href":"https:\/\/diariodocomercio.com.br\/mix\/wp-json\/wp\/v2\/tags?post=57528"}],"curies":[{"name":"wp","href":"https:\/\/api.w.org\/{rel}","templated":true}]}}