{"id":57533,"date":"2026-09-02T16:51:00","date_gmt":"2026-09-02T19:51:00","guid":{"rendered":"https:\/\/diariodocomercio.com.br\/mix\/?p=57533"},"modified":"2026-09-02T06:33:43","modified_gmt":"2026-09-02T09:33:43","slug":"governo-de-sp-abre-inscricoes-para-cursos-tecnicos-gratuitos-prazo-vai-ate-novembro","status":"publish","type":"post","link":"https:\/\/diariodocomercio.com.br\/mix\/governo-de-sp-abre-inscricoes-para-cursos-tecnicos-gratuitos-prazo-vai-ate-novembro\/","title":{"rendered":"Governo de SP abre inscri\u00e7\u00f5es para cursos t\u00e9cnicos gratuitos; prazo vai at\u00e9 novembro"},"content":{"rendered":"\n<p class=\"wp-block-paragraph\">As inscri\u00e7\u00f5es para o <strong>Vestibulinho das Escolas T\u00e9cnicas Estaduais (Etecs)<\/strong> de S\u00e3o Paulo come\u00e7am nesta quarta-feira (2) e seguem at\u00e9 as <strong>20h de 3 de novembro de 2026<\/strong>. O processo seletivo selecionar\u00e1 estudantes para vagas do primeiro semestre de 2027 em diferentes modalidades de Ensino M\u00e9dio, cursos t\u00e9cnicos e especializa\u00e7\u00f5es. Embora a forma\u00e7\u00e3o oferecida pelas Etecs seja gratuita, os candidatos precisam pagar uma taxa de R$ 50 para participar da sele\u00e7\u00e3o, salvo aqueles que tiverem direito \u00e0 redu\u00e7\u00e3o do valor.<\/p>\n\n\n\n<p class=\"wp-block-paragraph\">O calend\u00e1rio oficial do Vestibulinho Etec 2027 foi divulgado com todas as datas do processo seletivo. A oportunidade ocorre em um momento de crescimento na procura pela forma\u00e7\u00e3o t\u00e9cnica em cidades importantes do Vale do Para\u00edba. Entre 2024 e 2025, o n\u00famero de estudantes matriculados em cursos t\u00e9cnicos aumentou <strong>15,5% em S\u00e3o Jos\u00e9 dos Campos<\/strong> e <strong>17,8% em Taubat\u00e9<\/strong>.<\/p>\n\n\n\n<p class=\"wp-block-paragraph\">O per\u00edodo regular de inscri\u00e7\u00f5es come\u00e7a em <strong>2 de setembro<\/strong> e termina \u00e0s 20h de <strong>3 de novembro de 2026<\/strong>. Nesse intervalo, os candidatos dever\u00e3o preencher o formul\u00e1rio de inscri\u00e7\u00e3o e efetuar o pagamento da taxa dentro do prazo estabelecido.<\/p>\n\n\n<div class=\"wp-block-image\">\n<figure class=\"aligncenter size-full\"><img decoding=\"async\" width=\"984\" height=\"656\" src=\"https:\/\/diariodocomercio.com.br\/mix\/wp-content\/uploads\/2026\/09\/foto-g1.avif\" alt=\"\" class=\"wp-image-57534\" srcset=\"https:\/\/diariodocomercio.com.br\/mix\/wp-content\/uploads\/2026\/09\/foto-g1.avif 984w, https:\/\/diariodocomercio.com.br\/mix\/wp-content\/uploads\/2026\/09\/foto-g1-300x200.avif 300w, https:\/\/diariodocomercio.com.br\/mix\/wp-content\/uploads\/2026\/09\/foto-g1-768x512.avif 768w, https:\/\/diariodocomercio.com.br\/mix\/wp-content\/uploads\/2026\/09\/foto-g1-150x100.avif 150w, https:\/\/diariodocomercio.com.br\/mix\/wp-content\/uploads\/2026\/09\/foto-g1-750x500.avif 750w\" sizes=\"(max-width: 984px) 100vw, 984px\" \/><figcaption class=\"wp-element-caption\">Foto: (Reprodu\u00e7\u00e3o\/TV Vanguarda)<\/figcaption><\/figure>\n<\/div>\n\n\n<p class=\"wp-block-paragraph\">As vagas contemplam as diferentes modalidades e cursos dispon\u00edveis nas Etecs para o primeiro semestre de 2027. Como as forma\u00e7\u00f5es s\u00e3o gratuitas, o processo seletivo representa uma alternativa para quem busca qualifica\u00e7\u00e3o profissional sem a cobran\u00e7a de mensalidades.<\/p>\n\n\n\n<p class=\"wp-block-paragraph\">A taxa de inscri\u00e7\u00e3o \u00e9 de <strong>R$ 50<\/strong>. Entretanto, candidatos que se enquadram nos crit\u00e9rios estabelecidos no processo poder\u00e3o solicitar redu\u00e7\u00e3o do valor.<\/p>\n\n\n\n<h2 class=\"wp-block-heading\"><strong>Calend\u00e1rio prev\u00ea redu\u00e7\u00e3o da taxa<\/strong><\/h2>\n\n\n\n<p class=\"wp-block-paragraph\">A solicita\u00e7\u00e3o de redu\u00e7\u00e3o da taxa ocorreu entre <strong>17 de agosto e 1\u00ba de setembro de 2026<\/strong>. O resultado dos pedidos ser\u00e1 divulgado em <strong>15 de setembro, a partir das 15h<\/strong>.<\/p>\n\n\n\n<p class=\"wp-block-paragraph\">Os candidatos que forem beneficiados poder\u00e3o concluir a inscri\u00e7\u00e3o pagando o valor reduzido entre <strong>15 de setembro e 3 de novembro<\/strong>. J\u00e1 quem tiver o pedido negado poder\u00e1 contestar a decis\u00e3o nos dias <strong>16 e 17 de setembro<\/strong>.<\/p>\n\n\n\n<p class=\"wp-block-paragraph\">A an\u00e1lise dos recursos est\u00e1 prevista para ser divulgada em <strong>29 de setembro, a partir das 15h<\/strong>. Dessa forma, quem solicitou o benef\u00edcio deve acompanhar as datas para n\u00e3o perder o prazo de conclus\u00e3o da inscri\u00e7\u00e3o.<\/p>\n\n\n\n<h2 class=\"wp-block-heading\"><strong>Atendimento diferenciado tamb\u00e9m tem prazo espec\u00edfico<\/strong><\/h2>\n\n\n\n<p class=\"wp-block-paragraph\">O calend\u00e1rio do Vestibulinho tamb\u00e9m contempla candidatos que necessitam de <strong>atendimento diferenciado durante a prova<\/strong>, incluindo pessoas com defici\u00eancia.<\/p>\n\n\n\n<p class=\"wp-block-paragraph\">As solicita\u00e7\u00f5es poder\u00e3o ser realizadas entre <strong>2 e 30 de setembro<\/strong>. O resultado est\u00e1 previsto para <strong>6 de outubro<\/strong>.<\/p>\n\n\n\n<p class=\"wp-block-paragraph\">Caso o candidato precise contestar a decis\u00e3o, o per\u00edodo para apresenta\u00e7\u00e3o de recurso ser\u00e1 de <strong>7 a 13 de outubro<\/strong>. A resposta aos recursos dever\u00e1 ser publicada em <strong>21 de outubro, a partir das 15h<\/strong>.<\/p>\n\n\n\n<h2 class=\"wp-block-heading\"><strong>Como fazer a inscri\u00e7\u00e3o<\/strong><\/h2>\n\n\n\n<p class=\"wp-block-paragraph\">As inscri\u00e7\u00f5es do Vestibulinho Etec 2027 s\u00e3o realizadas <strong>exclusivamente pela internet<\/strong>, por meio do site oficial do processo seletivo. O candidato deve preencher os dados solicitados e realizar o pagamento da taxa dentro do per\u00edodo estabelecido.<\/p>\n\n\n\n<p class=\"wp-block-paragraph\">Quem solicitou a redu\u00e7\u00e3o da taxa deve aguardar o resultado da an\u00e1lise antes de finalizar a inscri\u00e7\u00e3o utilizando o benef\u00edcio.<\/p>\n\n\n\n<p class=\"wp-block-paragraph\">Para quem n\u00e3o possui computador ou enfrenta dificuldades para realizar o procedimento pela internet, as pr\u00f3prias Etecs disponibilizam <strong>computadores com acesso \u00e0 internet<\/strong> para auxiliar os candidatos. Nesse caso, \u00e9 necess\u00e1rio entrar em contato diretamente com a unidade escolhida para verificar os hor\u00e1rios dispon\u00edveis para atendimento.<\/p>\n\n\n\n<p class=\"wp-block-paragraph\"><\/p>\n","protected":false},"excerpt":{"rendered":"<p>As inscri\u00e7\u00f5es para o Vestibulinho das Escolas T\u00e9cnicas Estaduais (Etecs) de S\u00e3o Paulo come\u00e7am nesta quarta-feira (2) e seguem at\u00e9 as 20h de 3 de novembro de 2026. O processo seletivo selecionar\u00e1 estudantes para vagas do primeiro semestre de 2027 em diferentes modalidades de Ensino M\u00e9dio, cursos t\u00e9cnicos e especializa\u00e7\u00f5es. Embora a forma\u00e7\u00e3o oferecida pelas [&hellip;]<\/p>\n","protected":false},"author":9,"featured_media":5475,"comment_status":"closed","ping_status":"closed","sticky":false,"template":"","format":"standard","meta":{"jnews-multi-image_gallery":[],"jnews_single_post":{"format":"standard"},"jnews_primary_category":[],"jnews_social_meta":[],"jnews_post_split":[],"footnotes":""},"categories":[1],"tags":[],"class_list":["post-57533","post","type-post","status-publish","format-standard","has-post-thumbnail","hentry","category-geral"],"_referencia":"","_links":{"self":[{"href":"https:\/\/diariodocomercio.com.br\/mix\/wp-json\/wp\/v2\/posts\/57533","targetHints":{"allow":["GET"]}}],"collection":[{"href":"https:\/\/diariodocomercio.com.br\/mix\/wp-json\/wp\/v2\/posts"}],"about":[{"href":"https:\/\/diariodocomercio.com.br\/mix\/wp-json\/wp\/v2\/types\/post"}],"author":[{"embeddable":true,"href":"https:\/\/diariodocomercio.com.br\/mix\/wp-json\/wp\/v2\/users\/9"}],"replies":[{"embeddable":true,"href":"https:\/\/diariodocomercio.com.br\/mix\/wp-json\/wp\/v2\/comments?post=57533"}],"version-history":[{"count":1,"href":"https:\/\/diariodocomercio.com.br\/mix\/wp-json\/wp\/v2\/posts\/57533\/revisions"}],"predecessor-version":[{"id":57535,"href":"https:\/\/diariodocomercio.com.br\/mix\/wp-json\/wp\/v2\/posts\/57533\/revisions\/57535"}],"wp:featuredmedia":[{"embeddable":true,"href":"https:\/\/diariodocomercio.com.br\/mix\/wp-json\/wp\/v2\/media\/5475"}],"wp:attachment":[{"href":"https:\/\/diariodocomercio.com.br\/mix\/wp-json\/wp\/v2\/media?parent=57533"}],"wp:term":[{"taxonomy":"category","embeddable":true,"href":"https:\/\/diariodocomercio.com.br\/mix\/wp-json\/wp\/v2\/categories?post=57533"},{"taxonomy":"post_tag","embeddable":true,"href":"https:\/\/diariodocomercio.com.br\/mix\/wp-json\/wp\/v2\/tags?post=57533"}],"curies":[{"name":"wp","href":"https:\/\/api.w.org\/{rel}","templated":true}]}}