{"id":57541,"date":"2026-09-02T17:39:00","date_gmt":"2026-09-02T20:39:00","guid":{"rendered":"https:\/\/diariodocomercio.com.br\/mix\/?p=57541"},"modified":"2026-09-02T06:47:41","modified_gmt":"2026-09-02T09:47:41","slug":"preco-do-feijao-sobe-e-brasileiros-precisam-ficar-atentos-ao-valor-nos-mercados","status":"publish","type":"post","link":"https:\/\/diariodocomercio.com.br\/mix\/preco-do-feijao-sobe-e-brasileiros-precisam-ficar-atentos-ao-valor-nos-mercados\/","title":{"rendered":"Pre\u00e7o do feij\u00e3o sobe e brasileiros precisam ficar atentos ao valor nos mercados"},"content":{"rendered":"\n<p class=\"wp-block-paragraph\">O pre\u00e7o do <strong>feij\u00e3o-carioca voltou a subir no fim de agosto<\/strong> ap\u00f3s um per\u00edodo de desvaloriza\u00e7\u00e3o provocado principalmente pelo avan\u00e7o da terceira safra e pelo aumento da oferta. O movimento j\u00e1 aparece nas regi\u00f5es acompanhadas pelo Centro de Estudos Avan\u00e7ados em Economia Aplicada (Cepea) e pode exigir aten\u00e7\u00e3o dos consumidores diante da possibilidade de reflexos nos valores praticados no varejo.<\/p>\n\n\n\n<p class=\"wp-block-paragraph\">Na sexta-feira (28), o indicador <strong>Cepea\/CNA<\/strong> registrou <strong>R$ 298,80 pela saca de 60 quilos de feij\u00e3o-carioca de qualidade superior no leste de Goi\u00e1s<\/strong>. O valor representa uma valoriza\u00e7\u00e3o de <strong>8,66% desde o in\u00edcio de agosto<\/strong>.<\/p>\n\n\n\n<p class=\"wp-block-paragraph\">Apesar da rea\u00e7\u00e3o, o mercado terminou o m\u00eas com negocia\u00e7\u00f5es em ritmo lento. De um lado, compradores demonstraram resist\u00eancia aos pre\u00e7os mais elevados. De outro, produtores reduziram o volume colocado \u00e0 venda depois que as cota\u00e7\u00f5es atingiram n\u00edveis considerados pouco atrativos.<\/p>\n\n\n\n<h2 class=\"wp-block-heading\"><strong>Terceira safra aumenta oferta e pressiona pre\u00e7os<\/strong><\/h2>\n\n\n\n<p class=\"wp-block-paragraph\">O avan\u00e7o da colheita da <strong>terceira safra<\/strong> elevou a disponibilidade de feij\u00e3o-carioca durante agosto e manteve a press\u00e3o sobre as cota\u00e7\u00f5es pelo terceiro m\u00eas consecutivo, segundo o Cepea.<\/p>\n\n\n\n<p class=\"wp-block-paragraph\">A maior oferta normalmente aumenta o poder de negocia\u00e7\u00e3o dos compradores e dificulta a sustenta\u00e7\u00e3o dos pre\u00e7os. No entanto, a pr\u00f3pria queda das cota\u00e7\u00f5es levou produtores a restringirem as vendas, diminuindo a quantidade dispon\u00edvel no mercado \u00e0 vista.<\/p>\n\n\n\n<p class=\"wp-block-paragraph\">Esse movimento ajudou a interromper parcialmente a trajet\u00f3ria de baixa e permitiu uma recupera\u00e7\u00e3o dos pre\u00e7os na segunda metade do m\u00eas. A rea\u00e7\u00e3o, contudo, n\u00e3o foi suficiente para eliminar a cautela entre os agentes envolvidos nas negocia\u00e7\u00f5es.<\/p>\n\n\n\n<p class=\"wp-block-paragraph\">O cen\u00e1rio terminou marcado por um equil\u00edbrio delicado: produtores buscaram valores melhores e evitaram vender grandes volumes nos menores patamares, enquanto compradores permaneceram seletivos e pouco dispostos a aceitar novas altas.<\/p>\n\n\n\n<h2 class=\"wp-block-heading\"><strong>Compradores seguram negocia\u00e7\u00f5es<\/strong><\/h2>\n\n\n\n<p class=\"wp-block-paragraph\">A resist\u00eancia dos compradores foi um dos fatores que impediram uma valoriza\u00e7\u00e3o mais intensa do feij\u00e3o-carioca no encerramento de agosto.<\/p>\n\n\n\n<p class=\"wp-block-paragraph\">Mesmo diante da menor oferta disponibilizada pelos produtores, a demanda n\u00e3o acompanhou integralmente os pre\u00e7os pedidos. Com isso, o volume de neg\u00f3cios permaneceu limitado e o mercado seguiu em compasso de espera.<\/p>\n\n\n\n<p class=\"wp-block-paragraph\">A din\u00e2mica mostra como os pre\u00e7os do alimento podem variar de acordo com a combina\u00e7\u00e3o entre disponibilidade, comportamento dos produtores e disposi\u00e7\u00e3o dos compradores. No caso do carioca, a chegada da terceira safra aumentou a oferta, mas a rea\u00e7\u00e3o dos vendedores reduziu parte dessa press\u00e3o.<\/p>\n\n\n\n<h2 class=\"wp-block-heading\"><strong>Feij\u00e3o-preto segue trajet\u00f3ria diferente<\/strong><\/h2>\n\n\n\n<p class=\"wp-block-paragraph\">O comportamento do <strong>feij\u00e3o-preto<\/strong> foi diferente. As cota\u00e7\u00f5es permaneceram relativamente est\u00e1veis nas regi\u00f5es monitoradas pelo Cepea, sustentadas principalmente pela menor disponibilidade do produto durante a entressafra.<\/p>\n\n\n\n<p class=\"wp-block-paragraph\">A procura por gr\u00e3os de qualidade superior tamb\u00e9m ajudou a dar sustenta\u00e7\u00e3o aos pre\u00e7os. Com uma oferta mais limitada, a press\u00e3o vendedora diminuiu e contribuiu para manter o mercado mais equilibrado, apesar da demanda seletiva.<\/p>\n\n\n\n<p class=\"wp-block-paragraph\">Assim, enquanto o carioca sofreu inicialmente com o aumento da oferta provocado pela terceira safra e somente depois apresentou recupera\u00e7\u00e3o, o feij\u00e3o-preto encontrou suporte justamente na restri\u00e7\u00e3o da disponibilidade.<\/p>\n\n\n\n<p class=\"wp-block-paragraph\"><\/p>\n","protected":false},"excerpt":{"rendered":"<p>O pre\u00e7o do feij\u00e3o-carioca voltou a subir no fim de agosto ap\u00f3s um per\u00edodo de desvaloriza\u00e7\u00e3o provocado principalmente pelo avan\u00e7o da terceira safra e pelo aumento da oferta. O movimento j\u00e1 aparece nas regi\u00f5es acompanhadas pelo Centro de Estudos Avan\u00e7ados em Economia Aplicada (Cepea) e pode exigir aten\u00e7\u00e3o dos consumidores diante da possibilidade de reflexos [&hellip;]<\/p>\n","protected":false},"author":9,"featured_media":31106,"comment_status":"closed","ping_status":"closed","sticky":false,"template":"","format":"standard","meta":{"jnews-multi-image_gallery":[],"jnews_single_post":{"format":"standard"},"jnews_primary_category":[],"jnews_social_meta":[],"jnews_post_split":[],"footnotes":""},"categories":[1],"tags":[],"class_list":["post-57541","post","type-post","status-publish","format-standard","has-post-thumbnail","hentry","category-geral"],"_referencia":"","_links":{"self":[{"href":"https:\/\/diariodocomercio.com.br\/mix\/wp-json\/wp\/v2\/posts\/57541","targetHints":{"allow":["GET"]}}],"collection":[{"href":"https:\/\/diariodocomercio.com.br\/mix\/wp-json\/wp\/v2\/posts"}],"about":[{"href":"https:\/\/diariodocomercio.com.br\/mix\/wp-json\/wp\/v2\/types\/post"}],"author":[{"embeddable":true,"href":"https:\/\/diariodocomercio.com.br\/mix\/wp-json\/wp\/v2\/users\/9"}],"replies":[{"embeddable":true,"href":"https:\/\/diariodocomercio.com.br\/mix\/wp-json\/wp\/v2\/comments?post=57541"}],"version-history":[{"count":1,"href":"https:\/\/diariodocomercio.com.br\/mix\/wp-json\/wp\/v2\/posts\/57541\/revisions"}],"predecessor-version":[{"id":57542,"href":"https:\/\/diariodocomercio.com.br\/mix\/wp-json\/wp\/v2\/posts\/57541\/revisions\/57542"}],"wp:featuredmedia":[{"embeddable":true,"href":"https:\/\/diariodocomercio.com.br\/mix\/wp-json\/wp\/v2\/media\/31106"}],"wp:attachment":[{"href":"https:\/\/diariodocomercio.com.br\/mix\/wp-json\/wp\/v2\/media?parent=57541"}],"wp:term":[{"taxonomy":"category","embeddable":true,"href":"https:\/\/diariodocomercio.com.br\/mix\/wp-json\/wp\/v2\/categories?post=57541"},{"taxonomy":"post_tag","embeddable":true,"href":"https:\/\/diariodocomercio.com.br\/mix\/wp-json\/wp\/v2\/tags?post=57541"}],"curies":[{"name":"wp","href":"https:\/\/api.w.org\/{rel}","templated":true}]}}