{"id":57543,"date":"2026-09-02T22:12:00","date_gmt":"2026-09-03T01:12:00","guid":{"rendered":"https:\/\/diariodocomercio.com.br\/mix\/?p=57543"},"modified":"2026-09-02T06:54:46","modified_gmt":"2026-09-02T09:54:46","slug":"governo-prepara-mudanca-com-novos-impostos-que-comecam-a-valer-em-2027","status":"publish","type":"post","link":"https:\/\/diariodocomercio.com.br\/mix\/governo-prepara-mudanca-com-novos-impostos-que-comecam-a-valer-em-2027\/","title":{"rendered":"Governo prepara mudan\u00e7a com novos impostos que come\u00e7am a valer em 2027"},"content":{"rendered":"\n<p class=\"wp-block-paragraph\">Micro e pequenas empresas enquadradas no <strong>Simples Nacional<\/strong> precisam ficar atentas a uma mudan\u00e7a que come\u00e7a a ser preparada j\u00e1 em setembro. A partir desta ter\u00e7a-feira (1\u00ba), os contribuintes ter\u00e3o at\u00e9 <strong>30 de setembro de 2026<\/strong> para decidir como ser\u00e1 o recolhimento do <strong>Imposto sobre Bens e Servi\u00e7os (IBS)<\/strong> e da <strong>Contribui\u00e7\u00e3o sobre Bens e Servi\u00e7os (CBS)<\/strong> durante o primeiro semestre de 2027.<\/p>\n\n\n\n<p class=\"wp-block-paragraph\">Os dois tributos foram criados pela <strong>Reforma Tribut\u00e1ria<\/strong> e fazem parte da transi\u00e7\u00e3o para o novo modelo de tributa\u00e7\u00e3o, cuja implementa\u00e7\u00e3o entra em uma nova etapa a partir de 2027. As regras espec\u00edficas para as empresas do Simples foram aprovadas pelo <strong>Comit\u00ea Gestor do Simples Nacional (CGSN)<\/strong>.<\/p>\n\n\n\n<p class=\"wp-block-paragraph\">A altera\u00e7\u00e3o est\u00e1 prevista na <strong>Resolu\u00e7\u00e3o CGSN n\u00ba 186\/2026<\/strong>, decorrente das mudan\u00e7as promovidas pela <strong>Lei Complementar n\u00ba 214\/2025<\/strong> na Lei Complementar n\u00ba 123\/2006.<\/p>\n\n\n\n<h2 class=\"wp-block-heading\"><strong>Empresas ter\u00e3o que escolher regime para IBS e CBS<\/strong><\/h2>\n\n\n\n<p class=\"wp-block-paragraph\">Uma das principais mudan\u00e7as permite que a empresa continue enquadrada no Simples Nacional e, ao mesmo tempo, escolha recolher <strong>IBS e CBS pelo regime regular<\/strong>.<\/p>\n\n\n\n<p class=\"wp-block-paragraph\">Para o primeiro semestre de 2027, essa decis\u00e3o dever\u00e1 ser tomada durante setembro de 2026 e ter\u00e1 validade entre <strong>janeiro e junho do pr\u00f3ximo ano<\/strong>. Caso a empresa n\u00e3o opte pelo recolhimento regular, os dois tributos permanecer\u00e3o dentro da sistem\u00e1tica do Simples Nacional nesse per\u00edodo.<\/p>\n\n\n\n<p class=\"wp-block-paragraph\">A escolha pode ser particularmente relevante para empresas que comercializam produtos ou servi\u00e7os para outras companhias. Isso ocorre porque o regime regular pode permitir a <strong>gera\u00e7\u00e3o e o aproveitamento de cr\u00e9ditos tribut\u00e1rios<\/strong>, fator que pode influenciar diretamente a forma\u00e7\u00e3o de pre\u00e7os e a rela\u00e7\u00e3o comercial entre empresas.<\/p>\n\n\n\n<p class=\"wp-block-paragraph\">A decis\u00e3o, entretanto, n\u00e3o ser\u00e1 necessariamente definitiva para todo o ano. Haver\u00e1 uma nova oportunidade entre <strong>1\u00ba e 31 de mar\u00e7o de 2027<\/strong>, quando os contribuintes poder\u00e3o escolher o regime para o segundo semestre.<\/p>\n\n\n\n<h2 class=\"wp-block-heading\"><strong>Reforma tribut\u00e1ria muda planejamento das pequenas empresas<\/strong><\/h2>\n\n\n\n<p class=\"wp-block-paragraph\">A mudan\u00e7a faz parte do processo de adapta\u00e7\u00e3o do Simples Nacional ao novo sistema tribut\u00e1rio. A inten\u00e7\u00e3o \u00e9 permitir que as empresas tenham maior previsibilidade e iniciem 2027 j\u00e1 sabendo qual sistem\u00e1tica ser\u00e1 aplicada aos tributos.<\/p>\n\n\n\n<p class=\"wp-block-paragraph\">Na pr\u00e1tica, o empres\u00e1rio precisar\u00e1 avaliar qual alternativa \u00e9 mais adequada \u00e0 realidade do neg\u00f3cio, especialmente considerando o perfil dos clientes e a possibilidade de aproveitamento de cr\u00e9ditos no regime regular.<\/p>\n\n\n\n<p class=\"wp-block-paragraph\">A transi\u00e7\u00e3o tamb\u00e9m cria novos procedimentos para quem pretende permanecer ou ingressar no Simples Nacional em 2027.<\/p>\n\n\n\n<h2 class=\"wp-block-heading\"><strong>Novos mecanismos para verificar pend\u00eancias<\/strong><\/h2>\n\n\n\n<p class=\"wp-block-paragraph\">Outra novidade prevista nas regras \u00e9 a possibilidade de consultar, antes da confirma\u00e7\u00e3o da op\u00e7\u00e3o, as <strong>pend\u00eancias identificadas por Estados e Munic\u00edpios<\/strong>.<\/p>\n\n\n\n<p class=\"wp-block-paragraph\">Durante a an\u00e1lise de viabilidade, eventuais irregularidades ser\u00e3o apresentadas separadamente de acordo com o ente federativo respons\u00e1vel. Se houver uma pend\u00eancia considerada impeditiva depois da confirma\u00e7\u00e3o da op\u00e7\u00e3o, o \u00f3rg\u00e3o correspondente poder\u00e1 emitir o <strong>Termo de Indeferimento (TI)<\/strong>.<\/p>\n\n\n\n<p class=\"wp-block-paragraph\">Isso, por\u00e9m, n\u00e3o significa que a empresa perder\u00e1 imediatamente a possibilidade de ingressar no Simples Nacional.<\/p>\n\n\n\n<h2 class=\"wp-block-heading\"><strong>Empresa ter\u00e1 prazo para regularizar situa\u00e7\u00e3o<\/strong><\/h2>\n\n\n\n<p class=\"wp-block-paragraph\">Depois de tomar ci\u00eancia do Termo de Indeferimento, o contribuinte ter\u00e1 <strong>30 dias corridos para regularizar as pend\u00eancias<\/strong>, conforme as regras estabelecidas pela Resolu\u00e7\u00e3o CGSN n\u00ba 186\/2026.<\/p>\n\n\n\n<p class=\"wp-block-paragraph\">Com a comunica\u00e7\u00e3o, o Termo de Indeferimento poder\u00e1 ser cancelado e a op\u00e7\u00e3o pelo Simples Nacional, deferida.<\/p>\n\n\n\n<p class=\"wp-block-paragraph\">Por esse motivo, a recomenda\u00e7\u00e3o \u00e9 que eventuais irregularidades sejam resolvidas com anteced\u00eancia, evitando que o contribuinte deixe a regulariza\u00e7\u00e3o para os \u00faltimos dias do per\u00edodo dispon\u00edvel.<\/p>\n\n\n\n<p class=\"wp-block-paragraph\"><\/p>\n","protected":false},"excerpt":{"rendered":"<p>Micro e pequenas empresas enquadradas no Simples Nacional precisam ficar atentas a uma mudan\u00e7a que come\u00e7a a ser preparada j\u00e1 em setembro. A partir desta ter\u00e7a-feira (1\u00ba), os contribuintes ter\u00e3o at\u00e9 30 de setembro de 2026 para decidir como ser\u00e1 o recolhimento do Imposto sobre Bens e Servi\u00e7os (IBS) e da Contribui\u00e7\u00e3o sobre Bens e [&hellip;]<\/p>\n","protected":false},"author":9,"featured_media":27219,"comment_status":"closed","ping_status":"closed","sticky":false,"template":"","format":"standard","meta":{"jnews-multi-image_gallery":[],"jnews_single_post":{"format":"standard"},"jnews_primary_category":[],"jnews_social_meta":[],"jnews_post_split":[],"footnotes":""},"categories":[1],"tags":[],"class_list":["post-57543","post","type-post","status-publish","format-standard","has-post-thumbnail","hentry","category-geral"],"_referencia":"","_links":{"self":[{"href":"https:\/\/diariodocomercio.com.br\/mix\/wp-json\/wp\/v2\/posts\/57543","targetHints":{"allow":["GET"]}}],"collection":[{"href":"https:\/\/diariodocomercio.com.br\/mix\/wp-json\/wp\/v2\/posts"}],"about":[{"href":"https:\/\/diariodocomercio.com.br\/mix\/wp-json\/wp\/v2\/types\/post"}],"author":[{"embeddable":true,"href":"https:\/\/diariodocomercio.com.br\/mix\/wp-json\/wp\/v2\/users\/9"}],"replies":[{"embeddable":true,"href":"https:\/\/diariodocomercio.com.br\/mix\/wp-json\/wp\/v2\/comments?post=57543"}],"version-history":[{"count":1,"href":"https:\/\/diariodocomercio.com.br\/mix\/wp-json\/wp\/v2\/posts\/57543\/revisions"}],"predecessor-version":[{"id":57544,"href":"https:\/\/diariodocomercio.com.br\/mix\/wp-json\/wp\/v2\/posts\/57543\/revisions\/57544"}],"wp:featuredmedia":[{"embeddable":true,"href":"https:\/\/diariodocomercio.com.br\/mix\/wp-json\/wp\/v2\/media\/27219"}],"wp:attachment":[{"href":"https:\/\/diariodocomercio.com.br\/mix\/wp-json\/wp\/v2\/media?parent=57543"}],"wp:term":[{"taxonomy":"category","embeddable":true,"href":"https:\/\/diariodocomercio.com.br\/mix\/wp-json\/wp\/v2\/categories?post=57543"},{"taxonomy":"post_tag","embeddable":true,"href":"https:\/\/diariodocomercio.com.br\/mix\/wp-json\/wp\/v2\/tags?post=57543"}],"curies":[{"name":"wp","href":"https:\/\/api.w.org\/{rel}","templated":true}]}}