{"id":57553,"date":"2026-09-03T01:31:00","date_gmt":"2026-09-03T04:31:00","guid":{"rendered":"https:\/\/diariodocomercio.com.br\/mix\/?p=57553"},"modified":"2026-09-02T07:24:41","modified_gmt":"2026-09-02T10:24:41","slug":"aos-49-anos-ronaldo-fenomeno-esta-perto-de-confirmar-a-volta-ao-futebol-brasileiro","status":"publish","type":"post","link":"https:\/\/diariodocomercio.com.br\/mix\/aos-49-anos-ronaldo-fenomeno-esta-perto-de-confirmar-a-volta-ao-futebol-brasileiro\/","title":{"rendered":"Aos 49 anos, Ronaldo Fen\u00f4meno est\u00e1 perto de confirmar a volta ao futebol brasileiro"},"content":{"rendered":"\n<p class=\"wp-block-paragraph\">Aos 49 anos, Ronaldo Fen\u00f4meno est\u00e1 cada vez mais pr\u00f3ximo de voltar a ter participa\u00e7\u00e3o direta no futebol brasileiro. A proposta para que um grupo de investidores assuma a Sociedade An\u00f4nima do Futebol (SAF) da Inter de Limeira foi aprovada nesta segunda-feira (31) pelo Conselho do clube, abrindo caminho para uma nova fase administrativa e esportiva da equipe paulista.<\/p>\n\n\n\n<p class=\"wp-block-paragraph\">A vota\u00e7\u00e3o terminou com ampla maioria: foram 53 votos favor\u00e1veis e apenas um contr\u00e1rio. O estatuto da Inter exigia o apoio de pelo menos dois ter\u00e7os dos conselheiros presentes na Assembleia Geral Extraordin\u00e1ria para que o acordo pudesse avan\u00e7ar.<\/p>\n\n\n\n<p class=\"wp-block-paragraph\">Apesar da aprova\u00e7\u00e3o, a transfer\u00eancia da gest\u00e3o ainda depende de algumas etapas burocr\u00e1ticas. A expectativa \u00e9 que todo o processo seja conclu\u00eddo at\u00e9 o in\u00edcio de 2027.<\/p>\n\n\n<div class=\"wp-block-image\">\n<figure class=\"aligncenter size-large is-resized\"><img decoding=\"async\" width=\"947\" height=\"1200\" src=\"https:\/\/diariodocomercio.com.br\/mix\/wp-content\/uploads\/2026\/09\/whatsapp-image-2026-03-30-at-09.04.47-947x1200.avif\" alt=\"\" class=\"wp-image-57554\" style=\"aspect-ratio:0.7891692603625385;width:475px;height:auto\" srcset=\"https:\/\/diariodocomercio.com.br\/mix\/wp-content\/uploads\/2026\/09\/whatsapp-image-2026-03-30-at-09.04.47-947x1200.avif 947w, https:\/\/diariodocomercio.com.br\/mix\/wp-content\/uploads\/2026\/09\/whatsapp-image-2026-03-30-at-09.04.47-237x300.avif 237w, https:\/\/diariodocomercio.com.br\/mix\/wp-content\/uploads\/2026\/09\/whatsapp-image-2026-03-30-at-09.04.47-768x973.avif 768w, https:\/\/diariodocomercio.com.br\/mix\/wp-content\/uploads\/2026\/09\/whatsapp-image-2026-03-30-at-09.04.47-150x190.avif 150w, https:\/\/diariodocomercio.com.br\/mix\/wp-content\/uploads\/2026\/09\/whatsapp-image-2026-03-30-at-09.04.47-750x950.avif 750w, https:\/\/diariodocomercio.com.br\/mix\/wp-content\/uploads\/2026\/09\/whatsapp-image-2026-03-30-at-09.04.47.avif 984w\" sizes=\"(max-width: 947px) 100vw, 947px\" \/><figcaption class=\"wp-element-caption\">Foto: (Reprodu\u00e7\u00e3o\/Instagram)<\/figcaption><\/figure>\n<\/div>\n\n\n<h2 class=\"wp-block-heading\"><strong>Ronaldo e Roberto Carlos fazem parte do grupo<\/strong><\/h2>\n\n\n\n<p class=\"wp-block-paragraph\">O projeto tem como principal articulador o executivo Enrico Ambrogini e re\u00fane dois nomes hist\u00f3ricos do futebol brasileiro: Ronaldo e Roberto Carlos, ambos campe\u00f5es mundiais pela Sele\u00e7\u00e3o Brasileira em 2002.<\/p>\n\n\n\n<p class=\"wp-block-paragraph\">Tamb\u00e9m integra o grupo o pr\u00edncipe saudita Abdullah bin Saad bin Abdulaziz Al Saud. H\u00e1 ainda um quarto investidor, cuja identidade ainda n\u00e3o foi divulgada.<\/p>\n\n\n\n<p class=\"wp-block-paragraph\">A presen\u00e7a de Ambrogini aproxima o projeto de uma experi\u00eancia anterior de Ronaldo no futebol brasileiro. O executivo trabalhou na gest\u00e3o do ex-atacante no Cruzeiro em 2022, quando ocupou o cargo de diretor de opera\u00e7\u00f5es e participou da campanha que levou o clube de volta \u00e0 S\u00e9rie A.<\/p>\n\n\n\n<p class=\"wp-block-paragraph\">Depois de deixar o Cruzeiro no fim de 2023, Ambrogini passou pelo Figueirense, onde foi CEO, e posteriormente assumiu a fun\u00e7\u00e3o de diretor geral de futebol do Sport. A rela\u00e7\u00e3o com a Inter de Limeira tamb\u00e9m n\u00e3o \u00e9 nova: ele comandou o clube como CEO entre 2019 e 2021, antes de sair para trabalhar com Ronaldo no Valladolid.<\/p>\n\n\n\n<h2 class=\"wp-block-heading\"><strong>Plano prev\u00ea investimento milion\u00e1rio<\/strong><\/h2>\n\n\n\n<p class=\"wp-block-paragraph\">A transforma\u00e7\u00e3o da Inter em SAF prev\u00ea uma inje\u00e7\u00e3o inicial de at\u00e9 R$ 20 milh\u00f5es entre 2026 e 2027. O dinheiro dever\u00e1 ser utilizado no processo de reorganiza\u00e7\u00e3o do clube, incluindo o pagamento de d\u00edvidas atualmente estimadas em R$ 8,5 milh\u00f5es.<\/p>\n\n\n\n<p class=\"wp-block-paragraph\">O planejamento tamb\u00e9m estabelece uma garantia m\u00ednima de R$ 187 milh\u00f5es em investimentos durante os pr\u00f3ximos 15 anos. Entre as prioridades est\u00e3o a moderniza\u00e7\u00e3o do centro de treinamento, a profissionaliza\u00e7\u00e3o da estrutura administrativa e a ado\u00e7\u00e3o de novas tecnologias.<\/p>\n\n\n\n<p class=\"wp-block-paragraph\">Outro ponto previsto \u00e9 a revitaliza\u00e7\u00e3o do Limeir\u00e3o, est\u00e1dio que recebe os jogos da equipe.<\/p>\n\n\n\n<p class=\"wp-block-paragraph\">No campo esportivo, a ambi\u00e7\u00e3o \u00e9 ainda maior: o grupo pretende levar a Inter de Limeira \u00e0 S\u00e9rie A do Campeonato Brasileiro em um per\u00edodo de at\u00e9 oito temporadas.<\/p>\n\n\n\n<h2 class=\"wp-block-heading\"><strong>Inter de Limeira tem hist\u00f3ria no futebol paulista<\/strong><\/h2>\n\n\n\n<p class=\"wp-block-paragraph\">A Inter de Limeira possui 112 anos de hist\u00f3ria e ocupa um espa\u00e7o importante entre os clubes do interior de S\u00e3o Paulo. Em 1986, tornou-se a primeira equipe do interior paulista a conquistar o Campeonato Estadual.<\/p>\n\n\n\n<p class=\"wp-block-paragraph\">Dois anos depois, em 1988, o clube voltou a levantar um trof\u00e9u de relev\u00e2ncia nacional ao conquistar a S\u00e9rie B do Campeonato Brasileiro.<\/p>\n\n\n\n<p class=\"wp-block-paragraph\">A nova SAF pretende utilizar esse hist\u00f3rico como ponto de partida para uma reconstru\u00e7\u00e3o financeira e esportiva, com a meta de recolocar a equipe em uma das principais divis\u00f5es do futebol nacional.<\/p>\n\n\n\n<p class=\"wp-block-paragraph\">A possibilidade de transformar o departamento de futebol da Inter de Limeira em uma SAF come\u00e7ou a ser estudada em 2023. O processo ganhou velocidade a partir de dezembro de 2025, quando o grupo de investidores apresentou formalmente sua proposta.<\/p>\n\n\n\n<p class=\"wp-block-paragraph\">A oferta havia sido apresentada inicialmente no fim de mar\u00e7o deste ano. Naquele momento, o Conselho Deliberativo j\u00e1 havia autorizado a elabora\u00e7\u00e3o do memorando de entendimentos e o avan\u00e7o das negocia\u00e7\u00f5es necess\u00e1rias para estruturar juridicamente a opera\u00e7\u00e3o.<\/p>\n\n\n\n<p class=\"wp-block-paragraph\"><\/p>\n","protected":false},"excerpt":{"rendered":"<p>Aos 49 anos, Ronaldo Fen\u00f4meno est\u00e1 cada vez mais pr\u00f3ximo de voltar a ter participa\u00e7\u00e3o direta no futebol brasileiro. A proposta para que um grupo de investidores assuma a Sociedade An\u00f4nima do Futebol (SAF) da Inter de Limeira foi aprovada nesta segunda-feira (31) pelo Conselho do clube, abrindo caminho para uma nova fase administrativa e [&hellip;]<\/p>\n","protected":false},"author":9,"featured_media":46670,"comment_status":"closed","ping_status":"closed","sticky":false,"template":"","format":"standard","meta":{"jnews-multi-image_gallery":[],"jnews_single_post":{"format":"standard"},"jnews_primary_category":[],"jnews_social_meta":[],"jnews_post_split":[],"footnotes":""},"categories":[1],"tags":[],"class_list":["post-57553","post","type-post","status-publish","format-standard","has-post-thumbnail","hentry","category-geral"],"_referencia":"","_links":{"self":[{"href":"https:\/\/diariodocomercio.com.br\/mix\/wp-json\/wp\/v2\/posts\/57553","targetHints":{"allow":["GET"]}}],"collection":[{"href":"https:\/\/diariodocomercio.com.br\/mix\/wp-json\/wp\/v2\/posts"}],"about":[{"href":"https:\/\/diariodocomercio.com.br\/mix\/wp-json\/wp\/v2\/types\/post"}],"author":[{"embeddable":true,"href":"https:\/\/diariodocomercio.com.br\/mix\/wp-json\/wp\/v2\/users\/9"}],"replies":[{"embeddable":true,"href":"https:\/\/diariodocomercio.com.br\/mix\/wp-json\/wp\/v2\/comments?post=57553"}],"version-history":[{"count":1,"href":"https:\/\/diariodocomercio.com.br\/mix\/wp-json\/wp\/v2\/posts\/57553\/revisions"}],"predecessor-version":[{"id":57555,"href":"https:\/\/diariodocomercio.com.br\/mix\/wp-json\/wp\/v2\/posts\/57553\/revisions\/57555"}],"wp:featuredmedia":[{"embeddable":true,"href":"https:\/\/diariodocomercio.com.br\/mix\/wp-json\/wp\/v2\/media\/46670"}],"wp:attachment":[{"href":"https:\/\/diariodocomercio.com.br\/mix\/wp-json\/wp\/v2\/media?parent=57553"}],"wp:term":[{"taxonomy":"category","embeddable":true,"href":"https:\/\/diariodocomercio.com.br\/mix\/wp-json\/wp\/v2\/categories?post=57553"},{"taxonomy":"post_tag","embeddable":true,"href":"https:\/\/diariodocomercio.com.br\/mix\/wp-json\/wp\/v2\/tags?post=57553"}],"curies":[{"name":"wp","href":"https:\/\/api.w.org\/{rel}","templated":true}]}}