{"id":57559,"date":"2026-09-03T00:43:00","date_gmt":"2026-09-03T03:43:00","guid":{"rendered":"https:\/\/diariodocomercio.com.br\/mix\/?p=57559"},"modified":"2026-09-02T07:40:42","modified_gmt":"2026-09-02T10:40:42","slug":"pib-do-brasil-cresce-acima-do-esperado-e-revela-surpresa-na-economia-em-2026","status":"publish","type":"post","link":"https:\/\/diariodocomercio.com.br\/mix\/pib-do-brasil-cresce-acima-do-esperado-e-revela-surpresa-na-economia-em-2026\/","title":{"rendered":"PIB do Brasil cresce acima do esperado e revela surpresa na economia em 2026"},"content":{"rendered":"\n<p class=\"wp-block-paragraph\">A economia brasileira apresentou um desempenho melhor do que o previsto no segundo trimestre de 2026. O <strong>Produto Interno Bruto (PIB) cresceu 0,5% entre abril e junho<\/strong>, na compara\u00e7\u00e3o com os tr\u00eas primeiros meses do ano, segundo dados divulgados pelo Instituto Brasileiro de Geografia e Estat\u00edstica (IBGE) nesta ter\u00e7a-feira (1\u00ba). Em valores correntes, o PIB alcan\u00e7ou <strong>R$ 3,4 trilh\u00f5es<\/strong> no per\u00edodo.<\/p>\n\n\n\n<p class=\"wp-block-paragraph\">O resultado veio acima da estimativa do mercado, que projetava uma expans\u00e3o de <strong>0,4%<\/strong>. Com a alta registrada, o Brasil tamb\u00e9m passou a ocupar a <strong>quinta posi\u00e7\u00e3o entre 50 pa\u00edses<\/strong> que j\u00e1 haviam apresentado os n\u00fameros do PIB referente ao segundo trimestre.<\/p>\n\n\n\n<p class=\"wp-block-paragraph\">O levantamento elaborado pela ag\u00eancia de classifica\u00e7\u00e3o de risco <strong>Austin Rating<\/strong>, com informa\u00e7\u00f5es do Fundo Monet\u00e1rio Internacional (FMI), mostra o desempenho brasileiro na compara\u00e7\u00e3o com economias que j\u00e1 divulgaram seus resultados trimestrais.<\/p>\n\n\n\n<p class=\"wp-block-paragraph\">A lideran\u00e7a do ranking pertence \u00e0 <strong>Irlanda<\/strong>, que apresentou crescimento de 1% no per\u00edodo. O Brasil, com avan\u00e7o de 0,5%, aparece na quinta coloca\u00e7\u00e3o, \u00e0 frente de economias de grande peso internacional, como Estados Unidos e China.<\/p>\n\n\n\n<p class=\"wp-block-paragraph\">O resultado brasileiro tamb\u00e9m ficou acima das m\u00e9dias observadas em diferentes grupos econ\u00f4micos. Os 50 pa\u00edses considerados no levantamento tiveram expans\u00e3o m\u00e9dia de <strong>0,2%<\/strong>, enquanto a m\u00e9dia dos pa\u00edses da <strong>Zona do Euro ficou em 0,1%<\/strong>. O desempenho brasileiro tamb\u00e9m superou o registrado pelo <strong>G7<\/strong>, grupo formado por Alemanha, Canad\u00e1, Estados Unidos, Fran\u00e7a, It\u00e1lia, Jap\u00e3o e Reino Unido.<\/p>\n\n\n\n<h2 class=\"wp-block-heading\"><strong>Resultado surpreende proje\u00e7\u00f5es para 2026<\/strong><\/h2>\n\n\n\n<p class=\"wp-block-paragraph\">A expans\u00e3o de 0,5% foi destacada tamb\u00e9m pela <strong>Secretaria de Pol\u00edtica Econ\u00f4mica (SPE) do Minist\u00e9rio da Fazenda<\/strong>. Em boletim divulgado ap\u00f3s os n\u00fameros do IBGE, o \u00f3rg\u00e3o apontou que o resultado ficou acima das expectativas predominantes no mercado.<\/p>\n\n\n\n<p class=\"wp-block-paragraph\">A diferen\u00e7a, embora pare\u00e7a pequena, refor\u00e7a a percep\u00e7\u00e3o de que a atividade econ\u00f4mica conseguiu manter um ritmo de crescimento superior ao inicialmente projetado para o segundo trimestre.<\/p>\n\n\n\n<p class=\"wp-block-paragraph\">Em valores absolutos, os R$ 3,4 trilh\u00f5es movimentados pela economia brasileira no per\u00edodo ajudam a dimensionar o tamanho da atividade econ\u00f4mica entre abril e junho.<\/p>\n\n\n\n<h2 class=\"wp-block-heading\"><strong>Governo Lula recupera posi\u00e7\u00e3o perdida, segundo compara\u00e7\u00e3o apresentada<\/strong><\/h2>\n\n\n\n<p class=\"wp-block-paragraph\">Os dados tamb\u00e9m s\u00e3o apresentados em um contexto de recupera\u00e7\u00e3o da economia brasileira em rela\u00e7\u00e3o ao posicionamento internacional do pa\u00eds. Ap\u00f3s o per\u00edodo de Jair Bolsonaro (PL), entre 2019 e 2022, quando o Brasil teria passado da <strong>9\u00aa para a 13\u00aa posi\u00e7\u00e3o<\/strong> em um ranking de tamanho das economias, o terceiro mandato de Luiz In\u00e1cio Lula da Silva (PT) \u00e9 apontado como respons\u00e1vel por uma nova recupera\u00e7\u00e3o.<\/p>\n\n\n\n<p class=\"wp-block-paragraph\">A trajet\u00f3ria tamb\u00e9m \u00e9 comparada aos dois primeiros governos Lula. Entre 2003 e 2010, o Brasil teria avan\u00e7ado da <strong>14\u00aa posi\u00e7\u00e3o para a 7\u00aa coloca\u00e7\u00e3o<\/strong> entre as maiores economias mundiais. O s\u00e9timo lugar, alcan\u00e7ado ao final do segundo mandato, foi a melhor posi\u00e7\u00e3o registrada pelo pa\u00eds at\u00e9 ent\u00e3o.<\/p>\n\n\n\n<p class=\"wp-block-paragraph\">A coloca\u00e7\u00e3o permaneceu durante parte do governo Dilma Rousseff (PT), antes da crise pol\u00edtica e econ\u00f4mica que marcou 2015 e 2016. Na sequ\u00eancia, o pa\u00eds perdeu posi\u00e7\u00f5es e chegou \u00e0 13\u00aa coloca\u00e7\u00e3o durante o governo Bolsonaro.<\/p>\n\n\n\n<p class=\"wp-block-paragraph\">O avan\u00e7o registrado no segundo trimestre coloca o Brasil entre os pa\u00edses com melhor desempenho na compara\u00e7\u00e3o trimestral dos resultados j\u00e1 divulgados. A quinta posi\u00e7\u00e3o no levantamento internacional ganha relev\u00e2ncia justamente porque o crescimento nacional foi superior tanto \u00e0 m\u00e9dia global considerada na amostra quanto aos indicadores de importantes blocos econ\u00f4micos.<\/p>\n\n\n\n<p class=\"wp-block-paragraph\"><\/p>\n","protected":false},"excerpt":{"rendered":"<p>A economia brasileira apresentou um desempenho melhor do que o previsto no segundo trimestre de 2026. O Produto Interno Bruto (PIB) cresceu 0,5% entre abril e junho, na compara\u00e7\u00e3o com os tr\u00eas primeiros meses do ano, segundo dados divulgados pelo Instituto Brasileiro de Geografia e Estat\u00edstica (IBGE) nesta ter\u00e7a-feira (1\u00ba). Em valores correntes, o PIB [&hellip;]<\/p>\n","protected":false},"author":9,"featured_media":51559,"comment_status":"closed","ping_status":"closed","sticky":false,"template":"","format":"standard","meta":{"jnews-multi-image_gallery":[],"jnews_single_post":{"format":"standard"},"jnews_primary_category":[],"jnews_social_meta":[],"jnews_post_split":[],"footnotes":""},"categories":[1],"tags":[],"class_list":["post-57559","post","type-post","status-publish","format-standard","has-post-thumbnail","hentry","category-geral"],"_referencia":"","_links":{"self":[{"href":"https:\/\/diariodocomercio.com.br\/mix\/wp-json\/wp\/v2\/posts\/57559","targetHints":{"allow":["GET"]}}],"collection":[{"href":"https:\/\/diariodocomercio.com.br\/mix\/wp-json\/wp\/v2\/posts"}],"about":[{"href":"https:\/\/diariodocomercio.com.br\/mix\/wp-json\/wp\/v2\/types\/post"}],"author":[{"embeddable":true,"href":"https:\/\/diariodocomercio.com.br\/mix\/wp-json\/wp\/v2\/users\/9"}],"replies":[{"embeddable":true,"href":"https:\/\/diariodocomercio.com.br\/mix\/wp-json\/wp\/v2\/comments?post=57559"}],"version-history":[{"count":1,"href":"https:\/\/diariodocomercio.com.br\/mix\/wp-json\/wp\/v2\/posts\/57559\/revisions"}],"predecessor-version":[{"id":57560,"href":"https:\/\/diariodocomercio.com.br\/mix\/wp-json\/wp\/v2\/posts\/57559\/revisions\/57560"}],"wp:featuredmedia":[{"embeddable":true,"href":"https:\/\/diariodocomercio.com.br\/mix\/wp-json\/wp\/v2\/media\/51559"}],"wp:attachment":[{"href":"https:\/\/diariodocomercio.com.br\/mix\/wp-json\/wp\/v2\/media?parent=57559"}],"wp:term":[{"taxonomy":"category","embeddable":true,"href":"https:\/\/diariodocomercio.com.br\/mix\/wp-json\/wp\/v2\/categories?post=57559"},{"taxonomy":"post_tag","embeddable":true,"href":"https:\/\/diariodocomercio.com.br\/mix\/wp-json\/wp\/v2\/tags?post=57559"}],"curies":[{"name":"wp","href":"https:\/\/api.w.org\/{rel}","templated":true}]}}