{"id":57568,"date":"2026-09-03T19:05:00","date_gmt":"2026-09-03T22:05:00","guid":{"rendered":"https:\/\/diariodocomercio.com.br\/mix\/?p=57568"},"modified":"2026-09-02T08:05:12","modified_gmt":"2026-09-02T11:05:12","slug":"especialistas-pedem-que-brasileiros-se-preparem-para-o-que-pode-acontecer-nos-dias-04-09-e-05-09","status":"publish","type":"post","link":"https:\/\/diariodocomercio.com.br\/mix\/especialistas-pedem-que-brasileiros-se-preparem-para-o-que-pode-acontecer-nos-dias-04-09-e-05-09\/","title":{"rendered":"Especialistas pedem que brasileiros se preparem para o que pode acontecer nos dias 04\/09 e 05\/09"},"content":{"rendered":"\n<p class=\"wp-block-paragraph\">A chegada de setembro deve ser marcada por uma mudan\u00e7a significativa nas condi\u00e7\u00f5es do tempo em v\u00e1rias partes do Brasil. Uma frente fria avan\u00e7a pelo pa\u00eds e, entre sexta-feira (4) e s\u00e1bado (5), deve aumentar a instabilidade principalmente no Sul e no Sudeste. A combina\u00e7\u00e3o entre umidade, calor e a atua\u00e7\u00e3o do sistema favorece a forma\u00e7\u00e3o de nuvens carregadas, com possibilidade de chuva moderada a forte, raios, temporais isolados e rajadas de vento.<\/p>\n\n\n\n<p class=\"wp-block-paragraph\">Al\u00e9m das precipita\u00e7\u00f5es, a passagem da frente fria abrir\u00e1 espa\u00e7o para uma nova massa de ar frio de origem polar. O ar gelado come\u00e7a a ingressar pelo Sul no s\u00e1bado, ganha intensidade durante a noite e deve provocar uma queda acentuada nas temperaturas, deixando o amanhecer de domingo (6) bastante frio em boa parte da regi\u00e3o.<\/p>\n\n\n\n<p class=\"wp-block-paragraph\">A quinta-feira ainda ser\u00e1 predominantemente est\u00e1vel nos tr\u00eas estados do Sul. A presen\u00e7a da massa de ar frio e seco mant\u00e9m o sol predominando e reduz a possibilidade de chuva na maior parte da regi\u00e3o.<\/p>\n\n\n\n<p class=\"wp-block-paragraph\">A situa\u00e7\u00e3o, por\u00e9m, come\u00e7a a mudar no fim da tarde e durante a noite. Uma nova frente fria posicionada sobre o oceano deve favorecer pancadas de chuva de moderadas a fortes no litoral e no sul do Rio Grande do Sul, al\u00e9m da Regi\u00e3o Metropolitana de Porto Alegre.<\/p>\n\n\n\n<p class=\"wp-block-paragraph\">O amanhecer continuar\u00e1 frio no territ\u00f3rio ga\u00facho, sobretudo na Campanha, na Serra e em \u00e1reas de maior altitude. Durante a tarde, entretanto, os term\u00f4metros tendem a subir gradualmente. No sudoeste e no nordeste do Rio Grande do Sul e no sul de Santa Catarina, as rajadas de vento podem alcan\u00e7ar entre 50 km\/h e 70 km\/h.<\/p>\n\n\n\n<p class=\"wp-block-paragraph\">Na sexta-feira (4), a aproxima\u00e7\u00e3o da frente fria, associada a uma \u00e1rea de baixa press\u00e3o no oceano, deve ampliar a instabilidade. Santa Catarina e Paran\u00e1 estar\u00e3o entre as \u00e1reas mais afetadas pela chuva, enquanto as pancadas que atingirem o litoral ga\u00facho e a Regi\u00e3o Metropolitana de Porto Alegre nas primeiras horas do dia avan\u00e7am posteriormente.<\/p>\n\n\n\n<p class=\"wp-block-paragraph\">O Rio Grande do Sul, por sua vez, tende a apresentar condi\u00e7\u00f5es mais firmes na maior parte do territ\u00f3rio.<\/p>\n\n\n\n<p class=\"wp-block-paragraph\">No s\u00e1bado (5), a frente fria permanece mais atuante entre o Paran\u00e1 e o centro-leste de Santa Catarina. A chuva poder\u00e1 ocorrer acompanhada de raios e existe possibilidade de temporais isolados. Enquanto isso, o Rio Grande do Sul deve continuar com tempo relativamente mais est\u00e1vel.<\/p>\n\n\n\n<p class=\"wp-block-paragraph\">Na retaguarda do sistema, o avan\u00e7o do ar polar provocar\u00e1 uma nova queda nas temperaturas. O frio se intensifica durante a noite de s\u00e1bado e prepara um domingo de temperaturas baixas em grande parte da Regi\u00e3o Sul.<\/p>\n\n\n\n<h2 class=\"wp-block-heading\"><strong>S\u00e3o Paulo entra no radar das instabilidades<\/strong><\/h2>\n\n\n\n<p class=\"wp-block-paragraph\">No Sudeste, a quinta-feira ainda deve ser marcada pelo tempo firme em grande parte da regi\u00e3o. Em S\u00e3o Paulo, o sol aparece entre poucas nuvens e as temperaturas sobem durante a tarde, enquanto a umidade diminui principalmente no interior.<\/p>\n\n\n\n<p class=\"wp-block-paragraph\">Minas Gerais tamb\u00e9m ter\u00e1 predom\u00ednio de estabilidade, embora munic\u00edpios das regi\u00f5es norte, noroeste e nordeste do estado possam registrar epis\u00f3dios de chuva moderada a forte. No Rio de Janeiro e no Esp\u00edrito Santo, a circula\u00e7\u00e3o de umidade vinda do oceano aumenta a nebulosidade no litoral, mas a possibilidade de chuva permanece menor.<\/p>\n\n\n<div class=\"wp-block-image\">\n<figure class=\"aligncenter size-full\"><img decoding=\"async\" width=\"612\" height=\"408\" src=\"https:\/\/diariodocomercio.com.br\/mix\/wp-content\/uploads\/2025\/10\/image-184.png\" alt=\"chuva ventos\" class=\"wp-image-22913\" srcset=\"https:\/\/diariodocomercio.com.br\/mix\/wp-content\/uploads\/2025\/10\/image-184.png 612w, https:\/\/diariodocomercio.com.br\/mix\/wp-content\/uploads\/2025\/10\/image-184-300x200.png 300w, https:\/\/diariodocomercio.com.br\/mix\/wp-content\/uploads\/2025\/10\/image-184-150x100.png 150w\" sizes=\"(max-width: 612px) 100vw, 612px\" \/><figcaption class=\"wp-element-caption\">(Reprodu\u00e7\u00e3o\/Adobe Stock)<\/figcaption><\/figure>\n<\/div>\n\n\n<p class=\"wp-block-paragraph\">A mudan\u00e7a come\u00e7a a ganhar for\u00e7a na sexta-feira. Em S\u00e3o Paulo, a aproxima\u00e7\u00e3o da frente fria deve elevar a quantidade de nuvens durante a tarde e trazer de volta as chuvas entre o fim do dia e a noite. Oeste, sul, litoral e Regi\u00e3o Metropolitana est\u00e3o entre as \u00e1reas com maior possibilidade de precipita\u00e7\u00e3o.<\/p>\n\n\n\n<p class=\"wp-block-paragraph\">Enquanto isso, Minas Gerais, Rio de Janeiro e Esp\u00edrito Santo ainda devem manter condi\u00e7\u00f5es predominantemente firmes.<\/p>\n\n\n\n<p class=\"wp-block-paragraph\">O cen\u00e1rio muda de forma mais abrangente no s\u00e1bado. A frente fria deve provocar pancadas inicialmente no sul, leste, oeste e litoral paulista, incluindo o Vale do Ribeira. Ao longo do dia, a instabilidade tende a avan\u00e7ar por outras \u00e1reas do estado.<\/p>\n\n\n\n<p class=\"wp-block-paragraph\">A chuva pode atingir intensidade moderada a forte, principalmente no centro-sul paulista, onde tamb\u00e9m existe possibilidade de temporais.<\/p>\n\n\n\n<h2 class=\"wp-block-heading\"><strong>Setembro come\u00e7a com comportamento diferente<\/strong><\/h2>\n\n\n\n<p class=\"wp-block-paragraph\">A instabilidade prevista para os primeiros dias do m\u00eas ocorre em um per\u00edodo que, normalmente, representa uma transi\u00e7\u00e3o importante no clima brasileiro. Setembro marca a passagem gradual do padr\u00e3o frio e seco do inverno para condi\u00e7\u00f5es mais \u00famidas, com aumento das chuvas, maior frequ\u00eancia de tempestades acompanhadas de ventos fortes e eleva\u00e7\u00e3o progressiva das temperaturas.<\/p>\n\n\n\n<p class=\"wp-block-paragraph\">A primavera come\u00e7a oficialmente em 22 de setembro, \u00e0s 21h05, pelo hor\u00e1rio de Bras\u00edlia.<\/p>\n\n\n\n<p class=\"wp-block-paragraph\">Em 2026, contudo, o inverno apresentou epis\u00f3dios que fugiram do comportamento esperado para a esta\u00e7\u00e3o. Desde junho, quando a esta\u00e7\u00e3o come\u00e7ou, diferentes \u00e1reas do pa\u00eds registraram temporais mesmo em per\u00edodos nos quais a chuva costuma ser menos frequente.<\/p>\n\n\n\n<p class=\"wp-block-paragraph\">Em alguns locais, os volumes de precipita\u00e7\u00e3o provocaram enchentes e enxurradas, atingindo tanto \u00e1reas urbanas quanto rurais e causando danos \u00e0 infraestrutura.<\/p>\n\n\n\n<p class=\"wp-block-paragraph\">A tend\u00eancia de novas incurs\u00f5es de ar frio sobre o Centro-Sul tamb\u00e9m permanece no radar das previs\u00f5es para o in\u00edcio de setembro. Ao mesmo tempo, partes do Centro-Oeste poder\u00e3o sentir os efeitos da frente fria, enquanto \u00e1reas do Norte e do Nordeste continuam sob influ\u00eancia de temperaturas elevadas, embora algumas localidades ainda possam registrar pancadas de chuva.<\/p>\n\n\n\n<h2 class=\"wp-block-heading\"><strong>Ventos fortes exigem aten\u00e7\u00e3o<\/strong><\/h2>\n\n\n\n<p class=\"wp-block-paragraph\">Diante da possibilidade de temporais e rajadas intensas, a recomenda\u00e7\u00e3o durante per\u00edodos de vento forte \u00e9 evitar locais pr\u00f3ximos a \u00e1rvores, estruturas met\u00e1licas, placas, outdoors, andaimes e torres de transmiss\u00e3o.<\/p>\n\n\n\n<p class=\"wp-block-paragraph\">Tamb\u00e9m \u00e9 indicado n\u00e3o deixar ve\u00edculos estacionados nesses pontos e procurar abrigo seguro assim que uma tempestade se aproximar.<\/p>\n\n\n\n<p class=\"wp-block-paragraph\">Em situa\u00e7\u00f5es de queda de \u00e1rvores ou postes, a orienta\u00e7\u00e3o \u00e9 manter dist\u00e2ncia. Mesmo quando n\u00e3o h\u00e1 sinais aparentes de perigo, fios el\u00e9tricos que estejam no ch\u00e3o podem continuar energizados e representar risco de choque.<\/p>\n\n\n\n<p class=\"wp-block-paragraph\"><\/p>\n","protected":false},"excerpt":{"rendered":"<p>A chegada de setembro deve ser marcada por uma mudan\u00e7a significativa nas condi\u00e7\u00f5es do tempo em v\u00e1rias partes do Brasil. Uma frente fria avan\u00e7a pelo pa\u00eds e, entre sexta-feira (4) e s\u00e1bado (5), deve aumentar a instabilidade principalmente no Sul e no Sudeste. A combina\u00e7\u00e3o entre umidade, calor e a atua\u00e7\u00e3o do sistema favorece a [&hellip;]<\/p>\n","protected":false},"author":9,"featured_media":35483,"comment_status":"closed","ping_status":"closed","sticky":false,"template":"","format":"standard","meta":{"jnews-multi-image_gallery":[],"jnews_single_post":{"format":"standard"},"jnews_primary_category":[],"jnews_social_meta":[],"jnews_post_split":[],"footnotes":""},"categories":[1],"tags":[],"class_list":["post-57568","post","type-post","status-publish","format-standard","has-post-thumbnail","hentry","category-geral"],"_referencia":"","_links":{"self":[{"href":"https:\/\/diariodocomercio.com.br\/mix\/wp-json\/wp\/v2\/posts\/57568","targetHints":{"allow":["GET"]}}],"collection":[{"href":"https:\/\/diariodocomercio.com.br\/mix\/wp-json\/wp\/v2\/posts"}],"about":[{"href":"https:\/\/diariodocomercio.com.br\/mix\/wp-json\/wp\/v2\/types\/post"}],"author":[{"embeddable":true,"href":"https:\/\/diariodocomercio.com.br\/mix\/wp-json\/wp\/v2\/users\/9"}],"replies":[{"embeddable":true,"href":"https:\/\/diariodocomercio.com.br\/mix\/wp-json\/wp\/v2\/comments?post=57568"}],"version-history":[{"count":1,"href":"https:\/\/diariodocomercio.com.br\/mix\/wp-json\/wp\/v2\/posts\/57568\/revisions"}],"predecessor-version":[{"id":57569,"href":"https:\/\/diariodocomercio.com.br\/mix\/wp-json\/wp\/v2\/posts\/57568\/revisions\/57569"}],"wp:featuredmedia":[{"embeddable":true,"href":"https:\/\/diariodocomercio.com.br\/mix\/wp-json\/wp\/v2\/media\/35483"}],"wp:attachment":[{"href":"https:\/\/diariodocomercio.com.br\/mix\/wp-json\/wp\/v2\/media?parent=57568"}],"wp:term":[{"taxonomy":"category","embeddable":true,"href":"https:\/\/diariodocomercio.com.br\/mix\/wp-json\/wp\/v2\/categories?post=57568"},{"taxonomy":"post_tag","embeddable":true,"href":"https:\/\/diariodocomercio.com.br\/mix\/wp-json\/wp\/v2\/tags?post=57568"}],"curies":[{"name":"wp","href":"https:\/\/api.w.org\/{rel}","templated":true}]}}