{"id":57570,"date":"2026-09-02T21:37:00","date_gmt":"2026-09-03T00:37:00","guid":{"rendered":"https:\/\/diariodocomercio.com.br\/mix\/?p=57570"},"modified":"2026-09-02T08:09:12","modified_gmt":"2026-09-02T11:09:12","slug":"novo-estudo-revela-que-80-dos-brasileiros-vao-fazer-isso-antes-de-2026-acabar","status":"publish","type":"post","link":"https:\/\/diariodocomercio.com.br\/mix\/novo-estudo-revela-que-80-dos-brasileiros-vao-fazer-isso-antes-de-2026-acabar\/","title":{"rendered":"Novo estudo revela que 80% dos brasileiros v\u00e3o fazer isso antes de 2026 acabar"},"content":{"rendered":"\n<p class=\"wp-block-paragraph\">Viajar deve continuar entre as principais prioridades dos brasileiros at\u00e9 o fim de 2026. \u00c9 o que aponta uma pesquisa encomendada pelo Airbnb \u00e0 empresa de tecnologia MindMiners: 79% dos entrevistados afirmaram que pretendem fazer ao menos uma viagem durante o segundo semestre do ano. O levantamento tamb\u00e9m mostra que o h\u00e1bito de viajar j\u00e1 est\u00e1 consolidado, j\u00e1 que 72% disseram ter deixado suas cidades pelo menos uma vez nos primeiros seis meses de 2026.<\/p>\n\n\n\n<p class=\"wp-block-paragraph\">O planejamento, segundo os dados, tamb\u00e9m passa pelos per\u00edodos de folga. Para 66% dos participantes, as viagens fazem parte do or\u00e7amento destinado aos feriados. Al\u00e9m disso, 37% afirmaram que pretendem viajar mais neste ano do que em 2025.<\/p>\n\n\n\n<p class=\"wp-block-paragraph\">O cen\u00e1rio indica que o turismo segue ganhando espa\u00e7o nos planos dos brasileiros, impulsionado n\u00e3o apenas pelas tradicionais f\u00e9rias, mas tamb\u00e9m por eventos, feriados prolongados e estrat\u00e9gias para aproveitar diferentes atra\u00e7\u00f5es durante uma mesma estadia.<\/p>\n\n\n<div class=\"wp-block-image\">\n<figure class=\"aligncenter size-full\"><img decoding=\"async\" width=\"1024\" height=\"683\" src=\"https:\/\/diariodocomercio.com.br\/mix\/wp-content\/uploads\/2026\/04\/image-29.png\" alt=\"avi\u00e3o aeroporto viajar viagem\" class=\"wp-image-40865\" srcset=\"https:\/\/diariodocomercio.com.br\/mix\/wp-content\/uploads\/2026\/04\/image-29.png 1024w, https:\/\/diariodocomercio.com.br\/mix\/wp-content\/uploads\/2026\/04\/image-29-300x200.png 300w, https:\/\/diariodocomercio.com.br\/mix\/wp-content\/uploads\/2026\/04\/image-29-768x512.png 768w, https:\/\/diariodocomercio.com.br\/mix\/wp-content\/uploads\/2026\/04\/image-29-150x100.png 150w, https:\/\/diariodocomercio.com.br\/mix\/wp-content\/uploads\/2026\/04\/image-29-750x500.png 750w\" sizes=\"(max-width: 1024px) 100vw, 1024px\" \/><figcaption class=\"wp-element-caption\">Foto: (Reprodu\u00e7\u00e3o\/Flickr\/Cityswift)<\/figcaption><\/figure>\n<\/div>\n\n\n<h2 class=\"wp-block-heading\"><strong>Viagem pode incluir mais de uma hospedagem<\/strong><\/h2>\n\n\n\n<p class=\"wp-block-paragraph\">Uma das tend\u00eancias que acompanham esse comportamento \u00e9 a chamada \u201crota de hot\u00e9is\u201d. A pr\u00e1tica consiste em dividir uma mesma viagem entre diferentes hospedagens, permitindo ao turista conhecer regi\u00f5es distintas de uma cidade ou at\u00e9 combinar destinos durante o mesmo per\u00edodo.<\/p>\n\n\n\n<p class=\"wp-block-paragraph\">A estrat\u00e9gia tamb\u00e9m est\u00e1 relacionada ao calend\u00e1rio de eventos. A Hoteis.com utiliza o termo \u201cevent hopping\u201d para descrever viagens organizadas em torno de acontecimentos espec\u00edficos, nas quais o visitante pode trocar de hotel ou regi\u00e3o ao longo da estadia para aproveitar diferentes atra\u00e7\u00f5es.<\/p>\n\n\n\n<p class=\"wp-block-paragraph\">No Brasil, tr\u00eas grandes eventos aparecem entre os fatores que ajudam a movimentar esse tipo de demanda: Rock in Rio, Lollapalooza Brasil e o Grande Pr\u00eamio de S\u00e3o Paulo de F\u00f3rmula 1.<\/p>\n\n\n\n<p class=\"wp-block-paragraph\">No caso do Rock in Rio, a realiza\u00e7\u00e3o do festival pode estimular reservas para v\u00e1rias noites e incentivar visitantes a prolongarem a perman\u00eancia na capital fluminense. No Lollapalooza, em S\u00e3o Paulo, turistas podem combinar os dias de apresenta\u00e7\u00f5es com hospedagens em diferentes regi\u00f5es da cidade.<\/p>\n\n\n\n<p class=\"wp-block-paragraph\">J\u00e1 durante o Grande Pr\u00eamio de S\u00e3o Paulo de F\u00f3rmula 1, parte dos visitantes aproveita a ida \u00e0 corrida para estender a viagem e incluir outros programas no roteiro.<\/p>\n\n\n\n<h2 class=\"wp-block-heading\"><strong>Avia\u00e7\u00e3o registra n\u00fameros hist\u00f3ricos<\/strong><\/h2>\n\n\n\n<p class=\"wp-block-paragraph\">O aumento da disposi\u00e7\u00e3o para viajar ocorre em um momento de forte movimenta\u00e7\u00e3o no setor a\u00e9reo brasileiro. Em 2025, a avia\u00e7\u00e3o nacional atingiu a marca de 101 milh\u00f5es de passageiros em voos dom\u00e9sticos, o maior n\u00famero j\u00e1 registrado no pa\u00eds. No ano anterior, haviam sido 93,3 milh\u00f5es.<\/p>\n\n\n\n<p class=\"wp-block-paragraph\">O desempenho tamb\u00e9m foi acompanhado por um recorde no fluxo internacional. Segundo os dados divulgados pela Ag\u00eancia Nacional de Avia\u00e7\u00e3o Civil (Anac), foram 129,6 milh\u00f5es de passageiros em rotas internacionais.<\/p>\n\n\n\n<p class=\"wp-block-paragraph\">O resultado representou crescimento de 9,2% em compara\u00e7\u00e3o com 2019, que at\u00e9 ent\u00e3o era considerado o melhor ano para o Brasil em rela\u00e7\u00e3o ao movimento de visitantes internacionais, com 118,7 milh\u00f5es de passageiros vindos do exterior.<\/p>\n\n\n\n<p class=\"wp-block-paragraph\">Outro indicador do avan\u00e7o do setor foi o crescimento de 11,3% no total de passageiros por quil\u00f4metro voado.<\/p>\n\n\n\n<h2 class=\"wp-block-heading\"><strong>Latam lidera mercado brasileiro<\/strong><\/h2>\n\n\n\n<p class=\"wp-block-paragraph\">Entre as companhias a\u00e9reas, a Latam terminou 2025 na lideran\u00e7a em n\u00famero de passageiros transportados. Foram 39 milh\u00f5es de pessoas, volume 11,5% superior ao registrado pela empresa em 2024.<\/p>\n\n\n\n<p class=\"wp-block-paragraph\">Na sequ\u00eancia aparece a Gol, respons\u00e1vel pelo transporte de 31,7 milh\u00f5es de passageiros, crescimento de 13% em rela\u00e7\u00e3o ao ano anterior.<\/p>\n\n\n\n<p class=\"wp-block-paragraph\">A Azul ficou em terceiro lugar, com 30,1 milh\u00f5es de passageiros e alta de 3% na compara\u00e7\u00e3o com 2024.<\/p>\n\n\n\n<p class=\"wp-block-paragraph\">Al\u00e9m das tr\u00eas maiores empresas, os n\u00fameros da avia\u00e7\u00e3o brasileira tamb\u00e9m incluem companhias de atua\u00e7\u00e3o regional e servi\u00e7os de t\u00e1xi a\u00e9reo. Essas opera\u00e7\u00f5es, no entanto, movimentaram volumes inferiores a 100 mil passageiros.<\/p>\n\n\n\n<p class=\"wp-block-paragraph\"><\/p>\n","protected":false},"excerpt":{"rendered":"<p>Viajar deve continuar entre as principais prioridades dos brasileiros at\u00e9 o fim de 2026. \u00c9 o que aponta uma pesquisa encomendada pelo Airbnb \u00e0 empresa de tecnologia MindMiners: 79% dos entrevistados afirmaram que pretendem fazer ao menos uma viagem durante o segundo semestre do ano. O levantamento tamb\u00e9m mostra que o h\u00e1bito de viajar j\u00e1 [&hellip;]<\/p>\n","protected":false},"author":9,"featured_media":53029,"comment_status":"closed","ping_status":"closed","sticky":false,"template":"","format":"standard","meta":{"jnews-multi-image_gallery":[],"jnews_single_post":{"format":"standard"},"jnews_primary_category":[],"jnews_social_meta":[],"jnews_post_split":[],"footnotes":""},"categories":[1],"tags":[],"class_list":["post-57570","post","type-post","status-publish","format-standard","has-post-thumbnail","hentry","category-geral"],"_referencia":"","_links":{"self":[{"href":"https:\/\/diariodocomercio.com.br\/mix\/wp-json\/wp\/v2\/posts\/57570","targetHints":{"allow":["GET"]}}],"collection":[{"href":"https:\/\/diariodocomercio.com.br\/mix\/wp-json\/wp\/v2\/posts"}],"about":[{"href":"https:\/\/diariodocomercio.com.br\/mix\/wp-json\/wp\/v2\/types\/post"}],"author":[{"embeddable":true,"href":"https:\/\/diariodocomercio.com.br\/mix\/wp-json\/wp\/v2\/users\/9"}],"replies":[{"embeddable":true,"href":"https:\/\/diariodocomercio.com.br\/mix\/wp-json\/wp\/v2\/comments?post=57570"}],"version-history":[{"count":1,"href":"https:\/\/diariodocomercio.com.br\/mix\/wp-json\/wp\/v2\/posts\/57570\/revisions"}],"predecessor-version":[{"id":57571,"href":"https:\/\/diariodocomercio.com.br\/mix\/wp-json\/wp\/v2\/posts\/57570\/revisions\/57571"}],"wp:featuredmedia":[{"embeddable":true,"href":"https:\/\/diariodocomercio.com.br\/mix\/wp-json\/wp\/v2\/media\/53029"}],"wp:attachment":[{"href":"https:\/\/diariodocomercio.com.br\/mix\/wp-json\/wp\/v2\/media?parent=57570"}],"wp:term":[{"taxonomy":"category","embeddable":true,"href":"https:\/\/diariodocomercio.com.br\/mix\/wp-json\/wp\/v2\/categories?post=57570"},{"taxonomy":"post_tag","embeddable":true,"href":"https:\/\/diariodocomercio.com.br\/mix\/wp-json\/wp\/v2\/tags?post=57570"}],"curies":[{"name":"wp","href":"https:\/\/api.w.org\/{rel}","templated":true}]}}