{"id":57587,"date":"2026-09-02T14:10:07","date_gmt":"2026-09-02T17:10:07","guid":{"rendered":"https:\/\/diariodocomercio.com.br\/mix\/?p=57587"},"modified":"2026-09-02T14:10:10","modified_gmt":"2026-09-02T17:10:10","slug":"recem-formados-de-qualquer-area-tem-somente-ate-hoje-para-disputar-salario-de-r-9-500-e-uma-semana-de-imersao-no-exterior","status":"publish","type":"post","link":"https:\/\/diariodocomercio.com.br\/mix\/recem-formados-de-qualquer-area-tem-somente-ate-hoje-para-disputar-salario-de-r-9-500-e-uma-semana-de-imersao-no-exterior\/","title":{"rendered":"Rec\u00e9m-formados de qualquer \u00e1rea t\u00eam somente at\u00e9 hoje para disputar sal\u00e1rio de R$ 9.500 e uma semana de imers\u00e3o no exterior"},"content":{"rendered":"\n<p class=\"wp-block-paragraph\">Rec\u00e9m-formado de qualquer \u00e1rea, \u00e9 melhor ficar de olho: nesta quarta-feira (2), fecham as inscri\u00e7\u00f5es do Programa Global Trainee Ambev, programa de trainee da maior cervejaria da Am\u00e9rica Latina. De acordo com o site oficial, o programa \u00e9 voltado para <em>&#8220;jovens talentos que desejam assumir posi\u00e7\u00f5es de lideran\u00e7a, enfrentar desafios de alto impacto e contribuir para a transforma\u00e7\u00e3o digital da companhia.&#8221;<\/em><\/p>\n\n\n\n<p class=\"wp-block-paragraph\">Quem ainda quiser se inscrever, precisa acessar o site oficial da Kolab. Lembrando que as inscri\u00e7\u00f5es terminam hoje (2), ent\u00e3o \u00e9 melhor se apressar.<\/p>\n\n\n\n<p class=\"wp-block-paragraph\">O programa de trainee dura dez meses, ao longo dos quais o participante tem a experi\u00eancia de vivenciar diferentes \u00e1reas da empresa, lidando com projetos estrat\u00e9gicos, criando conex\u00f5es com grandes lideran\u00e7as e ampliando sua vis\u00e3o por meio de experi\u00eancias nacionais e internacionais. Confira os diferenciais prometidos pela Ambev:<\/p>\n\n\n\n<ul class=\"wp-block-list\">\n<li>Imers\u00e3o internacional, como participa\u00e7\u00e3o no Cheers Festival com trainees e lideran\u00e7as globais da companhia;<\/li>\n\n\n\n<li>Mentoria de carreira com Top Leadership;<\/li>\n\n\n\n<li>Projeto estrat\u00e9gico conectado aos principais desafios do neg\u00f3cio;<\/li>\n\n\n\n<li>Rota\u00e7\u00f5es nas trilhas de Business e Supply em diferentes regi\u00f5es do Brasil;<\/li>\n\n\n\n<li>Um trainee selecionado pode ser alocado temporariamente para o exterior.<\/li>\n<\/ul>\n\n\n\n<p class=\"wp-block-paragraph\">O trainee tamb\u00e9m conta com um sal\u00e1rio de R$ 9,5 mil, al\u00e9m de benef\u00edcios como vale alimenta\u00e7\u00e3o ou refei\u00e7\u00e3o, vale transporte, aux\u00edlio creche, desconto em produtos Ambev e ainda por cima plano m\u00e9dico, odontol\u00f3gico, telemedicina, seguro de vida e gympass. <\/p>\n\n\n\n<h2 class=\"wp-block-heading\">Quais os crit\u00e9rios para participar do programa de trainee da Ambev?<\/h2>\n\n\n\n<p class=\"wp-block-paragraph\">De acordo com a divulga\u00e7\u00e3o da marca, al\u00e9m de ser rec\u00e9m-formado em institui\u00e7\u00e3o de ensino superior (bacharelado, licenciatura ou tecn\u00f3logo) ou estar cursando com previs\u00e3o de formatura at\u00e9 dezembro deste ano, tamb\u00e9m \u00e9 preciso:<\/p>\n\n\n\n<ul class=\"wp-block-list\">\n<li>Ingl\u00eas intermedi\u00e1rio ou avan\u00e7ado\/fluente;<\/li>\n\n\n\n<li>Disponibilidade para morar em qualquer estado do Brasil e atuar presencialmente;<\/li>\n\n\n\n<li>Ter, at\u00e9 dezembro de 2026, no m\u00e1ximo dois anos de experi\u00eancia profissional full-time.<\/li>\n<\/ul>\n\n\n<style>@media (min-width: 992px) {\n    .recomendadorV2Area1 {\n        width: 280px;\n    }\n    .recomendadorV2Area2 {\n        padding: 0px 20px;\n        width: calc(100% - 280px);\n    }\n}\n\n@media (max-width: 992px) {\n    .recomendadorV2Button {\n        margin: 0 auto;\n    }\n    .recomendadorV2Area {\n        flex-direction: column;\n        text-align: center;\n    }\n    .recomendadorV2Area2 {\n        padding: 0px 20px;\n    }\n}\n\n.recomendadorV2Area {\n    background: #eeeeee3d;\n    border-radius: 10px;\n    padding: 15px;\n    display: flex;\n    margin: 15px auto;\n    border: 1px solid #00000014;\n    max-width: 800px;\n}\n\n.recomendadorV2Area1 img {\n    width: 280px;\n    height: auto;\n    border-radius: 8px;\n}\n\n.linkrecomendadorv2 {\n    text-decoration: none !important;\n}\n\n.recomendadorV2Area2 .recomendadorV2Type {\n    text-transform: uppercase;\n    font-weight: 500;\n    font-size: 11px;\n    letter-spacing: 2px;\n    color: #666;\n    margin: 12px 0;\n    display: block;\n}\n\n.recomendadorV2Title h2 {\n    padding-top: 0px !important;\n    margin: 0px !important;\n    border-left: none !important;\n    padding-left: 0px !important;\n    line-height: 1.3;\n    color: #000 !important;\n    font-size: 24px;\n    margin-bottom: 12px !important;\n}\n\n.recomendadorV2Desc {\n    color: #333;\n    margin: 12px 0px !important;\n    font-size: 15px;\n    line-height: 1.5;\n}\n\n.recomendadorV2Button {\n    width: auto;\n    max-width: 200px;\n    margin: 0;\n    display: inline-flex;\n    align-items: center;\n    background: #1D3557;\n    border-radius: 8px;\n    color: #fff;\n    height: 36px;\n    justify-content: center;\n    text-align: center;\n    font-size: 14px;\n    padding: 0 20px;\n    transition: background-color 0.2s ease;\n}\n\n.recomendadorV2Button:hover {\n    background: #2a4d7a;\n}\n\n.recomendadorV2Button:after {\n    margin-top: -2px;\n    content: \"\u2192\";\n    padding: 0px 0px 0px 8px;\n}\n\n.recomendadorV2Alert {\n    text-align: left;\n    font-size: 11px;\n    margin-top: 8px;\n    color: #666;\n}\n\n.recomendadorFixedArea {\n    width: 100%;\n    display: flex;\n    justify-content: center;\n    align-items: center;\n}\n\n@media (min-width: 992px) {\n    #recomendadorFixed {\n        width: 32% !important;\n        left: 5%;\n    }\n    .recomendadorCloseFixed{\n        right: inherit !important;\n        left: 378px !important;\n    }\n}\n\n#recomendadorFixed {\n    width: 90%;\n    box-shadow: 0 10px 20px 0px #00000057;\n    display: none;\n    height: 90px;\n    background: #F6F6F6;\n    position: fixed;\n    flex-direction: row;\n    bottom: 10px;\n    z-index: 9999;\n    border-radius: 16px;\n    padding: 7px 10px;\n}\n\n.recomendadorLeftArea {\n    width: 160px;\n}\n\n.recomendadorRightArea h2 {\n    padding-top: 0px;\n    margin: 2px 0px 4px 0px !important;\n    font-weight: 400;\n    text-align: center;\n    padding-left: 0px !important;\n    color: #000 !important;\n    border-left: none !important;\n    line-height: 20px;\n    font-size: 12px !important;\n}\n\n.recomendadorImgFixed {\n    overflow: hidden;\n    padding: 8px 6px;\n    height: 100%;\n}\n\n.recomendadorImgFixed img {\n    height: 100% !important;\n    border-radius: 16px;\n}\n\n.recomendadorRightArea {\n    padding-top: 6px;\n    display: flex;\n    width: calc(100% - 130px);\n    justify-content: space-between;\n    align-items: center;\n    flex-direction: column;\n}\n\n.recomendadorButtonFixed {\n    margin: 0 auto;\n    background: #1D3557;\n    width: 80%;\n    text-align: center;\n    font-size: 10px;\n    color: #FFF;\n    padding: 2px 10px;\n    border-radius: 3px;\n}\n\n.recomendadorButtonFixed:after {\n    margin-top: -3px;\n    content: \"\u2192\";\n    padding: 0px 0px 0px 10px;\n}\n\n.recomendadorAlertFixed {\n    font-weight: 400;\n    text-align: center;\n    color: #484848;\n    font-size: 8px;\n}\n\n.recomendadorCloseFixed {\n    z-index: 99999;\n    display: none;\n    right: 0px;\n    left: inherit;\n    bottom: 99px;\n    position: fixed;\n    justify-content: center;\n    background: #F6F6F6;\n    width: 25px;\n    align-items: center;\n    height: 25px;\n    font-weight: 800;\n    border-radius: 50%;\n    border: 1px solid #EBEBEB;\n}\n\n.recomendadorV2Desc{\n    color: #000000;\n    margin: 20px 0px;\n}\n\n@media (max-width: 576px) {\n    .recomendadorV2Area {\n      padding: 10px;\n      max-width: 100%;\n    }\n  \n    .recomendadorV2Area1 img {\n      width: 100%;\n      border-radius: 6px;\n    }\n  \n    .recomendadorV2Area2 .recomendadorV2Type {\n      font-size: 9px;\n      letter-spacing: 1px;\n      margin: 8px 0;\n    }\n  \n    .recomendadorV2Title h2 {\n      font-size: 18px !important;\n      margin-bottom: 8px !important;\n      line-height: 1.2;\n    }\n  \n    .recomendadorV2Desc {\n      font-size: 14px;\n      margin: 8px 0 !important;\n      line-height: 1.4;\n    }\n  \n    .recomendadorV2Button {\n      font-size: 14px;\n      height: 40px;\n      padding: 0 12px;\n      max-width: 100%;\n      width: 100%;\n    }\n  \n    .recomendadorV2Button:after {\n      padding-left: 6px;\n    }\n  }\n  <\/style>\n        <div class=\"lazyblock-recomendador-v2-2jDGz wp-block-lazyblock-recomendador-v2\">\n        <a class=\"linkrecomendadorv2\" href=\"https:\/\/diariodocomercio.com.br\/mix\/trabalhador-toma-cerveja-no-almoco-perde-o-emprego-e-justica-determina-que-ele-receba-pagamento-de-r-5-mil\/%20\">\n            <div class=\"recomendadorV2Area\">\n            <div class=\"recomendadorV2Area1\">\n                <div class=\"recomendadorV2Img\">\n                <img width=\"768\" height=\"346\" src=\"https:\/\/diariodocomercio.com.br\/mix\/wp-content\/uploads\/2026\/04\/cerveja-768x346.jpg\" class=\"lazyloaded\" alt=\"\" sizes=\"auto, (min-width: 577px) 280px, calc(100vw - 20px)\" decoding=\"async\" loading=\"lazy\" srcset=\"https:\/\/diariodocomercio.com.br\/mix\/wp-content\/uploads\/2026\/04\/cerveja-768x346.jpg 768w, https:\/\/diariodocomercio.com.br\/mix\/wp-content\/uploads\/2026\/04\/cerveja-300x135.jpg 300w, https:\/\/diariodocomercio.com.br\/mix\/wp-content\/uploads\/2026\/04\/cerveja-150x68.jpg 150w, https:\/\/diariodocomercio.com.br\/mix\/wp-content\/uploads\/2026\/04\/cerveja-750x338.jpg 750w, https:\/\/diariodocomercio.com.br\/mix\/wp-content\/uploads\/2026\/04\/cerveja-1140x513.jpg 1140w, https:\/\/diariodocomercio.com.br\/mix\/wp-content\/uploads\/2026\/04\/cerveja.jpg 1200w\" \/>\n                <\/div>\n            <\/div>\n            <div class=\"recomendadorV2Area2\">\n                <div class=\"recomendadorV2Type\">\n                    <span>JUSTI\u00c7A t\u00edtulo=Trabalhador toma cerveja no almo\u00e7o, perde o emprego e Justi\u00e7a determina que ele receba pagamento de R$ 5 mil <\/span>\n                <\/div>\n                <div class=\"recomendadorV2Title\">\n                <h2><span><\/span><\/h2>\n                <\/div>\n                <div class=\"recomendadorV2Desc\">\n                <span>Imagine: chegou aquele momento t\u00e3o esperado da sua hora do almo\u00e7o. Voc\u00ea sai para um restaurante e decide tomar uma \u2026 <\/span>\n                <\/div>\n                <div class=\"recomendadorV2Button\">Leia mais <\/div>\n                <div class=\"recomendadorV2Alert\"><\/div>\n            <\/div>\n            <\/div>\n        <\/a>\n        <div>\n            <div style=\"z-index:99999;\" id=\"buttonClose\" onclick=\"closeRecomendadorFixed()\">\n            <div class=\"recomendadorCloseFixed\">X<\/div>\n            <\/div>\n            <a href=\"https:\/\/diariodocomercio.com.br\/mix\/trabalhador-toma-cerveja-no-almoco-perde-o-emprego-e-justica-determina-que-ele-receba-pagamento-de-r-5-mil\/%20\">\n            <div class=\"recomendadorFixedArea\">\n                <div id=\"recomendadorFixed\">\n                <div class=\"recomendadorLeftArea\">\n                    <div class=\"recomendadorImgFixed\">\n                    <img width=\"300\" height=\"135\" src=\"https:\/\/diariodocomercio.com.br\/mix\/wp-content\/uploads\/2026\/04\/cerveja-300x135.jpg\" class=\"lazyload\" alt=\"\" sizes=\"auto, 160px\" decoding=\"async\" loading=\"lazy\" srcset=\"https:\/\/diariodocomercio.com.br\/mix\/wp-content\/uploads\/2026\/04\/cerveja-300x135.jpg 300w, https:\/\/diariodocomercio.com.br\/mix\/wp-content\/uploads\/2026\/04\/cerveja-768x346.jpg 768w, https:\/\/diariodocomercio.com.br\/mix\/wp-content\/uploads\/2026\/04\/cerveja-150x68.jpg 150w, https:\/\/diariodocomercio.com.br\/mix\/wp-content\/uploads\/2026\/04\/cerveja-750x338.jpg 750w, https:\/\/diariodocomercio.com.br\/mix\/wp-content\/uploads\/2026\/04\/cerveja-1140x513.jpg 1140w, https:\/\/diariodocomercio.com.br\/mix\/wp-content\/uploads\/2026\/04\/cerveja.jpg 1200w\" \/>\n                    <\/div>\n                <\/div>\n                <div class=\"recomendadorRightArea\">\n                    <div class=\"recomendadorTitleFixed\">\n                    <h2><span><\/span><\/h2>\n                    <\/div>\n                    <div class=\"recomendadorButtonFixed\">Leia mais <\/div>\n                    <div class=\"recomendadorAlertFixed\"><\/div>\n                <\/div>\n                <\/div>\n            <\/div>\n            <\/a>\n        <\/div>\n        <\/div>\n","protected":false},"excerpt":{"rendered":"<p>Rec\u00e9m-formado de qualquer \u00e1rea, \u00e9 melhor ficar de olho: nesta quarta-feira (2), fecham as inscri\u00e7\u00f5es do Programa Global Trainee Ambev, programa de trainee da maior cervejaria da Am\u00e9rica Latina. De acordo com o site oficial, o programa \u00e9 voltado para &#8220;jovens talentos que desejam assumir posi\u00e7\u00f5es de lideran\u00e7a, enfrentar desafios de alto impacto e contribuir [&hellip;]<\/p>\n","protected":false},"author":6,"featured_media":56780,"comment_status":"closed","ping_status":"closed","sticky":false,"template":"","format":"standard","meta":{"jnews-multi-image_gallery":[],"jnews_single_post":{"format":"standard"},"jnews_primary_category":[],"jnews_social_meta":[],"jnews_post_split":[],"footnotes":""},"categories":[1],"tags":[],"class_list":["post-57587","post","type-post","status-publish","format-standard","has-post-thumbnail","hentry","category-geral"],"_referencia":"","_links":{"self":[{"href":"https:\/\/diariodocomercio.com.br\/mix\/wp-json\/wp\/v2\/posts\/57587","targetHints":{"allow":["GET"]}}],"collection":[{"href":"https:\/\/diariodocomercio.com.br\/mix\/wp-json\/wp\/v2\/posts"}],"about":[{"href":"https:\/\/diariodocomercio.com.br\/mix\/wp-json\/wp\/v2\/types\/post"}],"author":[{"embeddable":true,"href":"https:\/\/diariodocomercio.com.br\/mix\/wp-json\/wp\/v2\/users\/6"}],"replies":[{"embeddable":true,"href":"https:\/\/diariodocomercio.com.br\/mix\/wp-json\/wp\/v2\/comments?post=57587"}],"version-history":[{"count":2,"href":"https:\/\/diariodocomercio.com.br\/mix\/wp-json\/wp\/v2\/posts\/57587\/revisions"}],"predecessor-version":[{"id":57609,"href":"https:\/\/diariodocomercio.com.br\/mix\/wp-json\/wp\/v2\/posts\/57587\/revisions\/57609"}],"wp:featuredmedia":[{"embeddable":true,"href":"https:\/\/diariodocomercio.com.br\/mix\/wp-json\/wp\/v2\/media\/56780"}],"wp:attachment":[{"href":"https:\/\/diariodocomercio.com.br\/mix\/wp-json\/wp\/v2\/media?parent=57587"}],"wp:term":[{"taxonomy":"category","embeddable":true,"href":"https:\/\/diariodocomercio.com.br\/mix\/wp-json\/wp\/v2\/categories?post=57587"},{"taxonomy":"post_tag","embeddable":true,"href":"https:\/\/diariodocomercio.com.br\/mix\/wp-json\/wp\/v2\/tags?post=57587"}],"curies":[{"name":"wp","href":"https:\/\/api.w.org\/{rel}","templated":true}]}}