{"id":57602,"date":"2026-09-02T13:49:23","date_gmt":"2026-09-02T16:49:23","guid":{"rendered":"https:\/\/diariodocomercio.com.br\/mix\/?p=57602"},"modified":"2026-09-02T13:49:26","modified_gmt":"2026-09-02T16:49:26","slug":"anvisa-anuncia-a-suspensao-de-produtos-de-limpeza-de-4-marcas-muito-famosas-no-brasil","status":"publish","type":"post","link":"https:\/\/diariodocomercio.com.br\/mix\/anvisa-anuncia-a-suspensao-de-produtos-de-limpeza-de-4-marcas-muito-famosas-no-brasil\/","title":{"rendered":"Anvisa anuncia a suspens\u00e3o de produtos de limpeza de 4 marcas muito famosas no Brasil"},"content":{"rendered":"\n<p class=\"wp-block-paragraph\">A <strong>Anvisa<\/strong> (Ag\u00eancia Nacional de Vigil\u00e2ncia Sanit\u00e1ria) ordenou a suspens\u00e3o da produ\u00e7\u00e3o na f\u00e1brica da <strong>Unilever<\/strong> em Vinhedo, S\u00e3o Paulo. A medida foi tomada devido a irregularidades nas pr\u00e1ticas de fabrica\u00e7\u00e3o que afetam produtos de limpeza de marcas conhecidas, incluindo <strong>Omo, Comfort, Surf<\/strong> e <strong>Brilhante<\/strong>.&nbsp;<\/p>\n\n\n\n<p class=\"wp-block-paragraph\">A suspens\u00e3o atingiu um ponto cr\u00edtico para a Unilever, que est\u00e1 implementando a\u00e7\u00f5es corretivas para atender \u00e0s exig\u00eancias da Anvisa. Enquanto isso, o mercado de produtos de limpeza continua a funcionar normalmente, sem recall ou retirada de produtos j\u00e1 distribu\u00eddos.<\/p>\n\n\n\n<h2 class=\"wp-block-heading\">Motivos&nbsp;<\/h2>\n\n\n\n<p class=\"wp-block-paragraph\">A Anvisa detectou falhas nas boas pr\u00e1ticas de fabrica\u00e7\u00e3o. Apesar disso, os produtos no mercado <strong>continuam seguros para consumo<\/strong>, sem necessidade de recall. A Unilever informou que est\u00e1 aplicando medidas corretivas imediatas para retomar a produ\u00e7\u00e3o.<\/p>\n\n\n\n<p class=\"wp-block-paragraph\">Esta interrup\u00e7\u00e3o tem impacto direto nas fam\u00edlias brasileiras que dependem regularmente dessas marcas. A Unilever \u00e9 um ator relevante no setor de bens de consumo, abrangendo n\u00e3o apenas produtos de limpeza, mas tamb\u00e9m alimentos e cuidados pessoais.<\/p>\n\n\n\n<h2 class=\"wp-block-heading\">Impacto no mercado de limpeza<\/h2>\n\n\n\n<p class=\"wp-block-paragraph\">O mercado de limpeza dom\u00e9stica no Brasil \u00e9 extremamente competitivo. As marcas afetadas t\u00eam uma presen\u00e7a significativa nos lares do pa\u00eds. Embora a Unilever seja uma empresa importante, a interrup\u00e7\u00e3o n\u00e3o deve gerar escassez imediata, j\u00e1 que n\u00e3o h\u00e1 recall dos produtos dispon\u00edveis.<\/p>\n\n\n\n<p class=\"wp-block-paragraph\">A a\u00e7\u00e3o da Anvisa n\u00e3o \u00e9 um evento isolado em 2026. No in\u00edcio do ano, a ag\u00eancia j\u00e1 havia inspecionado outras fabricantes de saneantes, como a Yp\u00ea, que teve opera\u00e7\u00f5es suspensas em maio devido a falhas graves. A Anvisa refor\u00e7ou sua postura rigorosa na fiscaliza\u00e7\u00e3o das normas sanit\u00e1rias.<\/p>\n","protected":false},"excerpt":{"rendered":"<p>Medida foi tomada devido a irregularidades nas pr\u00e1ticas de fabrica\u00e7\u00e3o que afetam produtos de limpeza de marcas conhecidas.<\/p>\n","protected":false},"author":12,"featured_media":14795,"comment_status":"closed","ping_status":"closed","sticky":false,"template":"","format":"standard","meta":{"jnews-multi-image_gallery":[],"jnews_single_post":{"format":"standard"},"jnews_primary_category":[],"jnews_social_meta":[],"jnews_post_split":[],"footnotes":""},"categories":[1],"tags":[],"class_list":["post-57602","post","type-post","status-publish","format-standard","has-post-thumbnail","hentry","category-geral"],"_referencia":"","_links":{"self":[{"href":"https:\/\/diariodocomercio.com.br\/mix\/wp-json\/wp\/v2\/posts\/57602","targetHints":{"allow":["GET"]}}],"collection":[{"href":"https:\/\/diariodocomercio.com.br\/mix\/wp-json\/wp\/v2\/posts"}],"about":[{"href":"https:\/\/diariodocomercio.com.br\/mix\/wp-json\/wp\/v2\/types\/post"}],"author":[{"embeddable":true,"href":"https:\/\/diariodocomercio.com.br\/mix\/wp-json\/wp\/v2\/users\/12"}],"replies":[{"embeddable":true,"href":"https:\/\/diariodocomercio.com.br\/mix\/wp-json\/wp\/v2\/comments?post=57602"}],"version-history":[{"count":1,"href":"https:\/\/diariodocomercio.com.br\/mix\/wp-json\/wp\/v2\/posts\/57602\/revisions"}],"predecessor-version":[{"id":57603,"href":"https:\/\/diariodocomercio.com.br\/mix\/wp-json\/wp\/v2\/posts\/57602\/revisions\/57603"}],"wp:featuredmedia":[{"embeddable":true,"href":"https:\/\/diariodocomercio.com.br\/mix\/wp-json\/wp\/v2\/media\/14795"}],"wp:attachment":[{"href":"https:\/\/diariodocomercio.com.br\/mix\/wp-json\/wp\/v2\/media?parent=57602"}],"wp:term":[{"taxonomy":"category","embeddable":true,"href":"https:\/\/diariodocomercio.com.br\/mix\/wp-json\/wp\/v2\/categories?post=57602"},{"taxonomy":"post_tag","embeddable":true,"href":"https:\/\/diariodocomercio.com.br\/mix\/wp-json\/wp\/v2\/tags?post=57602"}],"curies":[{"name":"wp","href":"https:\/\/api.w.org\/{rel}","templated":true}]}}