{"id":57616,"date":"2026-09-02T14:29:13","date_gmt":"2026-09-02T17:29:13","guid":{"rendered":"https:\/\/diariodocomercio.com.br\/mix\/?p=57616"},"modified":"2026-09-02T14:29:15","modified_gmt":"2026-09-02T17:29:15","slug":"governo-bate-o-martelo-sobre-aumento-no-valor-do-bolsa-familia-para-2027","status":"publish","type":"post","link":"https:\/\/diariodocomercio.com.br\/mix\/governo-bate-o-martelo-sobre-aumento-no-valor-do-bolsa-familia-para-2027\/","title":{"rendered":"Governo bate o martelo sobre aumento no valor do Bolsa Fam\u00edlia para 2027"},"content":{"rendered":"\n<p class=\"wp-block-paragraph\">O governo brasileiro anunciou a proposta de <strong>Or\u00e7amento de 2027.<\/strong> A proposta estabelece que o <strong>Bolsa Fam\u00edlia<\/strong>, relan\u00e7ado em mar\u00e7o de 2023, <strong>continuar\u00e1 sem reajuste,<\/strong> mantendo o valor m\u00ednimo de R$ 600 por fam\u00edlia.&nbsp;<\/p>\n\n\n\n<p class=\"wp-block-paragraph\">Apesar da legisla\u00e7\u00e3o permitir reajustes a cada dois anos, n\u00e3o h\u00e1 obrigatoriedade em promov\u00ea-los. A proposta de Or\u00e7amento para 2027 prev\u00ea um montante de R$ 157,1 bilh\u00f5es para o programa, enfrentando uma aloca\u00e7\u00e3o inferior em compara\u00e7\u00e3o com anos anteriores, mesmo com o n\u00famero de fam\u00edlias beneficiadas permanecendo em cerca de 19,3 milh\u00f5es desde 2025.<\/p>\n\n\n\n<h2 class=\"wp-block-heading\">Congelamento gera debate no Congresso<\/h2>\n\n\n\n<p class=\"wp-block-paragraph\">A proposta gerou debates no Congresso Nacional. A press\u00e3o para que os legisladores considerem ajustar os valores antes de aprovar o or\u00e7amento aumenta, especialmente em um ambiente de tens\u00e3o nas contas p\u00fablicas.<\/p>\n\n\n\n<p class=\"wp-block-paragraph\">O governo visa limitar despesas, mas enfrenta a crescente disparidade econ\u00f4mica e press\u00f5es sociais. Parlamentares s\u00e3o instados a defender uma atualiza\u00e7\u00e3o dos valores para garantir que o programa atenda efetivamente \u00e0s necessidades das fam\u00edlias em vulnerabilidade.<\/p>\n\n\n\n<h2 class=\"wp-block-heading\">Futuro do Bolsa Fam\u00edlia<\/h2>\n\n\n\n<p class=\"wp-block-paragraph\">A aus\u00eancia de reajuste nos benef\u00edcios adicionais para crian\u00e7as, gestantes e jovens tamb\u00e9m causa preocupa\u00e7\u00e3o. Os impactos no poder de compra diante da infla\u00e7\u00e3o s\u00e3o esperados.<\/p>\n\n\n\n<p class=\"wp-block-paragraph\">O Bolsa Fam\u00edlia garante o pagamento m\u00ednimo de R$ 600 por resid\u00eancia e disponibiliza acr\u00e9scimos mensais conforme a composi\u00e7\u00e3o do lar: s\u00e3o pagos R$ 150 para cada crian\u00e7a de at\u00e9 6 anos (Primeira Inf\u00e2ncia) e R$ 50 adicionais para gestantes, beb\u00eas de at\u00e9 6 meses (Nutriz) e jovens de 7 a 18 anos incompletos (Vari\u00e1vel Familiar).<\/p>\n","protected":false},"excerpt":{"rendered":"<p>O governo brasileiro anunciou a proposta de Or\u00e7amento de 2027. <\/p>\n","protected":false},"author":12,"featured_media":12376,"comment_status":"closed","ping_status":"closed","sticky":false,"template":"","format":"standard","meta":{"jnews-multi-image_gallery":[],"jnews_single_post":{"format":"standard"},"jnews_primary_category":[],"jnews_social_meta":[],"jnews_post_split":[],"footnotes":""},"categories":[1],"tags":[],"class_list":["post-57616","post","type-post","status-publish","format-standard","has-post-thumbnail","hentry","category-geral"],"_referencia":"","_links":{"self":[{"href":"https:\/\/diariodocomercio.com.br\/mix\/wp-json\/wp\/v2\/posts\/57616","targetHints":{"allow":["GET"]}}],"collection":[{"href":"https:\/\/diariodocomercio.com.br\/mix\/wp-json\/wp\/v2\/posts"}],"about":[{"href":"https:\/\/diariodocomercio.com.br\/mix\/wp-json\/wp\/v2\/types\/post"}],"author":[{"embeddable":true,"href":"https:\/\/diariodocomercio.com.br\/mix\/wp-json\/wp\/v2\/users\/12"}],"replies":[{"embeddable":true,"href":"https:\/\/diariodocomercio.com.br\/mix\/wp-json\/wp\/v2\/comments?post=57616"}],"version-history":[{"count":1,"href":"https:\/\/diariodocomercio.com.br\/mix\/wp-json\/wp\/v2\/posts\/57616\/revisions"}],"predecessor-version":[{"id":57617,"href":"https:\/\/diariodocomercio.com.br\/mix\/wp-json\/wp\/v2\/posts\/57616\/revisions\/57617"}],"wp:featuredmedia":[{"embeddable":true,"href":"https:\/\/diariodocomercio.com.br\/mix\/wp-json\/wp\/v2\/media\/12376"}],"wp:attachment":[{"href":"https:\/\/diariodocomercio.com.br\/mix\/wp-json\/wp\/v2\/media?parent=57616"}],"wp:term":[{"taxonomy":"category","embeddable":true,"href":"https:\/\/diariodocomercio.com.br\/mix\/wp-json\/wp\/v2\/categories?post=57616"},{"taxonomy":"post_tag","embeddable":true,"href":"https:\/\/diariodocomercio.com.br\/mix\/wp-json\/wp\/v2\/tags?post=57616"}],"curies":[{"name":"wp","href":"https:\/\/api.w.org\/{rel}","templated":true}]}}