{"id":57618,"date":"2026-09-05T04:15:00","date_gmt":"2026-09-05T07:15:00","guid":{"rendered":"https:\/\/diariodocomercio.com.br\/mix\/?p=57618"},"modified":"2026-09-02T14:40:31","modified_gmt":"2026-09-02T17:40:31","slug":"inss-anuncia-o-pagamento-de-setembro-veja-quando-voce-recebe-de-acordo-com-o-seu-cartao-de-beneficio","status":"publish","type":"post","link":"https:\/\/diariodocomercio.com.br\/mix\/inss-anuncia-o-pagamento-de-setembro-veja-quando-voce-recebe-de-acordo-com-o-seu-cartao-de-beneficio\/","title":{"rendered":"INSS anuncia o pagamento de setembro; veja quando voc\u00ea recebe de acordo com o seu cart\u00e3o de benef\u00edcio"},"content":{"rendered":"\n<p class=\"wp-block-paragraph\">O Instituto Nacional do Seguro Social definiu o calend\u00e1rio de pagamentos da compet\u00eancia de <strong>setembro<\/strong> de 2026. Os dep\u00f3sitos come\u00e7am no dia 24 de setembro para os benefici\u00e1rios que recebem at\u00e9 um sal\u00e1rio m\u00ednimo e seguem at\u00e9 7 de outubro.<\/p>\n\n\n\n<p class=\"wp-block-paragraph\">Para aqueles com rendimento acima do piso nacional, os pagamentos t\u00eam in\u00edcio em 1\u00ba de outubro e tamb\u00e9m se estendem at\u00e9 o dia 7 do mesmo m\u00eas.<\/p>\n\n\n\n<h2 class=\"wp-block-heading\">Datas de repasse<\/h2>\n\n\n\n<p class=\"wp-block-paragraph\">O cronograma \u00e9 organizado com base no n\u00famero final do cart\u00e3o de benef\u00edcio, desconsiderando o d\u00edgito verificador que aparece ap\u00f3s o tra\u00e7o. Para os segurados que ganham at\u00e9 o m\u00ednimo, a ordem come\u00e7a pelo final 1 e avan\u00e7a diariamente, incluindo finais de semana e feriados.<\/p>\n\n\n\n<p class=\"wp-block-paragraph\">J\u00e1 para os que recebem valores superiores ao sal\u00e1rio m\u00ednimo, s\u00e3o pagos dois finais por dia: primeiro os finais 1 e 6, depois 2 e 7, e assim sucessivamente.<\/p>\n\n\n\n<p class=\"wp-block-paragraph\">Confira as datas para quem recebe <strong>at\u00e9 um sal\u00e1rio m\u00ednimo:<\/strong><\/p>\n\n\n\n<ul class=\"wp-block-list\">\n<li>Final 1: 24 de setembro<\/li>\n\n\n\n<li>Final 2: 25 de setembro<\/li>\n\n\n\n<li>Final 3: 28 de setembro<\/li>\n\n\n\n<li>Final 4: 29 de setembro<\/li>\n\n\n\n<li>Final 5: 30 de setembro<\/li>\n\n\n\n<li>Final 6: 1\u00ba de outubro<\/li>\n\n\n\n<li>Final 7: 2 de outubro<\/li>\n\n\n\n<li>Final 8: 5 de outubro<\/li>\n\n\n\n<li>Final 9: 6 de outubro<\/li>\n\n\n\n<li>Final 0: 7 de outubro<\/li>\n<\/ul>\n\n\n\n<p class=\"wp-block-paragraph\">Para os benefici\u00e1rios com renda <strong>acima do sal\u00e1rio m\u00ednimo,<\/strong> o calend\u00e1rio \u00e9 o seguinte:<\/p>\n\n\n\n<ul class=\"wp-block-list\">\n<li>Finais 1 e 6: 1\u00ba de outubro<\/li>\n\n\n\n<li>Finais 2 e 7: 2 de outubro<\/li>\n\n\n\n<li>Finais 3 e 8: 5 de outubro<\/li>\n\n\n\n<li>Finais 4 e 9: 6 de outubro<\/li>\n\n\n\n<li>Finais 5 e 0: 7 de outubro<\/li>\n<\/ul>\n\n\n\n<p class=\"wp-block-paragraph\">O calend\u00e1rio contempla aposentados, pensionistas e demais benefici\u00e1rios de aux\u00edlios previdenci\u00e1rios e assistenciais administrados pelo INSS. As datas variam conforme o valor do benef\u00edcio e o n\u00famero final do cart\u00e3o, o que significa que dois segurados com valores pr\u00f3ximos podem ter dias diferentes de pagamento.<\/p>\n\n\n\n<p class=\"wp-block-paragraph\">Os benefici\u00e1rios podem consultar o extrato e o valor a receber pelo aplicativo Meu INSS ou pelo site meu.inss.gov.br.&nbsp;<\/p>\n","protected":false},"excerpt":{"rendered":"<p>O Instituto Nacional do Seguro Social definiu o calend\u00e1rio de pagamentos da compet\u00eancia de setembro de 2026. <\/p>\n","protected":false},"author":12,"featured_media":10504,"comment_status":"closed","ping_status":"closed","sticky":false,"template":"","format":"standard","meta":{"jnews-multi-image_gallery":[],"jnews_single_post":{"format":"standard"},"jnews_primary_category":[],"jnews_social_meta":[],"jnews_post_split":[],"footnotes":""},"categories":[1],"tags":[],"class_list":["post-57618","post","type-post","status-publish","format-standard","has-post-thumbnail","hentry","category-geral"],"_referencia":"","_links":{"self":[{"href":"https:\/\/diariodocomercio.com.br\/mix\/wp-json\/wp\/v2\/posts\/57618","targetHints":{"allow":["GET"]}}],"collection":[{"href":"https:\/\/diariodocomercio.com.br\/mix\/wp-json\/wp\/v2\/posts"}],"about":[{"href":"https:\/\/diariodocomercio.com.br\/mix\/wp-json\/wp\/v2\/types\/post"}],"author":[{"embeddable":true,"href":"https:\/\/diariodocomercio.com.br\/mix\/wp-json\/wp\/v2\/users\/12"}],"replies":[{"embeddable":true,"href":"https:\/\/diariodocomercio.com.br\/mix\/wp-json\/wp\/v2\/comments?post=57618"}],"version-history":[{"count":3,"href":"https:\/\/diariodocomercio.com.br\/mix\/wp-json\/wp\/v2\/posts\/57618\/revisions"}],"predecessor-version":[{"id":57621,"href":"https:\/\/diariodocomercio.com.br\/mix\/wp-json\/wp\/v2\/posts\/57618\/revisions\/57621"}],"wp:featuredmedia":[{"embeddable":true,"href":"https:\/\/diariodocomercio.com.br\/mix\/wp-json\/wp\/v2\/media\/10504"}],"wp:attachment":[{"href":"https:\/\/diariodocomercio.com.br\/mix\/wp-json\/wp\/v2\/media?parent=57618"}],"wp:term":[{"taxonomy":"category","embeddable":true,"href":"https:\/\/diariodocomercio.com.br\/mix\/wp-json\/wp\/v2\/categories?post=57618"},{"taxonomy":"post_tag","embeddable":true,"href":"https:\/\/diariodocomercio.com.br\/mix\/wp-json\/wp\/v2\/tags?post=57618"}],"curies":[{"name":"wp","href":"https:\/\/api.w.org\/{rel}","templated":true}]}}