{"id":57650,"date":"2026-09-03T07:31:00","date_gmt":"2026-09-03T10:31:00","guid":{"rendered":"https:\/\/diariodocomercio.com.br\/mix\/?p=57650"},"modified":"2026-09-02T21:34:02","modified_gmt":"2026-09-03T00:34:02","slug":"brasil-tera-nova-onda-de-frio-em-setembro-e-termometros-podem-marcar-0c-em-algumas-regioes","status":"publish","type":"post","link":"https:\/\/diariodocomercio.com.br\/mix\/brasil-tera-nova-onda-de-frio-em-setembro-e-termometros-podem-marcar-0c-em-algumas-regioes\/","title":{"rendered":"Brasil ter\u00e1 nova onda de frio em setembro e term\u00f4metros podem marcar 0\u00b0C em algumas regi\u00f5es"},"content":{"rendered":"\n<p class=\"wp-block-paragraph\">M\u00e1 not\u00edcia para os amantes de um calorzinho que estavam doidos para ver o frio indo embora. O m\u00eas de setembro pode ser o \u00faltimo m\u00eas do inverno, mas ele vai come\u00e7ar com n\u00e3o uma, mas duas massas de ar frio consecutivas atuando no Centro-Sul. A primeira massa come\u00e7ou a avan\u00e7ar na \u00faltima ter\u00e7a-feira (1), impulsionada pela atua\u00e7\u00e3o de um ciclone extratropical, mas uma massa ainda mais forte est\u00e1 prevista para chegar entre os dias 5 e 6 de setembro.  <\/p>\n\n\n\n<p class=\"wp-block-paragraph\">De acordo com o Agrolink, na madrugada e manh\u00e3 da \u00faltima quarta-feira (2), grande parte da Regi\u00e3o Sul deve ficar com temperaturas m\u00ednimas abaixo dos 10\u00baC, com os term\u00f4metros ficando perto dos 0\u00baC na Serra Ga\u00facha e na Serra Catarinense. Temperaturas abaixo dos 10\u00baC tamb\u00e9m deve ser registradas no Sudeste, principalmente em S\u00e3o Paulo, no Vale do Para\u00edba, no sul de Minas Gerais, nas proximidades da Serra da Mantiqueira, al\u00e9m do sul e da regi\u00e3o serrana do Rio de Janeiro.<\/p>\n\n\n\n<h2 class=\"wp-block-heading\">A partir da sexta (4), massa de ar frio mais potente derruba temperaturas<\/h2>\n\n\n\n<p class=\"wp-block-paragraph\">No fim de semana, uma segunda massa de ar frio come\u00e7a a atuar sobre o Centro-Sul, derrubando as temperaturas em v\u00e1rios estados brasileiros. O pico do frio deve cair justamente no feriado da Independ\u00eancia, na pr\u00f3xima segunda, dia 7 de setembro. Nesse dia, term\u00f4metros da regi\u00e3o Sul devem registrar m\u00ednimas abaixo de 0\u00baC.<\/p>\n\n\n\n<p class=\"wp-block-paragraph\">No Sudeste, o Rio de Janeiro, o Sul de Minas e o Sul e Leste de S\u00e3o Paulo ter\u00e3o temperaturas pr\u00f3ximas \u00e0s registradas nos dias mais gelados do inverno deste ano. De acordo com o Meteored, essa massa de ar polar pode avan\u00e7ar at\u00e9 o Acre, passando por Rond\u00f4nia e pelo Mato Grosso, causando epis\u00f3dios de friagem nessas regi\u00f5es.<\/p>\n\n\n<style>@media (min-width: 992px) {\n    .recomendadorV2Area1 {\n        width: 280px;\n    }\n    .recomendadorV2Area2 {\n        padding: 0px 20px;\n        width: calc(100% - 280px);\n    }\n}\n\n@media (max-width: 992px) {\n    .recomendadorV2Button {\n        margin: 0 auto;\n    }\n    .recomendadorV2Area {\n        flex-direction: column;\n        text-align: center;\n    }\n    .recomendadorV2Area2 {\n        padding: 0px 20px;\n    }\n}\n\n.recomendadorV2Area {\n    background: #eeeeee3d;\n    border-radius: 10px;\n    padding: 15px;\n    display: flex;\n    margin: 15px auto;\n    border: 1px solid #00000014;\n    max-width: 800px;\n}\n\n.recomendadorV2Area1 img {\n    width: 280px;\n    height: auto;\n    border-radius: 8px;\n}\n\n.linkrecomendadorv2 {\n    text-decoration: none !important;\n}\n\n.recomendadorV2Area2 .recomendadorV2Type {\n    text-transform: uppercase;\n    font-weight: 500;\n    font-size: 11px;\n    letter-spacing: 2px;\n    color: #666;\n    margin: 12px 0;\n    display: block;\n}\n\n.recomendadorV2Title h2 {\n    padding-top: 0px !important;\n    margin: 0px !important;\n    border-left: none !important;\n    padding-left: 0px !important;\n    line-height: 1.3;\n    color: #000 !important;\n    font-size: 24px;\n    margin-bottom: 12px !important;\n}\n\n.recomendadorV2Desc {\n    color: #333;\n    margin: 12px 0px !important;\n    font-size: 15px;\n    line-height: 1.5;\n}\n\n.recomendadorV2Button {\n    width: auto;\n    max-width: 200px;\n    margin: 0;\n    display: inline-flex;\n    align-items: center;\n    background: #1D3557;\n    border-radius: 8px;\n    color: #fff;\n    height: 36px;\n    justify-content: center;\n    text-align: center;\n    font-size: 14px;\n    padding: 0 20px;\n    transition: background-color 0.2s ease;\n}\n\n.recomendadorV2Button:hover {\n    background: #2a4d7a;\n}\n\n.recomendadorV2Button:after {\n    margin-top: -2px;\n    content: \"\u2192\";\n    padding: 0px 0px 0px 8px;\n}\n\n.recomendadorV2Alert {\n    text-align: left;\n    font-size: 11px;\n    margin-top: 8px;\n    color: #666;\n}\n\n.recomendadorFixedArea {\n    width: 100%;\n    display: flex;\n    justify-content: center;\n    align-items: center;\n}\n\n@media (min-width: 992px) {\n    #recomendadorFixed {\n        width: 32% !important;\n        left: 5%;\n    }\n    .recomendadorCloseFixed{\n        right: inherit !important;\n        left: 378px !important;\n    }\n}\n\n#recomendadorFixed {\n    width: 90%;\n    box-shadow: 0 10px 20px 0px #00000057;\n    display: none;\n    height: 90px;\n    background: #F6F6F6;\n    position: fixed;\n    flex-direction: row;\n    bottom: 10px;\n    z-index: 9999;\n    border-radius: 16px;\n    padding: 7px 10px;\n}\n\n.recomendadorLeftArea {\n    width: 160px;\n}\n\n.recomendadorRightArea h2 {\n    padding-top: 0px;\n    margin: 2px 0px 4px 0px !important;\n    font-weight: 400;\n    text-align: center;\n    padding-left: 0px !important;\n    color: #000 !important;\n    border-left: none !important;\n    line-height: 20px;\n    font-size: 12px !important;\n}\n\n.recomendadorImgFixed {\n    overflow: hidden;\n    padding: 8px 6px;\n    height: 100%;\n}\n\n.recomendadorImgFixed img {\n    height: 100% !important;\n    border-radius: 16px;\n}\n\n.recomendadorRightArea {\n    padding-top: 6px;\n    display: flex;\n    width: calc(100% - 130px);\n    justify-content: space-between;\n    align-items: center;\n    flex-direction: column;\n}\n\n.recomendadorButtonFixed {\n    margin: 0 auto;\n    background: #1D3557;\n    width: 80%;\n    text-align: center;\n    font-size: 10px;\n    color: #FFF;\n    padding: 2px 10px;\n    border-radius: 3px;\n}\n\n.recomendadorButtonFixed:after {\n    margin-top: -3px;\n    content: \"\u2192\";\n    padding: 0px 0px 0px 10px;\n}\n\n.recomendadorAlertFixed {\n    font-weight: 400;\n    text-align: center;\n    color: #484848;\n    font-size: 8px;\n}\n\n.recomendadorCloseFixed {\n    z-index: 99999;\n    display: none;\n    right: 0px;\n    left: inherit;\n    bottom: 99px;\n    position: fixed;\n    justify-content: center;\n    background: #F6F6F6;\n    width: 25px;\n    align-items: center;\n    height: 25px;\n    font-weight: 800;\n    border-radius: 50%;\n    border: 1px solid #EBEBEB;\n}\n\n.recomendadorV2Desc{\n    color: #000000;\n    margin: 20px 0px;\n}\n\n@media (max-width: 576px) {\n    .recomendadorV2Area {\n      padding: 10px;\n      max-width: 100%;\n    }\n  \n    .recomendadorV2Area1 img {\n      width: 100%;\n      border-radius: 6px;\n    }\n  \n    .recomendadorV2Area2 .recomendadorV2Type {\n      font-size: 9px;\n      letter-spacing: 1px;\n      margin: 8px 0;\n    }\n  \n    .recomendadorV2Title h2 {\n      font-size: 18px !important;\n      margin-bottom: 8px !important;\n      line-height: 1.2;\n    }\n  \n    .recomendadorV2Desc {\n      font-size: 14px;\n      margin: 8px 0 !important;\n      line-height: 1.4;\n    }\n  \n    .recomendadorV2Button {\n      font-size: 14px;\n      height: 40px;\n      padding: 0 12px;\n      max-width: 100%;\n      width: 100%;\n    }\n  \n    .recomendadorV2Button:after {\n      padding-left: 6px;\n    }\n  }\n  <\/style>\n        <div class=\"lazyblock-recomendador-v2-2jDGz wp-block-lazyblock-recomendador-v2\">\n        <a class=\"linkrecomendadorv2\" href=\"https:\/\/diariodocomercio.com.br\/mix\/trabalhadores-recebem-alerta-sobre-atitude-no-whatsapp-que-pode-causar-demissao-por-justa-causa\/%20\">\n            <div class=\"recomendadorV2Area\">\n            <div class=\"recomendadorV2Area1\">\n                <div class=\"recomendadorV2Img\">\n                <img width=\"768\" height=\"501\" src=\"https:\/\/diariodocomercio.com.br\/mix\/wp-content\/uploads\/2025\/01\/whatsapp-2105015_1280-768x501.jpg\" class=\"lazyloaded\" alt=\"\" sizes=\"auto, (min-width: 577px) 280px, calc(100vw - 20px)\" decoding=\"async\" loading=\"lazy\" srcset=\"https:\/\/diariodocomercio.com.br\/mix\/wp-content\/uploads\/2025\/01\/whatsapp-2105015_1280-768x501.jpg 768w, https:\/\/diariodocomercio.com.br\/mix\/wp-content\/uploads\/2025\/01\/whatsapp-2105015_1280-300x196.jpg 300w, https:\/\/diariodocomercio.com.br\/mix\/wp-content\/uploads\/2025\/01\/whatsapp-2105015_1280-1200x783.jpg 1200w, https:\/\/diariodocomercio.com.br\/mix\/wp-content\/uploads\/2025\/01\/whatsapp-2105015_1280-150x98.jpg 150w, https:\/\/diariodocomercio.com.br\/mix\/wp-content\/uploads\/2025\/01\/whatsapp-2105015_1280-750x489.jpg 750w, https:\/\/diariodocomercio.com.br\/mix\/wp-content\/uploads\/2025\/01\/whatsapp-2105015_1280-1140x744.jpg 1140w, https:\/\/diariodocomercio.com.br\/mix\/wp-content\/uploads\/2025\/01\/whatsapp-2105015_1280.jpg 1280w\" \/>\n                <\/div>\n            <\/div>\n            <div class=\"recomendadorV2Area2\">\n                <div class=\"recomendadorV2Type\">\n                    <span>JUSTI\u00c7A t\u00edtulo=Trabalhadores recebem alerta sobre atitude no WhatsApp que pode causar demiss\u00e3o por justa causa <\/span>\n                <\/div>\n                <div class=\"recomendadorV2Title\">\n                <h2><span><\/span><\/h2>\n                <\/div>\n                <div class=\"recomendadorV2Desc\">\n                <span>J\u00e1 imaginou acabar sofrendo uma demiss\u00e3o por justa causa porque voc\u00ea postou um status no seu WhatsApp? \u00c9 isso que \u2026 <\/span>\n                <\/div>\n                <div class=\"recomendadorV2Button\">Leia mais <\/div>\n                <div class=\"recomendadorV2Alert\"><\/div>\n            <\/div>\n            <\/div>\n        <\/a>\n        <div>\n            <div style=\"z-index:99999;\" id=\"buttonClose\" onclick=\"closeRecomendadorFixed()\">\n            <div class=\"recomendadorCloseFixed\">X<\/div>\n            <\/div>\n            <a href=\"https:\/\/diariodocomercio.com.br\/mix\/trabalhadores-recebem-alerta-sobre-atitude-no-whatsapp-que-pode-causar-demissao-por-justa-causa\/%20\">\n            <div class=\"recomendadorFixedArea\">\n                <div id=\"recomendadorFixed\">\n                <div class=\"recomendadorLeftArea\">\n                    <div class=\"recomendadorImgFixed\">\n                    <img width=\"300\" height=\"196\" src=\"https:\/\/diariodocomercio.com.br\/mix\/wp-content\/uploads\/2025\/01\/whatsapp-2105015_1280-300x196.jpg\" class=\"lazyload\" alt=\"\" sizes=\"auto, 160px\" decoding=\"async\" loading=\"lazy\" srcset=\"https:\/\/diariodocomercio.com.br\/mix\/wp-content\/uploads\/2025\/01\/whatsapp-2105015_1280-300x196.jpg 300w, https:\/\/diariodocomercio.com.br\/mix\/wp-content\/uploads\/2025\/01\/whatsapp-2105015_1280-1200x783.jpg 1200w, https:\/\/diariodocomercio.com.br\/mix\/wp-content\/uploads\/2025\/01\/whatsapp-2105015_1280-768x501.jpg 768w, https:\/\/diariodocomercio.com.br\/mix\/wp-content\/uploads\/2025\/01\/whatsapp-2105015_1280-150x98.jpg 150w, https:\/\/diariodocomercio.com.br\/mix\/wp-content\/uploads\/2025\/01\/whatsapp-2105015_1280-750x489.jpg 750w, https:\/\/diariodocomercio.com.br\/mix\/wp-content\/uploads\/2025\/01\/whatsapp-2105015_1280-1140x744.jpg 1140w, https:\/\/diariodocomercio.com.br\/mix\/wp-content\/uploads\/2025\/01\/whatsapp-2105015_1280.jpg 1280w\" \/>\n                    <\/div>\n                <\/div>\n                <div class=\"recomendadorRightArea\">\n                    <div class=\"recomendadorTitleFixed\">\n                    <h2><span><\/span><\/h2>\n                    <\/div>\n                    <div class=\"recomendadorButtonFixed\">Leia mais <\/div>\n                    <div class=\"recomendadorAlertFixed\"><\/div>\n                <\/div>\n                <\/div>\n            <\/div>\n            <\/a>\n        <\/div>\n        <\/div>\n","protected":false},"excerpt":{"rendered":"<p>M\u00e1 not\u00edcia para os amantes de um calorzinho que estavam doidos para ver o frio indo embora. O m\u00eas de setembro pode ser o \u00faltimo m\u00eas do inverno, mas ele vai come\u00e7ar com n\u00e3o uma, mas duas massas de ar frio consecutivas atuando no Centro-Sul. A primeira massa come\u00e7ou a avan\u00e7ar na \u00faltima ter\u00e7a-feira (1), [&hellip;]<\/p>\n","protected":false},"author":6,"featured_media":57651,"comment_status":"closed","ping_status":"closed","sticky":false,"template":"","format":"standard","meta":{"jnews-multi-image_gallery":[],"jnews_single_post":{"format":"standard"},"jnews_primary_category":[],"jnews_social_meta":[],"jnews_post_split":[],"footnotes":""},"categories":[1],"tags":[],"class_list":["post-57650","post","type-post","status-publish","format-standard","has-post-thumbnail","hentry","category-geral"],"_referencia":"","_links":{"self":[{"href":"https:\/\/diariodocomercio.com.br\/mix\/wp-json\/wp\/v2\/posts\/57650","targetHints":{"allow":["GET"]}}],"collection":[{"href":"https:\/\/diariodocomercio.com.br\/mix\/wp-json\/wp\/v2\/posts"}],"about":[{"href":"https:\/\/diariodocomercio.com.br\/mix\/wp-json\/wp\/v2\/types\/post"}],"author":[{"embeddable":true,"href":"https:\/\/diariodocomercio.com.br\/mix\/wp-json\/wp\/v2\/users\/6"}],"replies":[{"embeddable":true,"href":"https:\/\/diariodocomercio.com.br\/mix\/wp-json\/wp\/v2\/comments?post=57650"}],"version-history":[{"count":2,"href":"https:\/\/diariodocomercio.com.br\/mix\/wp-json\/wp\/v2\/posts\/57650\/revisions"}],"predecessor-version":[{"id":57662,"href":"https:\/\/diariodocomercio.com.br\/mix\/wp-json\/wp\/v2\/posts\/57650\/revisions\/57662"}],"wp:featuredmedia":[{"embeddable":true,"href":"https:\/\/diariodocomercio.com.br\/mix\/wp-json\/wp\/v2\/media\/57651"}],"wp:attachment":[{"href":"https:\/\/diariodocomercio.com.br\/mix\/wp-json\/wp\/v2\/media?parent=57650"}],"wp:term":[{"taxonomy":"category","embeddable":true,"href":"https:\/\/diariodocomercio.com.br\/mix\/wp-json\/wp\/v2\/categories?post=57650"},{"taxonomy":"post_tag","embeddable":true,"href":"https:\/\/diariodocomercio.com.br\/mix\/wp-json\/wp\/v2\/tags?post=57650"}],"curies":[{"name":"wp","href":"https:\/\/api.w.org\/{rel}","templated":true}]}}