{"id":57653,"date":"2026-09-03T06:13:00","date_gmt":"2026-09-03T09:13:00","guid":{"rendered":"https:\/\/diariodocomercio.com.br\/mix\/?p=57653"},"modified":"2026-09-02T21:53:05","modified_gmt":"2026-09-03T00:53:05","slug":"estilo-que-fez-sucesso-nos-anos-70-volta-com-tudo-e-mulheres-ja-estao-usando-em-2026","status":"publish","type":"post","link":"https:\/\/diariodocomercio.com.br\/mix\/estilo-que-fez-sucesso-nos-anos-70-volta-com-tudo-e-mulheres-ja-estao-usando-em-2026\/","title":{"rendered":"Estilo que fez sucesso nos anos 70 volta com tudo e mulheres j\u00e1 est\u00e3o usando em 2026"},"content":{"rendered":"\n<p class=\"wp-block-paragraph\">N\u00e3o \u00e9 nenhuma novidade dizer que a moda \u00e9 c\u00edclica. Estamos constantemente resgatando tend\u00eancias, recriando-as para os nossos tempos e \u00e9 um pulo para que aquela roupa que era<em> &#8220;coisa de velho&#8221;<\/em> vire <em>&#8220;t\u00e3o vintage&#8221;<\/em>. De acordo com o jornal Extra, as passarelas deste ano est\u00e3o trazendo de volta os anos 70, parte do <em>&#8220;boho revival&#8221; <\/em>que surgiu como uma resposta direta ao minimalismo que dominou os \u00faltimos tempos. <\/p>\n\n\n\n<p class=\"wp-block-paragraph\">Segundo essas novas tend\u00eancias, a era do minimalismo acabou: as passarelas est\u00e3o cheias de modelos fluidos, com transpar\u00eancia, brilho e detalhes pra l\u00e1 de chamativos. Confira quatro estilos de blusa bem setentistas que est\u00e3o voltando \u00e0s araras:<\/p>\n\n\n\n<h2 class=\"wp-block-heading\">1. Camisas brancas boho<\/h2>\n\n\n\n<p class=\"wp-block-paragraph\">Parte do estilo hippie que caracterizou em parte dos anos 70, a camisa branca boho pega esse item cl\u00e1ssico e d\u00e1 um &#8220;tchan&#8221; a mais, com mangas bufantes, mais fluidez, detalhes de renda, entre outros acr\u00e9scimos. Mesmo assim, n\u00e3o \u00e9 uma pe\u00e7a dif\u00edcil de usar: o segredo \u00e9 deixar ela ser a estrela do look.<\/p>\n\n\n\n<iframe loading=\"lazy\" src=\"https:\/\/assets.pinterest.com\/ext\/embed.html?id=10696117861261127\" height=\"665\" width=\"345\"><\/iframe>\n\n\n\n<h2 class=\"wp-block-heading\">2. Blusas com babados no lugar das mangas<\/h2>\n\n\n\n<p class=\"wp-block-paragraph\">As blusas com babadas no lugar das mangas s\u00e3o um jeito simples de dar aquele toque a mais no seu visual e, mais uma vez, n\u00e3o s\u00e3o dif\u00edceis de combinar no dia a dia, podendo ser usadas com cal\u00e7a de alfaiataria, jeans ou short e combinando com diferentes ambientes.<\/p>\n\n\n\n<iframe loading=\"lazy\" src=\"https:\/\/assets.pinterest.com\/ext\/embed.html?id=577023771045487425\" height=\"560\" width=\"345\"><\/iframe>\n\n\n\n<h2 class=\"wp-block-heading\">3. Gola de la\u00e7o<\/h2>\n\n\n\n<p class=\"wp-block-paragraph\">Mais um exemplo do &#8220;adeus ao minimalismo&#8221; que a volta dos anos 70 representa para a moda. A gola la\u00e7o d\u00e1 um toque bastante sofisticado ao look, mas tamb\u00e9m pode ficar mais casual dependendo de como voc\u00ea usar o la\u00e7o.<\/p>\n\n\n\n<iframe loading=\"lazy\" src=\"https:\/\/assets.pinterest.com\/ext\/embed.html?id=8514686791121741\" height=\"714\" width=\"345\"><\/iframe>\n\n\n\n<h2 class=\"wp-block-heading\">4. Tecidos brilhosos<\/h2>\n\n\n\n<p class=\"wp-block-paragraph\">Os anos 70 n\u00e3o s\u00e3o apenas a era dos hippies, mas tamb\u00e9m o auge das discotecas. Nas noitadas, tecidos como lam\u00ea, cetim, lurex e paet\u00eas eram indispens\u00e1veis para chamar a aten\u00e7\u00e3o na pista de dan\u00e7a. <\/p>\n\n\n\n<iframe loading=\"lazy\" src=\"https:\/\/assets.pinterest.com\/ext\/embed.html?id=674484481739238172\" height=\"542\" width=\"345\"><\/iframe>\n\n\n<style>@media (min-width: 992px) {\n    .recomendadorV2Area1 {\n        width: 280px;\n    }\n    .recomendadorV2Area2 {\n        padding: 0px 20px;\n        width: calc(100% - 280px);\n    }\n}\n\n@media (max-width: 992px) {\n    .recomendadorV2Button {\n        margin: 0 auto;\n    }\n    .recomendadorV2Area {\n        flex-direction: column;\n        text-align: center;\n    }\n    .recomendadorV2Area2 {\n        padding: 0px 20px;\n    }\n}\n\n.recomendadorV2Area {\n    background: #eeeeee3d;\n    border-radius: 10px;\n    padding: 15px;\n    display: flex;\n    margin: 15px auto;\n    border: 1px solid #00000014;\n    max-width: 800px;\n}\n\n.recomendadorV2Area1 img {\n    width: 280px;\n    height: auto;\n    border-radius: 8px;\n}\n\n.linkrecomendadorv2 {\n    text-decoration: none !important;\n}\n\n.recomendadorV2Area2 .recomendadorV2Type {\n    text-transform: uppercase;\n    font-weight: 500;\n    font-size: 11px;\n    letter-spacing: 2px;\n    color: #666;\n    margin: 12px 0;\n    display: block;\n}\n\n.recomendadorV2Title h2 {\n    padding-top: 0px !important;\n    margin: 0px !important;\n    border-left: none !important;\n    padding-left: 0px !important;\n    line-height: 1.3;\n    color: #000 !important;\n    font-size: 24px;\n    margin-bottom: 12px !important;\n}\n\n.recomendadorV2Desc {\n    color: #333;\n    margin: 12px 0px !important;\n    font-size: 15px;\n    line-height: 1.5;\n}\n\n.recomendadorV2Button {\n    width: auto;\n    max-width: 200px;\n    margin: 0;\n    display: inline-flex;\n    align-items: center;\n    background: #1D3557;\n    border-radius: 8px;\n    color: #fff;\n    height: 36px;\n    justify-content: center;\n    text-align: center;\n    font-size: 14px;\n    padding: 0 20px;\n    transition: background-color 0.2s ease;\n}\n\n.recomendadorV2Button:hover {\n    background: #2a4d7a;\n}\n\n.recomendadorV2Button:after {\n    margin-top: -2px;\n    content: \"\u2192\";\n    padding: 0px 0px 0px 8px;\n}\n\n.recomendadorV2Alert {\n    text-align: left;\n    font-size: 11px;\n    margin-top: 8px;\n    color: #666;\n}\n\n.recomendadorFixedArea {\n    width: 100%;\n    display: flex;\n    justify-content: center;\n    align-items: center;\n}\n\n@media (min-width: 992px) {\n    #recomendadorFixed {\n        width: 32% !important;\n        left: 5%;\n    }\n    .recomendadorCloseFixed{\n        right: inherit !important;\n        left: 378px !important;\n    }\n}\n\n#recomendadorFixed {\n    width: 90%;\n    box-shadow: 0 10px 20px 0px #00000057;\n    display: none;\n    height: 90px;\n    background: #F6F6F6;\n    position: fixed;\n    flex-direction: row;\n    bottom: 10px;\n    z-index: 9999;\n    border-radius: 16px;\n    padding: 7px 10px;\n}\n\n.recomendadorLeftArea {\n    width: 160px;\n}\n\n.recomendadorRightArea h2 {\n    padding-top: 0px;\n    margin: 2px 0px 4px 0px !important;\n    font-weight: 400;\n    text-align: center;\n    padding-left: 0px !important;\n    color: #000 !important;\n    border-left: none !important;\n    line-height: 20px;\n    font-size: 12px !important;\n}\n\n.recomendadorImgFixed {\n    overflow: hidden;\n    padding: 8px 6px;\n    height: 100%;\n}\n\n.recomendadorImgFixed img {\n    height: 100% !important;\n    border-radius: 16px;\n}\n\n.recomendadorRightArea {\n    padding-top: 6px;\n    display: flex;\n    width: calc(100% - 130px);\n    justify-content: space-between;\n    align-items: center;\n    flex-direction: column;\n}\n\n.recomendadorButtonFixed {\n    margin: 0 auto;\n    background: #1D3557;\n    width: 80%;\n    text-align: center;\n    font-size: 10px;\n    color: #FFF;\n    padding: 2px 10px;\n    border-radius: 3px;\n}\n\n.recomendadorButtonFixed:after {\n    margin-top: -3px;\n    content: \"\u2192\";\n    padding: 0px 0px 0px 10px;\n}\n\n.recomendadorAlertFixed {\n    font-weight: 400;\n    text-align: center;\n    color: #484848;\n    font-size: 8px;\n}\n\n.recomendadorCloseFixed {\n    z-index: 99999;\n    display: none;\n    right: 0px;\n    left: inherit;\n    bottom: 99px;\n    position: fixed;\n    justify-content: center;\n    background: #F6F6F6;\n    width: 25px;\n    align-items: center;\n    height: 25px;\n    font-weight: 800;\n    border-radius: 50%;\n    border: 1px solid #EBEBEB;\n}\n\n.recomendadorV2Desc{\n    color: #000000;\n    margin: 20px 0px;\n}\n\n@media (max-width: 576px) {\n    .recomendadorV2Area {\n      padding: 10px;\n      max-width: 100%;\n    }\n  \n    .recomendadorV2Area1 img {\n      width: 100%;\n      border-radius: 6px;\n    }\n  \n    .recomendadorV2Area2 .recomendadorV2Type {\n      font-size: 9px;\n      letter-spacing: 1px;\n      margin: 8px 0;\n    }\n  \n    .recomendadorV2Title h2 {\n      font-size: 18px !important;\n      margin-bottom: 8px !important;\n      line-height: 1.2;\n    }\n  \n    .recomendadorV2Desc {\n      font-size: 14px;\n      margin: 8px 0 !important;\n      line-height: 1.4;\n    }\n  \n    .recomendadorV2Button {\n      font-size: 14px;\n      height: 40px;\n      padding: 0 12px;\n      max-width: 100%;\n      width: 100%;\n    }\n  \n    .recomendadorV2Button:after {\n      padding-left: 6px;\n    }\n  }\n  <\/style>\n        <div class=\"lazyblock-recomendador-v2-2jDGz wp-block-lazyblock-recomendador-v2\">\n        <a class=\"linkrecomendadorv2\" href=\"https:\/\/diariodocomercio.com.br\/mix\/trabalhadores-recebem-alerta-sobre-atitude-no-whatsapp-que-pode-causar-demissao-por-justa-causa\/%20\">\n            <div class=\"recomendadorV2Area\">\n            <div class=\"recomendadorV2Area1\">\n                <div class=\"recomendadorV2Img\">\n                <img width=\"768\" height=\"501\" src=\"https:\/\/diariodocomercio.com.br\/mix\/wp-content\/uploads\/2025\/01\/whatsapp-2105015_1280-768x501.jpg\" class=\"lazyloaded\" alt=\"\" sizes=\"auto, (min-width: 577px) 280px, calc(100vw - 20px)\" decoding=\"async\" loading=\"lazy\" srcset=\"https:\/\/diariodocomercio.com.br\/mix\/wp-content\/uploads\/2025\/01\/whatsapp-2105015_1280-768x501.jpg 768w, https:\/\/diariodocomercio.com.br\/mix\/wp-content\/uploads\/2025\/01\/whatsapp-2105015_1280-300x196.jpg 300w, https:\/\/diariodocomercio.com.br\/mix\/wp-content\/uploads\/2025\/01\/whatsapp-2105015_1280-1200x783.jpg 1200w, https:\/\/diariodocomercio.com.br\/mix\/wp-content\/uploads\/2025\/01\/whatsapp-2105015_1280-150x98.jpg 150w, https:\/\/diariodocomercio.com.br\/mix\/wp-content\/uploads\/2025\/01\/whatsapp-2105015_1280-750x489.jpg 750w, https:\/\/diariodocomercio.com.br\/mix\/wp-content\/uploads\/2025\/01\/whatsapp-2105015_1280-1140x744.jpg 1140w, https:\/\/diariodocomercio.com.br\/mix\/wp-content\/uploads\/2025\/01\/whatsapp-2105015_1280.jpg 1280w\" \/>\n                <\/div>\n            <\/div>\n            <div class=\"recomendadorV2Area2\">\n                <div class=\"recomendadorV2Type\">\n                    <span>JUSTI\u00c7A t\u00edtulo=Trabalhadores recebem alerta sobre atitude no WhatsApp que pode causar demiss\u00e3o por justa causa <\/span>\n                <\/div>\n                <div class=\"recomendadorV2Title\">\n                <h2><span><\/span><\/h2>\n                <\/div>\n                <div class=\"recomendadorV2Desc\">\n                <span>J\u00e1 imaginou acabar sofrendo uma demiss\u00e3o por justa causa porque voc\u00ea postou um status no seu WhatsApp? \u00c9 isso que \u2026 <\/span>\n                <\/div>\n                <div class=\"recomendadorV2Button\">Leia mais <\/div>\n                <div class=\"recomendadorV2Alert\"><\/div>\n            <\/div>\n            <\/div>\n        <\/a>\n        <div>\n            <div style=\"z-index:99999;\" id=\"buttonClose\" onclick=\"closeRecomendadorFixed()\">\n            <div class=\"recomendadorCloseFixed\">X<\/div>\n            <\/div>\n            <a href=\"https:\/\/diariodocomercio.com.br\/mix\/trabalhadores-recebem-alerta-sobre-atitude-no-whatsapp-que-pode-causar-demissao-por-justa-causa\/%20\">\n            <div class=\"recomendadorFixedArea\">\n                <div id=\"recomendadorFixed\">\n                <div class=\"recomendadorLeftArea\">\n                    <div class=\"recomendadorImgFixed\">\n                    <img width=\"300\" height=\"196\" src=\"https:\/\/diariodocomercio.com.br\/mix\/wp-content\/uploads\/2025\/01\/whatsapp-2105015_1280-300x196.jpg\" class=\"lazyload\" alt=\"\" sizes=\"auto, 160px\" decoding=\"async\" loading=\"lazy\" srcset=\"https:\/\/diariodocomercio.com.br\/mix\/wp-content\/uploads\/2025\/01\/whatsapp-2105015_1280-300x196.jpg 300w, https:\/\/diariodocomercio.com.br\/mix\/wp-content\/uploads\/2025\/01\/whatsapp-2105015_1280-1200x783.jpg 1200w, https:\/\/diariodocomercio.com.br\/mix\/wp-content\/uploads\/2025\/01\/whatsapp-2105015_1280-768x501.jpg 768w, https:\/\/diariodocomercio.com.br\/mix\/wp-content\/uploads\/2025\/01\/whatsapp-2105015_1280-150x98.jpg 150w, https:\/\/diariodocomercio.com.br\/mix\/wp-content\/uploads\/2025\/01\/whatsapp-2105015_1280-750x489.jpg 750w, https:\/\/diariodocomercio.com.br\/mix\/wp-content\/uploads\/2025\/01\/whatsapp-2105015_1280-1140x744.jpg 1140w, https:\/\/diariodocomercio.com.br\/mix\/wp-content\/uploads\/2025\/01\/whatsapp-2105015_1280.jpg 1280w\" \/>\n                    <\/div>\n                <\/div>\n                <div class=\"recomendadorRightArea\">\n                    <div class=\"recomendadorTitleFixed\">\n                    <h2><span><\/span><\/h2>\n                    <\/div>\n                    <div class=\"recomendadorButtonFixed\">Leia mais <\/div>\n                    <div class=\"recomendadorAlertFixed\"><\/div>\n                <\/div>\n                <\/div>\n            <\/div>\n            <\/a>\n        <\/div>\n        <\/div>\n","protected":false},"excerpt":{"rendered":"<p>N\u00e3o \u00e9 nenhuma novidade dizer que a moda \u00e9 c\u00edclica. Estamos constantemente resgatando tend\u00eancias, recriando-as para os nossos tempos e \u00e9 um pulo para que aquela roupa que era &#8220;coisa de velho&#8221; vire &#8220;t\u00e3o vintage&#8221;. De acordo com o jornal Extra, as passarelas deste ano est\u00e3o trazendo de volta os anos 70, parte do &#8220;boho [&hellip;]<\/p>\n","protected":false},"author":6,"featured_media":57654,"comment_status":"closed","ping_status":"closed","sticky":false,"template":"","format":"standard","meta":{"jnews-multi-image_gallery":[],"jnews_single_post":{"format":"standard"},"jnews_primary_category":[],"jnews_social_meta":[],"jnews_post_split":[],"footnotes":""},"categories":[1],"tags":[],"class_list":["post-57653","post","type-post","status-publish","format-standard","has-post-thumbnail","hentry","category-geral"],"_referencia":"","_links":{"self":[{"href":"https:\/\/diariodocomercio.com.br\/mix\/wp-json\/wp\/v2\/posts\/57653","targetHints":{"allow":["GET"]}}],"collection":[{"href":"https:\/\/diariodocomercio.com.br\/mix\/wp-json\/wp\/v2\/posts"}],"about":[{"href":"https:\/\/diariodocomercio.com.br\/mix\/wp-json\/wp\/v2\/types\/post"}],"author":[{"embeddable":true,"href":"https:\/\/diariodocomercio.com.br\/mix\/wp-json\/wp\/v2\/users\/6"}],"replies":[{"embeddable":true,"href":"https:\/\/diariodocomercio.com.br\/mix\/wp-json\/wp\/v2\/comments?post=57653"}],"version-history":[{"count":2,"href":"https:\/\/diariodocomercio.com.br\/mix\/wp-json\/wp\/v2\/posts\/57653\/revisions"}],"predecessor-version":[{"id":57661,"href":"https:\/\/diariodocomercio.com.br\/mix\/wp-json\/wp\/v2\/posts\/57653\/revisions\/57661"}],"wp:featuredmedia":[{"embeddable":true,"href":"https:\/\/diariodocomercio.com.br\/mix\/wp-json\/wp\/v2\/media\/57654"}],"wp:attachment":[{"href":"https:\/\/diariodocomercio.com.br\/mix\/wp-json\/wp\/v2\/media?parent=57653"}],"wp:term":[{"taxonomy":"category","embeddable":true,"href":"https:\/\/diariodocomercio.com.br\/mix\/wp-json\/wp\/v2\/categories?post=57653"},{"taxonomy":"post_tag","embeddable":true,"href":"https:\/\/diariodocomercio.com.br\/mix\/wp-json\/wp\/v2\/tags?post=57653"}],"curies":[{"name":"wp","href":"https:\/\/api.w.org\/{rel}","templated":true}]}}