{"id":57656,"date":"2026-09-05T00:37:00","date_gmt":"2026-09-05T03:37:00","guid":{"rendered":"https:\/\/diariodocomercio.com.br\/mix\/?p=57656"},"modified":"2026-09-02T22:10:11","modified_gmt":"2026-09-03T01:10:11","slug":"especialistas-descobrem-algo-surpreendente-sobre-a-forma-como-donos-conversam-com-seus-pets","status":"publish","type":"post","link":"https:\/\/diariodocomercio.com.br\/mix\/especialistas-descobrem-algo-surpreendente-sobre-a-forma-como-donos-conversam-com-seus-pets\/","title":{"rendered":"Especialistas descobrem algo surpreendente sobre a forma como donos conversam com seus pets"},"content":{"rendered":"\n<p class=\"wp-block-paragraph\">Um grupo de pesquisadores da Universidade do Arizona, nos Estados Unidos, queriam estudar se ter um animal de estima\u00e7\u00e3o, um pet em casa, faz bem ou mal para a sa\u00fade. Para isso, eles decidiram analisar grava\u00e7\u00f5es de tutores interagindo e conversando com os seus bichinhos para entender melhor essa rela\u00e7\u00e3o e os seus poss\u00edveis efeitos na sa\u00fade e no bem-estar humano.<\/p>\n\n\n\n<p class=\"wp-block-paragraph\">De acordo com o jornal Extra, eles tiveram essa ideia porque muitas pesquisas sobre pets apresentam resultados contradit\u00f3rios sobre se eles s\u00e3o ou n\u00e3o algo positivo para o bem-estar. Esses autores acreditam que uma poss\u00edvel explica\u00e7\u00e3o para essas &#8220;contradi\u00e7\u00f5es&#8221; \u00e9 algo que muitas pesquisas ignoram: a qualidade e frequ\u00eancia da intera\u00e7\u00e3o com esse animal.<\/p>\n\n\n\n<p class=\"wp-block-paragraph\"><em>\u201cMuitas pessoas que t\u00eam um animal de estima\u00e7\u00e3o dizem: \u2018Sei que esse animal faz diferen\u00e7a na minha vida\u2019, mas os estudos continuam apresentando resultados contradit\u00f3rios\u201d<\/em>, afirmou a Dra. Emily Bray, autora s\u00eanior do estudo e professora assistente na Faculdade de Medicina Veterin\u00e1ria.<em> \u201cPrecisamos de dados objetivos sobre o que as pessoas realmente dizem e como interagem com seus animais de estima\u00e7\u00e3o para come\u00e7armos a explorar o motivo disso.\u201d<\/em><\/p>\n\n\n\n<h2 class=\"wp-block-heading\">Estudo foi feito com mais de cinco mil grava\u00e7\u00f5es de pessoas interagindo com seus pets<\/h2>\n\n\n\n<p class=\"wp-block-paragraph\">Os pesquisadores usaram uma base com mais de cinco mil grava\u00e7\u00f5es de 240 participantes interagindo com seus c\u00e3es e gatos. Esses participantes inclu\u00edram diferentes grupos, como idosos, adultos saud\u00e1veis, pessoas lidando com doen\u00e7as e rec\u00e9m-divorciados. A partir dessas grava\u00e7\u00f5es, eles desenvolveram o AURAL-Pet, um sistema de an\u00e1lise para avaliar diferentes tipos de intera\u00e7\u00e3o entre pessoas e seus animais, como elogios, perguntas ou comandos. <\/p>\n\n\n\n<p class=\"wp-block-paragraph\">Segundo o site da Universidade do Arizona, enquanto criavam esse sistema, os autores se depararam com tipos de intera\u00e7\u00e3o que podem ajudar a explicar o efeito ben\u00e9fico de se ter um pet. Por exemplo, quando a presen\u00e7a do animal ajuda a come\u00e7ar conversas com outras pessoas ou quando o bichinho \u00e9 tratado como um confidente.<\/p>\n\n\n<style>@media (min-width: 992px) {\n    .recomendadorV2Area1 {\n        width: 280px;\n    }\n    .recomendadorV2Area2 {\n        padding: 0px 20px;\n        width: calc(100% - 280px);\n    }\n}\n\n@media (max-width: 992px) {\n    .recomendadorV2Button {\n        margin: 0 auto;\n    }\n    .recomendadorV2Area {\n        flex-direction: column;\n        text-align: center;\n    }\n    .recomendadorV2Area2 {\n        padding: 0px 20px;\n    }\n}\n\n.recomendadorV2Area {\n    background: #eeeeee3d;\n    border-radius: 10px;\n    padding: 15px;\n    display: flex;\n    margin: 15px auto;\n    border: 1px solid #00000014;\n    max-width: 800px;\n}\n\n.recomendadorV2Area1 img {\n    width: 280px;\n    height: auto;\n    border-radius: 8px;\n}\n\n.linkrecomendadorv2 {\n    text-decoration: none !important;\n}\n\n.recomendadorV2Area2 .recomendadorV2Type {\n    text-transform: uppercase;\n    font-weight: 500;\n    font-size: 11px;\n    letter-spacing: 2px;\n    color: #666;\n    margin: 12px 0;\n    display: block;\n}\n\n.recomendadorV2Title h2 {\n    padding-top: 0px !important;\n    margin: 0px !important;\n    border-left: none !important;\n    padding-left: 0px !important;\n    line-height: 1.3;\n    color: #000 !important;\n    font-size: 24px;\n    margin-bottom: 12px !important;\n}\n\n.recomendadorV2Desc {\n    color: #333;\n    margin: 12px 0px !important;\n    font-size: 15px;\n    line-height: 1.5;\n}\n\n.recomendadorV2Button {\n    width: auto;\n    max-width: 200px;\n    margin: 0;\n    display: inline-flex;\n    align-items: center;\n    background: #1D3557;\n    border-radius: 8px;\n    color: #fff;\n    height: 36px;\n    justify-content: center;\n    text-align: center;\n    font-size: 14px;\n    padding: 0 20px;\n    transition: background-color 0.2s ease;\n}\n\n.recomendadorV2Button:hover {\n    background: #2a4d7a;\n}\n\n.recomendadorV2Button:after {\n    margin-top: -2px;\n    content: \"\u2192\";\n    padding: 0px 0px 0px 8px;\n}\n\n.recomendadorV2Alert {\n    text-align: left;\n    font-size: 11px;\n    margin-top: 8px;\n    color: #666;\n}\n\n.recomendadorFixedArea {\n    width: 100%;\n    display: flex;\n    justify-content: center;\n    align-items: center;\n}\n\n@media (min-width: 992px) {\n    #recomendadorFixed {\n        width: 32% !important;\n        left: 5%;\n    }\n    .recomendadorCloseFixed{\n        right: inherit !important;\n        left: 378px !important;\n    }\n}\n\n#recomendadorFixed {\n    width: 90%;\n    box-shadow: 0 10px 20px 0px #00000057;\n    display: none;\n    height: 90px;\n    background: #F6F6F6;\n    position: fixed;\n    flex-direction: row;\n    bottom: 10px;\n    z-index: 9999;\n    border-radius: 16px;\n    padding: 7px 10px;\n}\n\n.recomendadorLeftArea {\n    width: 160px;\n}\n\n.recomendadorRightArea h2 {\n    padding-top: 0px;\n    margin: 2px 0px 4px 0px !important;\n    font-weight: 400;\n    text-align: center;\n    padding-left: 0px !important;\n    color: #000 !important;\n    border-left: none !important;\n    line-height: 20px;\n    font-size: 12px !important;\n}\n\n.recomendadorImgFixed {\n    overflow: hidden;\n    padding: 8px 6px;\n    height: 100%;\n}\n\n.recomendadorImgFixed img {\n    height: 100% !important;\n    border-radius: 16px;\n}\n\n.recomendadorRightArea {\n    padding-top: 6px;\n    display: flex;\n    width: calc(100% - 130px);\n    justify-content: space-between;\n    align-items: center;\n    flex-direction: column;\n}\n\n.recomendadorButtonFixed {\n    margin: 0 auto;\n    background: #1D3557;\n    width: 80%;\n    text-align: center;\n    font-size: 10px;\n    color: #FFF;\n    padding: 2px 10px;\n    border-radius: 3px;\n}\n\n.recomendadorButtonFixed:after {\n    margin-top: -3px;\n    content: \"\u2192\";\n    padding: 0px 0px 0px 10px;\n}\n\n.recomendadorAlertFixed {\n    font-weight: 400;\n    text-align: center;\n    color: #484848;\n    font-size: 8px;\n}\n\n.recomendadorCloseFixed {\n    z-index: 99999;\n    display: none;\n    right: 0px;\n    left: inherit;\n    bottom: 99px;\n    position: fixed;\n    justify-content: center;\n    background: #F6F6F6;\n    width: 25px;\n    align-items: center;\n    height: 25px;\n    font-weight: 800;\n    border-radius: 50%;\n    border: 1px solid #EBEBEB;\n}\n\n.recomendadorV2Desc{\n    color: #000000;\n    margin: 20px 0px;\n}\n\n@media (max-width: 576px) {\n    .recomendadorV2Area {\n      padding: 10px;\n      max-width: 100%;\n    }\n  \n    .recomendadorV2Area1 img {\n      width: 100%;\n      border-radius: 6px;\n    }\n  \n    .recomendadorV2Area2 .recomendadorV2Type {\n      font-size: 9px;\n      letter-spacing: 1px;\n      margin: 8px 0;\n    }\n  \n    .recomendadorV2Title h2 {\n      font-size: 18px !important;\n      margin-bottom: 8px !important;\n      line-height: 1.2;\n    }\n  \n    .recomendadorV2Desc {\n      font-size: 14px;\n      margin: 8px 0 !important;\n      line-height: 1.4;\n    }\n  \n    .recomendadorV2Button {\n      font-size: 14px;\n      height: 40px;\n      padding: 0 12px;\n      max-width: 100%;\n      width: 100%;\n    }\n  \n    .recomendadorV2Button:after {\n      padding-left: 6px;\n    }\n  }\n  <\/style>\n        <div class=\"lazyblock-recomendador-v2-2jDGz wp-block-lazyblock-recomendador-v2\">\n        <a class=\"linkrecomendadorv2\" href=\"https:\/\/diariodocomercio.com.br\/mix\/trabalhadores-recebem-alerta-sobre-atitude-no-whatsapp-que-pode-causar-demissao-por-justa-causa\/%20\">\n            <div class=\"recomendadorV2Area\">\n            <div class=\"recomendadorV2Area1\">\n                <div class=\"recomendadorV2Img\">\n                <img width=\"768\" height=\"501\" src=\"https:\/\/diariodocomercio.com.br\/mix\/wp-content\/uploads\/2025\/01\/whatsapp-2105015_1280-768x501.jpg\" class=\"lazyloaded\" alt=\"\" sizes=\"auto, (min-width: 577px) 280px, calc(100vw - 20px)\" decoding=\"async\" loading=\"lazy\" srcset=\"https:\/\/diariodocomercio.com.br\/mix\/wp-content\/uploads\/2025\/01\/whatsapp-2105015_1280-768x501.jpg 768w, https:\/\/diariodocomercio.com.br\/mix\/wp-content\/uploads\/2025\/01\/whatsapp-2105015_1280-300x196.jpg 300w, https:\/\/diariodocomercio.com.br\/mix\/wp-content\/uploads\/2025\/01\/whatsapp-2105015_1280-1200x783.jpg 1200w, https:\/\/diariodocomercio.com.br\/mix\/wp-content\/uploads\/2025\/01\/whatsapp-2105015_1280-150x98.jpg 150w, https:\/\/diariodocomercio.com.br\/mix\/wp-content\/uploads\/2025\/01\/whatsapp-2105015_1280-750x489.jpg 750w, https:\/\/diariodocomercio.com.br\/mix\/wp-content\/uploads\/2025\/01\/whatsapp-2105015_1280-1140x744.jpg 1140w, https:\/\/diariodocomercio.com.br\/mix\/wp-content\/uploads\/2025\/01\/whatsapp-2105015_1280.jpg 1280w\" \/>\n                <\/div>\n            <\/div>\n            <div class=\"recomendadorV2Area2\">\n                <div class=\"recomendadorV2Type\">\n                    <span>JUSTI\u00c7A t\u00edtulo=Trabalhadores recebem alerta sobre atitude no WhatsApp que pode causar demiss\u00e3o por justa causa <\/span>\n                <\/div>\n                <div class=\"recomendadorV2Title\">\n                <h2><span><\/span><\/h2>\n                <\/div>\n                <div class=\"recomendadorV2Desc\">\n                <span>J\u00e1 imaginou acabar sofrendo uma demiss\u00e3o por justa causa porque voc\u00ea postou um status no seu WhatsApp? \u00c9 isso que \u2026 <\/span>\n                <\/div>\n                <div class=\"recomendadorV2Button\">Leia mais <\/div>\n                <div class=\"recomendadorV2Alert\"><\/div>\n            <\/div>\n            <\/div>\n        <\/a>\n        <div>\n            <div style=\"z-index:99999;\" id=\"buttonClose\" onclick=\"closeRecomendadorFixed()\">\n            <div class=\"recomendadorCloseFixed\">X<\/div>\n            <\/div>\n            <a href=\"https:\/\/diariodocomercio.com.br\/mix\/trabalhadores-recebem-alerta-sobre-atitude-no-whatsapp-que-pode-causar-demissao-por-justa-causa\/%20\">\n            <div class=\"recomendadorFixedArea\">\n                <div id=\"recomendadorFixed\">\n                <div class=\"recomendadorLeftArea\">\n                    <div class=\"recomendadorImgFixed\">\n                    <img width=\"300\" height=\"196\" src=\"https:\/\/diariodocomercio.com.br\/mix\/wp-content\/uploads\/2025\/01\/whatsapp-2105015_1280-300x196.jpg\" class=\"lazyload\" alt=\"\" sizes=\"auto, 160px\" decoding=\"async\" loading=\"lazy\" srcset=\"https:\/\/diariodocomercio.com.br\/mix\/wp-content\/uploads\/2025\/01\/whatsapp-2105015_1280-300x196.jpg 300w, https:\/\/diariodocomercio.com.br\/mix\/wp-content\/uploads\/2025\/01\/whatsapp-2105015_1280-1200x783.jpg 1200w, https:\/\/diariodocomercio.com.br\/mix\/wp-content\/uploads\/2025\/01\/whatsapp-2105015_1280-768x501.jpg 768w, https:\/\/diariodocomercio.com.br\/mix\/wp-content\/uploads\/2025\/01\/whatsapp-2105015_1280-150x98.jpg 150w, https:\/\/diariodocomercio.com.br\/mix\/wp-content\/uploads\/2025\/01\/whatsapp-2105015_1280-750x489.jpg 750w, https:\/\/diariodocomercio.com.br\/mix\/wp-content\/uploads\/2025\/01\/whatsapp-2105015_1280-1140x744.jpg 1140w, https:\/\/diariodocomercio.com.br\/mix\/wp-content\/uploads\/2025\/01\/whatsapp-2105015_1280.jpg 1280w\" \/>\n                    <\/div>\n                <\/div>\n                <div class=\"recomendadorRightArea\">\n                    <div class=\"recomendadorTitleFixed\">\n                    <h2><span><\/span><\/h2>\n                    <\/div>\n                    <div class=\"recomendadorButtonFixed\">Leia mais <\/div>\n                    <div class=\"recomendadorAlertFixed\"><\/div>\n                <\/div>\n                <\/div>\n            <\/div>\n            <\/a>\n        <\/div>\n        <\/div>\n","protected":false},"excerpt":{"rendered":"<p>Um grupo de pesquisadores da Universidade do Arizona, nos Estados Unidos, queriam estudar se ter um animal de estima\u00e7\u00e3o, um pet em casa, faz bem ou mal para a sa\u00fade. Para isso, eles decidiram analisar grava\u00e7\u00f5es de tutores interagindo e conversando com os seus bichinhos para entender melhor essa rela\u00e7\u00e3o e os seus poss\u00edveis efeitos [&hellip;]<\/p>\n","protected":false},"author":6,"featured_media":57657,"comment_status":"closed","ping_status":"closed","sticky":false,"template":"","format":"standard","meta":{"jnews-multi-image_gallery":[],"jnews_single_post":{"format":"standard"},"jnews_primary_category":[],"jnews_social_meta":[],"jnews_post_split":[],"footnotes":""},"categories":[1],"tags":[],"class_list":["post-57656","post","type-post","status-publish","format-standard","has-post-thumbnail","hentry","category-geral"],"_referencia":"","_links":{"self":[{"href":"https:\/\/diariodocomercio.com.br\/mix\/wp-json\/wp\/v2\/posts\/57656","targetHints":{"allow":["GET"]}}],"collection":[{"href":"https:\/\/diariodocomercio.com.br\/mix\/wp-json\/wp\/v2\/posts"}],"about":[{"href":"https:\/\/diariodocomercio.com.br\/mix\/wp-json\/wp\/v2\/types\/post"}],"author":[{"embeddable":true,"href":"https:\/\/diariodocomercio.com.br\/mix\/wp-json\/wp\/v2\/users\/6"}],"replies":[{"embeddable":true,"href":"https:\/\/diariodocomercio.com.br\/mix\/wp-json\/wp\/v2\/comments?post=57656"}],"version-history":[{"count":1,"href":"https:\/\/diariodocomercio.com.br\/mix\/wp-json\/wp\/v2\/posts\/57656\/revisions"}],"predecessor-version":[{"id":57658,"href":"https:\/\/diariodocomercio.com.br\/mix\/wp-json\/wp\/v2\/posts\/57656\/revisions\/57658"}],"wp:featuredmedia":[{"embeddable":true,"href":"https:\/\/diariodocomercio.com.br\/mix\/wp-json\/wp\/v2\/media\/57657"}],"wp:attachment":[{"href":"https:\/\/diariodocomercio.com.br\/mix\/wp-json\/wp\/v2\/media?parent=57656"}],"wp:term":[{"taxonomy":"category","embeddable":true,"href":"https:\/\/diariodocomercio.com.br\/mix\/wp-json\/wp\/v2\/categories?post=57656"},{"taxonomy":"post_tag","embeddable":true,"href":"https:\/\/diariodocomercio.com.br\/mix\/wp-json\/wp\/v2\/tags?post=57656"}],"curies":[{"name":"wp","href":"https:\/\/api.w.org\/{rel}","templated":true}]}}