{"id":57669,"date":"2026-09-03T08:08:00","date_gmt":"2026-09-03T11:08:00","guid":{"rendered":"https:\/\/diariodocomercio.com.br\/mix\/?p=57669"},"modified":"2026-09-03T05:45:14","modified_gmt":"2026-09-03T08:45:14","slug":"anvisa-faz-alerta-e-pede-que-brasileiros-confiram-a-marca-da-agua-antes-de-beber","status":"publish","type":"post","link":"https:\/\/diariodocomercio.com.br\/mix\/anvisa-faz-alerta-e-pede-que-brasileiros-confiram-a-marca-da-agua-antes-de-beber\/","title":{"rendered":"Anvisa faz alerta e pede que brasileiros confiram a marca da \u00e1gua antes de beber"},"content":{"rendered":"\n<p class=\"wp-block-paragraph\">A Ag\u00eancia Nacional de Vigil\u00e2ncia Sanit\u00e1ria (Anvisa) determinou, nesta quarta-feira (2), a interdi\u00e7\u00e3o cautelar de um lote da \u00e1gua mineral sem g\u00e1s da marca Vitoriosa. A decis\u00e3o foi tomada ap\u00f3s uma an\u00e1lise laboratorial apontar resultado insatisfat\u00f3rio para coliformes totais, levando o \u00f3rg\u00e3o a impedir temporariamente a comercializa\u00e7\u00e3o do produto enquanto o caso \u00e9 apurado.<\/p>\n\n\n\n<p class=\"wp-block-paragraph\">A medida atinge especificamente o <strong>lote 110426L5<\/strong> da \u00e1gua mineral Vitoriosa, fabricada pela GEPF Agroind\u00fastria Ltda., empresa localizada em Engenheiro Paulo de Frontin, no Rio de Janeiro.<\/p>\n\n\n\n<p class=\"wp-block-paragraph\">O resultado que motivou a determina\u00e7\u00e3o foi obtido em exame realizado pelo Laborat\u00f3rio Central de Sa\u00fade P\u00fablica Noel Nutels (CRF\/RJ). Segundo o laudo, a amostra apresentou resultado insatisfat\u00f3rio no ensaio microbiol\u00f3gico, com detec\u00e7\u00e3o de coliformes totais em 250 ml.<\/p>\n\n\n\n<p class=\"wp-block-paragraph\">Essas bact\u00e9rias s\u00e3o utilizadas como indicadores das condi\u00e7\u00f5es sanit\u00e1rias de alimentos e da \u00e1gua. A presen\u00e7a de coliformes pode apontar poss\u00edveis falhas relacionadas \u00e0 higiene, ao processamento ou ao armazenamento do produto.<\/p>\n\n\n\n<p class=\"wp-block-paragraph\">A identifica\u00e7\u00e3o desses microrganismos, por\u00e9m, n\u00e3o significa necessariamente que exista contamina\u00e7\u00e3o por bact\u00e9rias de origem fecal ou por agentes capazes de provocar doen\u00e7as. Para determinar a natureza da contamina\u00e7\u00e3o, s\u00e3o necess\u00e1rios exames espec\u00edficos.<\/p>\n\n\n\n<h2 class=\"wp-block-heading\"><strong>Empresa diz ter recolhido o produto<\/strong><\/h2>\n\n\n\n<p class=\"wp-block-paragraph\">A interdi\u00e7\u00e3o determinada pela Anvisa tem car\u00e1ter cautelar e, portanto, funciona como uma medida preventiva enquanto as circunst\u00e2ncias do caso s\u00e3o investigadas. Durante a vig\u00eancia da determina\u00e7\u00e3o, o lote afetado n\u00e3o pode ser comercializado.<\/p>\n\n\n\n<p class=\"wp-block-paragraph\">A fabricante informou que recolheu preventivamente o restante do lote e afirmou que uma nova an\u00e1lise, chamada de prova testemunha, est\u00e1 prevista para ocorrer no dia <strong>8 de setembro<\/strong>.<\/p>\n\n\n\n<p class=\"wp-block-paragraph\">A empresa tamb\u00e9m declarou que uma contraprova realizada anteriormente, em julho, apresentou resultado satisfat\u00f3rio para coliformes totais. O novo exame dever\u00e1 ajudar a esclarecer a diverg\u00eancia entre os resultados obtidos nas an\u00e1lises.<\/p>\n\n\n\n<h2 class=\"wp-block-heading\"><strong>Consumidor deve conferir o lote<\/strong><\/h2>\n\n\n\n<p class=\"wp-block-paragraph\">A determina\u00e7\u00e3o da Anvisa est\u00e1 relacionada especificamente ao <strong>lote 110426L5 da \u00e1gua mineral Vitoriosa sem g\u00e1s<\/strong>. Dessa forma, a medida cautelar n\u00e3o representa, com base nas informa\u00e7\u00f5es divulgadas, uma proibi\u00e7\u00e3o de todos os produtos da marca.<\/p>\n\n\n\n<p class=\"wp-block-paragraph\">O alerta serve para que os consumidores confiram a identifica\u00e7\u00e3o do lote antes de comprar ou consumir o produto. A situa\u00e7\u00e3o dever\u00e1 ser reavaliada ap\u00f3s a realiza\u00e7\u00e3o da nova an\u00e1lise e o avan\u00e7o da apura\u00e7\u00e3o sanit\u00e1ria.<\/p>\n\n\n\n<p class=\"wp-block-paragraph\"><\/p>\n","protected":false},"excerpt":{"rendered":"<p>A Ag\u00eancia Nacional de Vigil\u00e2ncia Sanit\u00e1ria (Anvisa) determinou, nesta quarta-feira (2), a interdi\u00e7\u00e3o cautelar de um lote da \u00e1gua mineral sem g\u00e1s da marca Vitoriosa. A decis\u00e3o foi tomada ap\u00f3s uma an\u00e1lise laboratorial apontar resultado insatisfat\u00f3rio para coliformes totais, levando o \u00f3rg\u00e3o a impedir temporariamente a comercializa\u00e7\u00e3o do produto enquanto o caso \u00e9 apurado. A [&hellip;]<\/p>\n","protected":false},"author":9,"featured_media":5837,"comment_status":"closed","ping_status":"closed","sticky":false,"template":"","format":"standard","meta":{"jnews-multi-image_gallery":[],"jnews_single_post":{"format":"standard"},"jnews_primary_category":[],"jnews_social_meta":[],"jnews_post_split":[],"footnotes":""},"categories":[1],"tags":[],"class_list":["post-57669","post","type-post","status-publish","format-standard","has-post-thumbnail","hentry","category-geral"],"_referencia":"","_links":{"self":[{"href":"https:\/\/diariodocomercio.com.br\/mix\/wp-json\/wp\/v2\/posts\/57669","targetHints":{"allow":["GET"]}}],"collection":[{"href":"https:\/\/diariodocomercio.com.br\/mix\/wp-json\/wp\/v2\/posts"}],"about":[{"href":"https:\/\/diariodocomercio.com.br\/mix\/wp-json\/wp\/v2\/types\/post"}],"author":[{"embeddable":true,"href":"https:\/\/diariodocomercio.com.br\/mix\/wp-json\/wp\/v2\/users\/9"}],"replies":[{"embeddable":true,"href":"https:\/\/diariodocomercio.com.br\/mix\/wp-json\/wp\/v2\/comments?post=57669"}],"version-history":[{"count":1,"href":"https:\/\/diariodocomercio.com.br\/mix\/wp-json\/wp\/v2\/posts\/57669\/revisions"}],"predecessor-version":[{"id":57670,"href":"https:\/\/diariodocomercio.com.br\/mix\/wp-json\/wp\/v2\/posts\/57669\/revisions\/57670"}],"wp:featuredmedia":[{"embeddable":true,"href":"https:\/\/diariodocomercio.com.br\/mix\/wp-json\/wp\/v2\/media\/5837"}],"wp:attachment":[{"href":"https:\/\/diariodocomercio.com.br\/mix\/wp-json\/wp\/v2\/media?parent=57669"}],"wp:term":[{"taxonomy":"category","embeddable":true,"href":"https:\/\/diariodocomercio.com.br\/mix\/wp-json\/wp\/v2\/categories?post=57669"},{"taxonomy":"post_tag","embeddable":true,"href":"https:\/\/diariodocomercio.com.br\/mix\/wp-json\/wp\/v2\/tags?post=57669"}],"curies":[{"name":"wp","href":"https:\/\/api.w.org\/{rel}","templated":true}]}}