{"id":57673,"date":"2026-09-03T10:14:00","date_gmt":"2026-09-03T13:14:00","guid":{"rendered":"https:\/\/diariodocomercio.com.br\/mix\/?p=57673"},"modified":"2026-09-03T05:58:53","modified_gmt":"2026-09-03T08:58:53","slug":"cientistas-encontram-flor-do-diabo-extremamente-rara-escondida-debaixo-da-terra","status":"publish","type":"post","link":"https:\/\/diariodocomercio.com.br\/mix\/cientistas-encontram-flor-do-diabo-extremamente-rara-escondida-debaixo-da-terra\/","title":{"rendered":"Cientistas encontram \u2018flor do diabo\u2019 extremamente rara escondida debaixo da terra"},"content":{"rendered":"\n<p class=\"wp-block-paragraph\">Uma pequena planta que passa grande parte de sua exist\u00eancia escondida sob o solo acaba de ganhar um lugar de destaque entre as descobertas da bot\u00e2nica. Cientistas identificaram uma nova esp\u00e9cie no oeste da Tail\u00e2ndia, em uma \u00e1rea do Parque Nacional Thong Pha Phum, e deram a ela o nome de <em>Thismia daemona<\/em>. A apar\u00eancia incomum, marcada por flores predominantemente pretas, estruturas semelhantes a chifres e manchas alaranjadas que lembram olhos, fez com que a esp\u00e9cie recebesse o apelido de \u201cflor do diabo\u201d.<\/p>\n\n\n\n<p class=\"wp-block-paragraph\">A descoberta foi realizada por bot\u00e2nicos da Universidade Chulalongkorn e da Universidade Prince of Songkla durante levantamentos no parque nacional. O estudo foi publicado na revista cient\u00edfica de acesso aberto <em>PhytoKeys<\/em> e elevou para <strong>16 o n\u00famero de esp\u00e9cies do g\u00eanero <em>Thismia<\/em> registradas na Tail\u00e2ndia<\/strong>.<\/p>\n\n\n\n<p class=\"wp-block-paragraph\">Um dos aspectos que mais surpreendeu os pesquisadores foi o ambiente onde a planta foi localizada. A popula\u00e7\u00e3o de <em>Thismia daemona<\/em> cresce a quase <strong>1.000 metros de altitude<\/strong>, em uma floresta perene de montanha com per\u00edodos sazonais de seca.<\/p>\n\n\n\n<p class=\"wp-block-paragraph\">A descoberta foge do padr\u00e3o conhecido para o g\u00eanero. Esp\u00e9cies de <em>Thismia<\/em> costumam ser associadas a florestas tropicais de terras baixas que permanecem \u00famidas durante todo o ano.<\/p>\n\n\n\n<p class=\"wp-block-paragraph\">Segundo Sahut Chantanaorrapint, da Universidade Prince of Songkla, encontrar a nova esp\u00e9cie no Parque Nacional Thong Pha Phum foi uma surpresa justamente pelas condi\u00e7\u00f5es ambientais. A ocorr\u00eancia em uma \u00e1rea montanhosa e sazonalmente seca amplia o conhecimento sobre os ambientes que podem abrigar plantas desse grupo.<\/p>\n\n\n<div class=\"wp-block-image\">\n<figure class=\"aligncenter size-full is-resized\"><img decoding=\"async\" width=\"768\" height=\"1024\" src=\"https:\/\/diariodocomercio.com.br\/mix\/wp-content\/uploads\/2026\/09\/Fig-5-scaled-1.webp\" alt=\"\" class=\"wp-image-57674\" style=\"width:588px;height:auto\" srcset=\"https:\/\/diariodocomercio.com.br\/mix\/wp-content\/uploads\/2026\/09\/Fig-5-scaled-1.webp 768w, https:\/\/diariodocomercio.com.br\/mix\/wp-content\/uploads\/2026\/09\/Fig-5-scaled-1-225x300.webp 225w, https:\/\/diariodocomercio.com.br\/mix\/wp-content\/uploads\/2026\/09\/Fig-5-scaled-1-640x853.webp 640w, https:\/\/diariodocomercio.com.br\/mix\/wp-content\/uploads\/2026\/09\/Fig-5-scaled-1-150x200.webp 150w, https:\/\/diariodocomercio.com.br\/mix\/wp-content\/uploads\/2026\/09\/Fig-5-scaled-1-750x1000.webp 750w\" sizes=\"(max-width: 768px) 100vw, 768px\" \/><figcaption class=\"wp-element-caption\">Foto; (Reprodu\u00e7\u00e3o\/Tosak Seelanan)<\/figcaption><\/figure>\n<\/div>\n\n\n<h2 class=\"wp-block-heading\"><strong>Apar\u00eancia explica o nome de \u201cflor do diabo\u201d<\/strong><\/h2>\n\n\n\n<p class=\"wp-block-paragraph\">O visual da esp\u00e9cie tamb\u00e9m contribuiu diretamente para sua denomina\u00e7\u00e3o cient\u00edfica. A flor apresenta colora\u00e7\u00e3o predominantemente preta e possui estruturas que lembram chifres no topo de uma estrutura em formato de c\u00fapula, conhecida como \u201cmitra\u201d.<\/p>\n\n\n\n<p class=\"wp-block-paragraph\">Na parte inferior, manchas em um tom vermelho-alaranjado intenso remetem \u00e0 apar\u00eancia de olhos brilhantes de um dem\u00f4nio. A combina\u00e7\u00e3o entre a apar\u00eancia peculiar e o comportamento subterr\u00e2neo da planta levou os pesquisadores a considerar <em>Thismia daemona<\/em> um nome adequado para a nova esp\u00e9cie.<\/p>\n\n\n\n<p class=\"wp-block-paragraph\">A planta passa boa parte de seu ciclo de vida escondida no solo da floresta, o que contribui para que seja dif\u00edcil de localizar e ajuda a explicar por que uma esp\u00e9cie com caracter\u00edsticas t\u00e3o particulares permaneceu desconhecida pela ci\u00eancia at\u00e9 agora.<\/p>\n\n\n\n<h2 class=\"wp-block-heading\"><strong>Descoberta amplia distribui\u00e7\u00e3o conhecida do g\u00eanero<\/strong><\/h2>\n\n\n\n<p class=\"wp-block-paragraph\">A import\u00e2ncia da descoberta vai al\u00e9m da identifica\u00e7\u00e3o de uma nova esp\u00e9cie na Tail\u00e2ndia. <em>Thismia daemona<\/em> pertence \u00e0 se\u00e7\u00e3o <em>Geomitra<\/em>, um grupo que anteriormente era conhecido apenas na Pen\u00ednsula da Mal\u00e1sia, em Born\u00e9u e em Sumatra.<\/p>\n\n\n\n<p class=\"wp-block-paragraph\">A presen\u00e7a da esp\u00e9cie em territ\u00f3rio tailand\u00eas representa, portanto, uma expans\u00e3o para o norte da \u00e1rea conhecida de distribui\u00e7\u00e3o de toda a se\u00e7\u00e3o. O achado indica que a ocorr\u00eancia desse grupo de plantas pode ser mais ampla do que os registros cient\u00edficos anteriores apontavam.<\/p>\n\n\n\n<h2 class=\"wp-block-heading\"><strong>Popula\u00e7\u00e3o tem menos de 50 indiv\u00edduos<\/strong><\/h2>\n\n\n\n<p class=\"wp-block-paragraph\">Apesar da descoberta, os pesquisadores demonstram preocupa\u00e7\u00e3o com o futuro da \u201cflor do diabo\u201d. At\u00e9 o momento, a esp\u00e9cie \u00e9 conhecida a partir de <strong>uma \u00fanica popula\u00e7\u00e3o, formada por menos de 50 indiv\u00edduos<\/strong>, localizada em uma \u00e1rea inferior \u00e0 extens\u00e3o de um campo de futebol.<\/p>\n\n\n\n<p class=\"wp-block-paragraph\">Diante da popula\u00e7\u00e3o extremamente pequena e das caracter\u00edsticas de seu habitat, a esp\u00e9cie foi provisoriamente classificada como <strong>Criticamente Amea\u00e7ada<\/strong>.<\/p>\n\n\n\n<p class=\"wp-block-paragraph\">Outro fator de preocupa\u00e7\u00e3o \u00e9 que o ambiente onde a planta foi encontrada est\u00e1 dentro de um parque nacional que recebe turistas. Embora a unidade de conserva\u00e7\u00e3o ofere\u00e7a prote\u00e7\u00e3o ao territ\u00f3rio, a presen\u00e7a humana tamb\u00e9m exige cuidados para evitar impactos sobre o micro-habitat onde a esp\u00e9cie sobrevive.<\/p>\n\n\n\n<p class=\"wp-block-paragraph\">A proposta \u00e9 combinar a preserva\u00e7\u00e3o da biodiversidade com a participa\u00e7\u00e3o da popula\u00e7\u00e3o que vive no entorno. A valoriza\u00e7\u00e3o do patrim\u00f4nio natural pelos moradores pode contribuir para proteger o pequeno habitat da planta e, ao mesmo tempo, favorecer um modelo de ecoturismo conduzido de maneira sustent\u00e1vel pela pr\u00f3pria comunidade.<\/p>\n\n\n\n<p class=\"wp-block-paragraph\"><\/p>\n","protected":false},"excerpt":{"rendered":"<p>Uma pequena planta que passa grande parte de sua exist\u00eancia escondida sob o solo acaba de ganhar um lugar de destaque entre as descobertas da bot\u00e2nica. Cientistas identificaram uma nova esp\u00e9cie no oeste da Tail\u00e2ndia, em uma \u00e1rea do Parque Nacional Thong Pha Phum, e deram a ela o nome de Thismia daemona. A apar\u00eancia [&hellip;]<\/p>\n","protected":false},"author":9,"featured_media":57675,"comment_status":"closed","ping_status":"closed","sticky":false,"template":"","format":"standard","meta":{"jnews-multi-image_gallery":[],"jnews_single_post":{"format":"standard"},"jnews_primary_category":[],"jnews_social_meta":[],"jnews_post_split":[],"footnotes":""},"categories":[1],"tags":[],"class_list":["post-57673","post","type-post","status-publish","format-standard","has-post-thumbnail","hentry","category-geral"],"_referencia":"","_links":{"self":[{"href":"https:\/\/diariodocomercio.com.br\/mix\/wp-json\/wp\/v2\/posts\/57673","targetHints":{"allow":["GET"]}}],"collection":[{"href":"https:\/\/diariodocomercio.com.br\/mix\/wp-json\/wp\/v2\/posts"}],"about":[{"href":"https:\/\/diariodocomercio.com.br\/mix\/wp-json\/wp\/v2\/types\/post"}],"author":[{"embeddable":true,"href":"https:\/\/diariodocomercio.com.br\/mix\/wp-json\/wp\/v2\/users\/9"}],"replies":[{"embeddable":true,"href":"https:\/\/diariodocomercio.com.br\/mix\/wp-json\/wp\/v2\/comments?post=57673"}],"version-history":[{"count":1,"href":"https:\/\/diariodocomercio.com.br\/mix\/wp-json\/wp\/v2\/posts\/57673\/revisions"}],"predecessor-version":[{"id":57676,"href":"https:\/\/diariodocomercio.com.br\/mix\/wp-json\/wp\/v2\/posts\/57673\/revisions\/57676"}],"wp:featuredmedia":[{"embeddable":true,"href":"https:\/\/diariodocomercio.com.br\/mix\/wp-json\/wp\/v2\/media\/57675"}],"wp:attachment":[{"href":"https:\/\/diariodocomercio.com.br\/mix\/wp-json\/wp\/v2\/media?parent=57673"}],"wp:term":[{"taxonomy":"category","embeddable":true,"href":"https:\/\/diariodocomercio.com.br\/mix\/wp-json\/wp\/v2\/categories?post=57673"},{"taxonomy":"post_tag","embeddable":true,"href":"https:\/\/diariodocomercio.com.br\/mix\/wp-json\/wp\/v2\/tags?post=57673"}],"curies":[{"name":"wp","href":"https:\/\/api.w.org\/{rel}","templated":true}]}}