{"id":57677,"date":"2026-09-03T12:11:52","date_gmt":"2026-09-03T15:11:52","guid":{"rendered":"https:\/\/diariodocomercio.com.br\/mix\/?p=57677"},"modified":"2026-09-03T12:11:58","modified_gmt":"2026-09-03T15:11:58","slug":"bocejar-parece-inofensivo-mas-pode-deslocar-a-mandibula-travar-a-boca-e-causar-dor-intensa","status":"publish","type":"post","link":"https:\/\/diariodocomercio.com.br\/mix\/bocejar-parece-inofensivo-mas-pode-deslocar-a-mandibula-travar-a-boca-e-causar-dor-intensa\/","title":{"rendered":"Bocejar parece inofensivo, mas pode deslocar a mand\u00edbula, travar a boca e causar dor intensa"},"content":{"rendered":"\n<p class=\"wp-block-paragraph\">Um simples bocejo pode provocar uma les\u00e3o capaz de deixar a mand\u00edbula travada e causar dor intensa. A chamada luxa\u00e7\u00e3o mandibular ocorre quando o c\u00f4ndilo da mand\u00edbula se desloca para fora da fossa articular e fica preso \u00e0 frente da emin\u00eancia articular, fazendo com que a pessoa n\u00e3o consiga fechar a boca por conta pr\u00f3pria. Embora possa surgir ap\u00f3s um movimento cotidiano, o problema est\u00e1 relacionado a diferentes fatores que aumentam a mobilidade da articula\u00e7\u00e3o temporomandibular (ATM).<\/p>\n\n\n\n<p class=\"wp-block-paragraph\">A luxa\u00e7\u00e3o pode ocorrer de forma espont\u00e2nea, ap\u00f3s um trauma ou durante situa\u00e7\u00f5es que exigem uma abertura muito ampla da boca, como uma entuba\u00e7\u00e3o orofar\u00edngea. Pessoas com maior frouxid\u00e3o dos ligamentos e da c\u00e1psula articular est\u00e3o entre as mais suscet\u00edveis ao deslocamento.<\/p>\n\n\n\n<p class=\"wp-block-paragraph\">Um caso recente em Bras\u00edlia chamou aten\u00e7\u00e3o justamente pela rela\u00e7\u00e3o entre um bocejo e a luxa\u00e7\u00e3o da mand\u00edbula. Um jovem precisou procurar atendimento hospitalar \u00e0s pressas depois que a articula\u00e7\u00e3o se deslocou durante o movimento.<\/p>\n\n\n\n<p class=\"wp-block-paragraph\">O epis\u00f3dio foi divulgado pelo irm\u00e3o do rapaz nas redes sociais na \u00faltima sexta-feira (28). Segundo o relato da fam\u00edlia, o jovem foi levado inicialmente a um hospital pr\u00f3ximo, onde recebeu atendimento de emerg\u00eancia e passou por exames.<\/p>\n\n\n\n<p class=\"wp-block-paragraph\">Como a unidade n\u00e3o tinha o especialista necess\u00e1rio para conduzir o caso, foi preciso realizar a transfer\u00eancia do paciente de ambul\u00e2ncia para o Hospital de Base de Bras\u00edlia. No local, a mand\u00edbula foi recolocada na posi\u00e7\u00e3o correta.<\/p>\n\n\n\n<figure class=\"wp-block-embed is-type-video is-provider-youtube wp-block-embed-youtube wp-embed-aspect-9-16 wp-has-aspect-ratio\"><div class=\"wp-block-embed__wrapper\">\n<div class=\"jeg_video_container jeg_video_content\"><iframe loading=\"lazy\" title=\"Jovem &quot;Fica com a boca ca\u00edda&quot; ap\u00f3s deslocar a mand\u00edbula \u00e9 v\u00eddeo viraliza\" width=\"422\" height=\"750\" src=\"https:\/\/www.youtube.com\/embed\/0WIOfiDJtBM?feature=oembed\" frameborder=\"0\" allow=\"accelerometer; autoplay; clipboard-write; encrypted-media; gyroscope; picture-in-picture; web-share\" referrerpolicy=\"strict-origin-when-cross-origin\" allowfullscreen><\/iframe><\/div>\n<\/div><\/figure>\n\n\n\n<h2 class=\"wp-block-heading\"><strong>O que acontece com a mand\u00edbula durante a luxa\u00e7\u00e3o<\/strong><\/h2>\n\n\n\n<p class=\"wp-block-paragraph\">A luxa\u00e7\u00e3o da ATM acontece quando as superf\u00edcies articulares da mand\u00edbula e do osso temporal perdem parcial ou totalmente o contato normal. O movimento exagerado leva o c\u00f4ndilo para fora da fossa mandibular, de onde ele n\u00e3o consegue retornar espontaneamente.<\/p>\n\n\n\n<p class=\"wp-block-paragraph\">Depois do deslocamento, o espasmo dos m\u00fasculos respons\u00e1veis pela mastiga\u00e7\u00e3o contribui para manter a mand\u00edbula presa na posi\u00e7\u00e3o inadequada. O problema pode atingir um ou os dois lados, sendo a luxa\u00e7\u00e3o bilateral mais comum.<\/p>\n\n\n\n<p class=\"wp-block-paragraph\">O c\u00f4ndilo tamb\u00e9m pode se deslocar em diferentes dire\u00e7\u00f5es, incluindo para frente, para tr\u00e1s, para o lado ou para cima. Na pr\u00e1tica, o paciente costuma apresentar dificuldade ou incapacidade de fechar a boca, al\u00e9m de dor e altera\u00e7\u00f5es que interferem diretamente na mastiga\u00e7\u00e3o, na fala e na degluti\u00e7\u00e3o.<\/p>\n\n\n\n<p class=\"wp-block-paragraph\">Algumas pessoas relatam ainda a sensa\u00e7\u00e3o de que a mand\u00edbula \u201csalta\u201d quando a boca \u00e9 aberta de maneira ampla. Um estalido caracter\u00edstico tamb\u00e9m pode acompanhar o epis\u00f3dio.<\/p>\n\n\n\n<p class=\"wp-block-paragraph\">Nos casos unilaterais, o queixo tende a ficar desviado para o lado contr\u00e1rio ao da luxa\u00e7\u00e3o. A linha m\u00e9dia da mand\u00edbula tamb\u00e9m pode sofrer altera\u00e7\u00e3o, enquanto a bochecha fica mais achatada no lado afetado e apresenta aspecto c\u00f4ncavo no lado oposto.<\/p>\n\n\n\n<h2 class=\"wp-block-heading\"><strong>Frouxid\u00e3o e hipermobilidade podem favorecer o problema<\/strong><\/h2>\n\n\n\n<p class=\"wp-block-paragraph\">A ocorr\u00eancia da luxa\u00e7\u00e3o n\u00e3o est\u00e1 necessariamente ligada apenas ao movimento que desencadeou o epis\u00f3dio. Diversos fatores podem contribuir para que a mand\u00edbula se desloque, especialmente nos casos recorrentes.<\/p>\n\n\n\n<p class=\"wp-block-paragraph\">Entre os poss\u00edveis fatores est\u00e3o altera\u00e7\u00f5es anat\u00f4micas, h\u00e1bitos parafuncionais, frouxid\u00e3o dos ligamentos e hipermobilidade articular generalizada. Traumas tamb\u00e9m representam uma causa importante para a luxa\u00e7\u00e3o da ATM.<\/p>\n\n\n\n<p class=\"wp-block-paragraph\">H\u00e1 ainda situa\u00e7\u00f5es menos frequentes ou epis\u00f3dicas, como dist\u00farbios oclusais, altera\u00e7\u00f5es associadas a doen\u00e7as sist\u00eamicas e rea\u00e7\u00f5es provocadas por determinados medicamentos. Neurol\u00e9pticos e antiem\u00e9ticos est\u00e3o entre os medicamentos citados como poss\u00edveis fatores relacionados.<\/p>\n\n\n\n<p class=\"wp-block-paragraph\">Dessa forma, um bocejo pode funcionar como o gatilho de um deslocamento em uma articula\u00e7\u00e3o que j\u00e1 apresenta caracter\u00edsticas favor\u00e1veis \u00e0 luxa\u00e7\u00e3o.<\/p>\n\n\n\n<h2 class=\"wp-block-heading\"><strong>Diagn\u00f3stico pode ser confirmado por exames<\/strong><\/h2>\n\n\n\n<p class=\"wp-block-paragraph\">A identifica\u00e7\u00e3o da luxa\u00e7\u00e3o pode ser feita a partir do hist\u00f3rico relatado pelo paciente, da observa\u00e7\u00e3o da mand\u00edbula e do exame f\u00edsico. Exames de imagem tamb\u00e9m podem ser utilizados para confirmar o deslocamento.<\/p>\n\n\n\n<p class=\"wp-block-paragraph\">Quando existe hist\u00f3rico de trauma externo, a investiga\u00e7\u00e3o \u00e9 especialmente importante para verificar a possibilidade de fraturas nos ossos da face. Nesses casos, podem ser realizadas radiografias ou tomografia computadorizada.<\/p>\n\n\n\n<p class=\"wp-block-paragraph\">A avalia\u00e7\u00e3o permite diferenciar uma luxa\u00e7\u00e3o isolada de situa\u00e7\u00f5es em que existem outras les\u00f5es associadas e ajuda a definir a melhor estrat\u00e9gia de tratamento.<\/p>\n\n\n\n<h2 class=\"wp-block-heading\"><strong>Reposi\u00e7\u00e3o deve ser feita o quanto antes<\/strong><\/h2>\n\n\n\n<p class=\"wp-block-paragraph\">A luxa\u00e7\u00e3o da ATM precisa ser reduzida o mais rapidamente poss\u00edvel. O reposicionamento pode envolver manobras manuais, mas a complexidade do caso determina se ser\u00e1 necess\u00e1ria a atua\u00e7\u00e3o de um especialista.<\/p>\n\n\n\n<p class=\"wp-block-paragraph\">O tratamento pode variar de medidas conservadoras a procedimentos cir\u00fargicos. Entre as op\u00e7\u00f5es conservadoras est\u00e3o dispositivos que limitam os movimentos da mand\u00edbula, relaxantes musculares e inje\u00e7\u00f5es esclerosantes, al\u00e9m de outras abordagens menos utilizadas.<\/p>\n\n\n\n<p class=\"wp-block-paragraph\">Em muitos casos, as medidas conservadoras t\u00eam como objetivo controlar os sintomas ou reduzir temporariamente os epis\u00f3dios. Quando o deslocamento permanece por muito tempo ou passa a ocorrer de maneira recorrente, a cirurgia pode ser considerada uma alternativa mais definitiva.<\/p>\n\n\n\n<p class=\"wp-block-paragraph\"><\/p>\n","protected":false},"excerpt":{"rendered":"<p>Um simples bocejo pode provocar uma les\u00e3o capaz de deixar a mand\u00edbula travada e causar dor intensa. A chamada luxa\u00e7\u00e3o mandibular ocorre quando o c\u00f4ndilo da mand\u00edbula se desloca para fora da fossa articular e fica preso \u00e0 frente da emin\u00eancia articular, fazendo com que a pessoa n\u00e3o consiga fechar a boca por conta pr\u00f3pria. [&hellip;]<\/p>\n","protected":false},"author":9,"featured_media":5330,"comment_status":"closed","ping_status":"closed","sticky":false,"template":"","format":"standard","meta":{"jnews-multi-image_gallery":[],"jnews_single_post":{"format":"standard"},"jnews_primary_category":[],"jnews_social_meta":[],"jnews_post_split":[],"footnotes":""},"categories":[1],"tags":[],"class_list":["post-57677","post","type-post","status-publish","format-standard","has-post-thumbnail","hentry","category-geral"],"_referencia":"","_links":{"self":[{"href":"https:\/\/diariodocomercio.com.br\/mix\/wp-json\/wp\/v2\/posts\/57677","targetHints":{"allow":["GET"]}}],"collection":[{"href":"https:\/\/diariodocomercio.com.br\/mix\/wp-json\/wp\/v2\/posts"}],"about":[{"href":"https:\/\/diariodocomercio.com.br\/mix\/wp-json\/wp\/v2\/types\/post"}],"author":[{"embeddable":true,"href":"https:\/\/diariodocomercio.com.br\/mix\/wp-json\/wp\/v2\/users\/9"}],"replies":[{"embeddable":true,"href":"https:\/\/diariodocomercio.com.br\/mix\/wp-json\/wp\/v2\/comments?post=57677"}],"version-history":[{"count":1,"href":"https:\/\/diariodocomercio.com.br\/mix\/wp-json\/wp\/v2\/posts\/57677\/revisions"}],"predecessor-version":[{"id":57679,"href":"https:\/\/diariodocomercio.com.br\/mix\/wp-json\/wp\/v2\/posts\/57677\/revisions\/57679"}],"wp:featuredmedia":[{"embeddable":true,"href":"https:\/\/diariodocomercio.com.br\/mix\/wp-json\/wp\/v2\/media\/5330"}],"wp:attachment":[{"href":"https:\/\/diariodocomercio.com.br\/mix\/wp-json\/wp\/v2\/media?parent=57677"}],"wp:term":[{"taxonomy":"category","embeddable":true,"href":"https:\/\/diariodocomercio.com.br\/mix\/wp-json\/wp\/v2\/categories?post=57677"},{"taxonomy":"post_tag","embeddable":true,"href":"https:\/\/diariodocomercio.com.br\/mix\/wp-json\/wp\/v2\/tags?post=57677"}],"curies":[{"name":"wp","href":"https:\/\/api.w.org\/{rel}","templated":true}]}}