{"id":57687,"date":"2026-09-03T15:31:00","date_gmt":"2026-09-03T18:31:00","guid":{"rendered":"https:\/\/diariodocomercio.com.br\/mix\/?p=57687"},"modified":"2026-09-03T06:36:45","modified_gmt":"2026-09-03T09:36:45","slug":"cinemas-abaixam-o-preco-e-qualquer-pessoa-podera-pagar-r-10-no-ingresso-a-partir-de-10-09","status":"publish","type":"post","link":"https:\/\/diariodocomercio.com.br\/mix\/cinemas-abaixam-o-preco-e-qualquer-pessoa-podera-pagar-r-10-no-ingresso-a-partir-de-10-09\/","title":{"rendered":"Cinemas abaixam o pre\u00e7o e qualquer pessoa poder\u00e1 pagar R$ 10 no ingresso a partir de 10\/09"},"content":{"rendered":"\n<p class=\"wp-block-paragraph\">Os cinemas brasileiros ter\u00e3o uma nova semana de pre\u00e7os reduzidos em setembro. Entre os dias 10 e 16, a nona edi\u00e7\u00e3o da Semana do Cinema vai oferecer ingressos a partir de R$ 10 em redes participantes de todo o pa\u00eds, permitindo que o p\u00fablico aproveite sess\u00f5es tradicionais por valores promocionais durante sete dias.<\/p>\n\n\n\n<p class=\"wp-block-paragraph\">A campanha estabelece pre\u00e7o de R$ 10 para as sess\u00f5es iniciadas antes das 17h, considerando o hor\u00e1rio de Bras\u00edlia. Depois desse hor\u00e1rio, o ingresso passa a custar R$ 12. A promo\u00e7\u00e3o tamb\u00e9m ser\u00e1 v\u00e1lida aos s\u00e1bados e domingos, ampliando a possibilidade de acesso \u00e0s salas de cinema durante o per\u00edodo.<\/p>\n\n\n\n<p class=\"wp-block-paragraph\">O desconto, por\u00e9m, possui algumas restri\u00e7\u00f5es. Pr\u00e9-estreias, shows e salas especiais n\u00e3o fazem parte da oferta. As condi\u00e7\u00f5es podem variar de acordo com cada rede participante.<\/p>\n\n\n\n<h2 class=\"wp-block-heading\"><strong>Interesse tamb\u00e9m chega \u00e0s salas premium<\/strong><\/h2>\n\n\n\n<p class=\"wp-block-paragraph\">Al\u00e9m das sess\u00f5es convencionais, algumas das principais redes de cinema prepararam valores especiais para determinadas salas premium.<\/p>\n\n\n\n<p class=\"wp-block-paragraph\">Nas redes Cin\u00e9polis, Cinemark e UCI, os pre\u00e7os promocionais de R$ 10 e R$ 12 tamb\u00e9m poder\u00e3o ser encontrados em formatos como Macro XE, XD, IMAX e Xplus, conforme as condi\u00e7\u00f5es de cada unidade.<\/p>\n\n\n\n<p class=\"wp-block-paragraph\">No Cin\u00e9polis, as sess\u00f5es VIP, Cinepic e IMAX ter\u00e3o pre\u00e7o fixo de R$ 15 durante o per\u00edodo promocional, independentemente do hor\u00e1rio. J\u00e1 as salas 4DX e De Lux, da UCI, e as salas Prime, da Cinemark, ter\u00e3o ingressos por R$ 20.<\/p>\n\n\n\n<p class=\"wp-block-paragraph\">O p\u00fablico tamb\u00e9m poder\u00e1 encontrar combos promocionais de pipoca e refrigerante. A disponibilidade e os valores dependem de cada rede de cinema.<\/p>\n\n\n\n<h2 class=\"wp-block-heading\"><strong>Filmes em cartaz fazem parte da campanha<\/strong><\/h2>\n\n\n\n<p class=\"wp-block-paragraph\">A programa\u00e7\u00e3o prevista para a Semana do Cinema re\u00fane produ\u00e7\u00f5es de diferentes g\u00eaneros. Entre os destaques est\u00e3o Homem-Aranha: Um Novo Dia, A Odisseia, Minha Melhor Amiga, Da Magia \u00e0 Sedu\u00e7\u00e3o: Feiti\u00e7o de Amor, C\u00f3digo: Vingan\u00e7a e Ponto Sem Retorno.<\/p>\n\n\n\n<p class=\"wp-block-paragraph\">Tamb\u00e9m aparecem na rela\u00e7\u00e3o O Sorveteiro, O Convite, Press\u00e3o, A Maravilhosa \u00c1rvore Encantada, George Washington &#8211; Um L\u00edder N\u00e3o Nasce Pronto, Idiotas, Marfil: Atra\u00eddos pelo Destino, O Confronto dos Thundermans e The Runner.<\/p>\n\n\n\n<p class=\"wp-block-paragraph\">A lista est\u00e1 sujeita a altera\u00e7\u00f5es, por isso a recomenda\u00e7\u00e3o \u00e9 consultar previamente a programa\u00e7\u00e3o da unidade escolhida antes de comprar o ingresso.<\/p>\n\n\n\n<h2 class=\"wp-block-heading\"><strong>Campanha j\u00e1 levou milh\u00f5es de pessoas aos cinemas<\/strong><\/h2>\n\n\n\n<p class=\"wp-block-paragraph\">A Semana do Cinema \u00e9 organizada pela Federa\u00e7\u00e3o Nacional das Empresas Exibidoras Cinematogr\u00e1ficas (FENEEC), com apoio da Associa\u00e7\u00e3o Brasileira das Empresas Exibidoras Cinematogr\u00e1ficas Operadoras de Multiplex (ABRAPLEX), Ingresso.com e Grupo Consci\u00eancia.<\/p>\n\n\n\n<p class=\"wp-block-paragraph\">A iniciativa foi criada para estimular o acesso do p\u00fablico \u00e0s salas de cinema por meio de pre\u00e7os mais baixos. Desde o in\u00edcio da campanha, mais de 26,7 milh\u00f5es de pessoas j\u00e1 participaram das diferentes edi\u00e7\u00f5es, segundo as entidades do setor.<\/p>\n\n\n\n<p class=\"wp-block-paragraph\">A edi\u00e7\u00e3o anterior de 2026, realizada em fevereiro, registrou mais de 3,9 milh\u00f5es de ingressos vendidos, resultado que refor\u00e7a a for\u00e7a da promo\u00e7\u00e3o entre os consumidores.<\/p>\n\n\n\n<p class=\"wp-block-paragraph\">As ofertas estar\u00e3o dispon\u00edveis de 10 a 16 de setembro nas redes participantes. Como salas especiais e determinadas atra\u00e7\u00f5es est\u00e3o fora da promo\u00e7\u00e3o, \u00e9 necess\u00e1rio verificar as regras do cinema escolhido antes da compra.<\/p>\n\n\n\n<p class=\"wp-block-paragraph\"><\/p>\n","protected":false},"excerpt":{"rendered":"<p>Os cinemas brasileiros ter\u00e3o uma nova semana de pre\u00e7os reduzidos em setembro. Entre os dias 10 e 16, a nona edi\u00e7\u00e3o da Semana do Cinema vai oferecer ingressos a partir de R$ 10 em redes participantes de todo o pa\u00eds, permitindo que o p\u00fablico aproveite sess\u00f5es tradicionais por valores promocionais durante sete dias. A campanha [&hellip;]<\/p>\n","protected":false},"author":9,"featured_media":12466,"comment_status":"closed","ping_status":"closed","sticky":false,"template":"","format":"standard","meta":{"jnews-multi-image_gallery":[],"jnews_single_post":{"format":"standard"},"jnews_primary_category":[],"jnews_social_meta":[],"jnews_post_split":[],"footnotes":""},"categories":[1],"tags":[],"class_list":["post-57687","post","type-post","status-publish","format-standard","has-post-thumbnail","hentry","category-geral"],"_referencia":"","_links":{"self":[{"href":"https:\/\/diariodocomercio.com.br\/mix\/wp-json\/wp\/v2\/posts\/57687","targetHints":{"allow":["GET"]}}],"collection":[{"href":"https:\/\/diariodocomercio.com.br\/mix\/wp-json\/wp\/v2\/posts"}],"about":[{"href":"https:\/\/diariodocomercio.com.br\/mix\/wp-json\/wp\/v2\/types\/post"}],"author":[{"embeddable":true,"href":"https:\/\/diariodocomercio.com.br\/mix\/wp-json\/wp\/v2\/users\/9"}],"replies":[{"embeddable":true,"href":"https:\/\/diariodocomercio.com.br\/mix\/wp-json\/wp\/v2\/comments?post=57687"}],"version-history":[{"count":1,"href":"https:\/\/diariodocomercio.com.br\/mix\/wp-json\/wp\/v2\/posts\/57687\/revisions"}],"predecessor-version":[{"id":57688,"href":"https:\/\/diariodocomercio.com.br\/mix\/wp-json\/wp\/v2\/posts\/57687\/revisions\/57688"}],"wp:featuredmedia":[{"embeddable":true,"href":"https:\/\/diariodocomercio.com.br\/mix\/wp-json\/wp\/v2\/media\/12466"}],"wp:attachment":[{"href":"https:\/\/diariodocomercio.com.br\/mix\/wp-json\/wp\/v2\/media?parent=57687"}],"wp:term":[{"taxonomy":"category","embeddable":true,"href":"https:\/\/diariodocomercio.com.br\/mix\/wp-json\/wp\/v2\/categories?post=57687"},{"taxonomy":"post_tag","embeddable":true,"href":"https:\/\/diariodocomercio.com.br\/mix\/wp-json\/wp\/v2\/tags?post=57687"}],"curies":[{"name":"wp","href":"https:\/\/api.w.org\/{rel}","templated":true}]}}