{"id":57689,"date":"2026-09-06T07:24:00","date_gmt":"2026-09-06T10:24:00","guid":{"rendered":"https:\/\/diariodocomercio.com.br\/mix\/?p=57689"},"modified":"2026-09-03T06:50:24","modified_gmt":"2026-09-03T09:50:24","slug":"aquecimento-global-pode-destruir-area-do-artico-que-nunca-congela-e-acabar-com-a-vida-de-baleias-ursos-e-aves","status":"publish","type":"post","link":"https:\/\/diariodocomercio.com.br\/mix\/aquecimento-global-pode-destruir-area-do-artico-que-nunca-congela-e-acabar-com-a-vida-de-baleias-ursos-e-aves\/","title":{"rendered":"Aquecimento global pode destruir \u00e1rea do \u00c1rtico que nunca congela e acabar com a vida de baleias, ursos e aves"},"content":{"rendered":"\n<p class=\"wp-block-paragraph\">Uma das \u00e1reas mais importantes para a vida no \u00c1rtico enfrenta sinais de instabilidade provocados pelas mudan\u00e7as clim\u00e1ticas. Conhecida como North Water, Pikialasorsuaq ou Sarvarjuaq, \u201co lugar que nunca congela\u201d, na l\u00edngua dos inu\u00edtes de Nunavut, a regi\u00e3o possui cerca de 85 mil quil\u00f4metros quadrados, uma \u00e1rea maior que a \u00c1ustria, e mant\u00e9m uma extensa faixa de \u00e1gua aberta durante todo o ano.<\/p>\n\n\n\n<p class=\"wp-block-paragraph\">O fen\u00f4meno \u00e9 conhecido como <em>polynya<\/em>, uma \u00e1rea de mar que permanece sem cobertura de gelo mesmo em regi\u00f5es onde as temperaturas s\u00e3o extremamente baixas. Essa caracter\u00edstica transforma a North Water em um verdadeiro o\u00e1sis no \u00c1rtico, sustentando uma complexa cadeia alimentar que envolve desde algas e pl\u00e2nctons at\u00e9 baleias, focas, morsas, ursos-polares e milh\u00f5es de aves marinhas.<\/p>\n\n\n\n<p class=\"wp-block-paragraph\">Pesquisas sobre a regi\u00e3o, por\u00e9m, indicam que a din\u00e2mica do gelo est\u00e1 mudando. An\u00e1lises de imagens de sat\u00e9lite de quatro d\u00e9cadas apontam para uma crescente instabilidade na localiza\u00e7\u00e3o e na dura\u00e7\u00e3o das chamadas pontes de gelo, estruturas que bloqueiam o estreito de Nares e ajudam a manter as condi\u00e7\u00f5es que favorecem a forma\u00e7\u00e3o da polynya.<\/p>\n\n\n<div class=\"wp-block-image\">\n<figure class=\"aligncenter size-large\"><img decoding=\"async\" width=\"1200\" height=\"960\" src=\"https:\/\/diariodocomercio.com.br\/mix\/wp-content\/uploads\/2026\/09\/2410-1200x960.avif\" alt=\"\" class=\"wp-image-57691\" srcset=\"https:\/\/diariodocomercio.com.br\/mix\/wp-content\/uploads\/2026\/09\/2410-1200x960.avif 1200w, https:\/\/diariodocomercio.com.br\/mix\/wp-content\/uploads\/2026\/09\/2410-300x240.avif 300w, https:\/\/diariodocomercio.com.br\/mix\/wp-content\/uploads\/2026\/09\/2410-768x614.avif 768w, https:\/\/diariodocomercio.com.br\/mix\/wp-content\/uploads\/2026\/09\/2410-1536x1229.avif 1536w, https:\/\/diariodocomercio.com.br\/mix\/wp-content\/uploads\/2026\/09\/2410-150x120.avif 150w, https:\/\/diariodocomercio.com.br\/mix\/wp-content\/uploads\/2026\/09\/2410-750x600.avif 750w, https:\/\/diariodocomercio.com.br\/mix\/wp-content\/uploads\/2026\/09\/2410-1140x912.avif 1140w, https:\/\/diariodocomercio.com.br\/mix\/wp-content\/uploads\/2026\/09\/2410.avif 1900w\" sizes=\"(max-width: 1200px) 100vw, 1200px\" \/><figcaption class=\"wp-element-caption\">Foto: (Reprodu\u00e7\u00e3o\/Jimmy Thomson)<\/figcaption><\/figure>\n<\/div>\n\n\n<h2 class=\"wp-block-heading\"><strong>Regi\u00e3o \u00e9 essencial para baleias, ursos e aves<\/strong><\/h2>\n\n\n\n<p class=\"wp-block-paragraph\">A exist\u00eancia de \u00e1gua aberta durante o inverno \u00e9 fundamental para diferentes esp\u00e9cies do \u00c1rtico. As algas que se desenvolvem durante o ver\u00e3o formam a base de uma cadeia alimentar que sustenta diversos organismos da regi\u00e3o.<\/p>\n\n\n\n<p class=\"wp-block-paragraph\">A \u00e1rea tamb\u00e9m funciona como passagem e ref\u00fagio para animais de grande porte. Baleias dependem do acesso \u00e0 superf\u00edcie para respirar mesmo durante o inverno, enquanto focas e morsas atraem ursos-polares para a regi\u00e3o. Ao mesmo tempo, milh\u00f5es de aves marinhas chegam ao local ao longo dos anos, utilizando o ambiente para alimenta\u00e7\u00e3o e reprodu\u00e7\u00e3o.<\/p>\n\n\n\n<p class=\"wp-block-paragraph\">A import\u00e2ncia ecol\u00f3gica da North Water tamb\u00e9m est\u00e1 diretamente ligada \u00e0s comunidades inu\u00edtes que vivem no extremo norte. A regi\u00e3o fornece recursos fundamentais para popula\u00e7\u00f5es que mant\u00eam uma rela\u00e7\u00e3o hist\u00f3rica com o ambiente marinho.<\/p>\n\n\n\n<p class=\"wp-block-paragraph\">Por esse motivo, qualquer altera\u00e7\u00e3o permanente na din\u00e2mica do gelo pode provocar consequ\u00eancias que v\u00e3o al\u00e9m da perda de uma \u00e1rea de \u00e1gua aberta, afetando toda a cadeia ecol\u00f3gica e tamb\u00e9m os meios de subsist\u00eancia das comunidades locais.<\/p>\n\n\n\n<h2 class=\"wp-block-heading\"><strong>Pontes de gelo est\u00e3o ficando menos est\u00e1veis<\/strong><\/h2>\n\n\n\n<p class=\"wp-block-paragraph\">Um dos principais sinais de alerta est\u00e1 relacionado \u00e0s pontes de gelo que se formam no estreito de Nares. Elas funcionam como uma esp\u00e9cie de barreira natural, bloqueando a passagem do gelo e contribuindo para a manuten\u00e7\u00e3o das condi\u00e7\u00f5es da North Water.<\/p>\n\n\n\n<p class=\"wp-block-paragraph\">A an\u00e1lise de imagens de sat\u00e9lite entre 1979 e 2019 mostrou uma redu\u00e7\u00e3o na dura\u00e7\u00e3o desse bloqueio. A tend\u00eancia observada indica que o n\u00famero de dias de obstru\u00e7\u00e3o do estreito caiu, em m\u00e9dia, 2,1 dias por ano durante o per\u00edodo analisado.<\/p>\n\n\n<div class=\"wp-block-image\">\n<figure class=\"aligncenter size-large is-resized\"><img decoding=\"async\" width=\"853\" height=\"1200\" src=\"https:\/\/diariodocomercio.com.br\/mix\/wp-content\/uploads\/2026\/09\/41598_2019_56780_Fig1_HTML-853x1200.webp\" alt=\"\" class=\"wp-image-57690\" style=\"width:591px;height:auto\" srcset=\"https:\/\/diariodocomercio.com.br\/mix\/wp-content\/uploads\/2026\/09\/41598_2019_56780_Fig1_HTML-853x1200.webp 853w, https:\/\/diariodocomercio.com.br\/mix\/wp-content\/uploads\/2026\/09\/41598_2019_56780_Fig1_HTML-213x300.webp 213w, https:\/\/diariodocomercio.com.br\/mix\/wp-content\/uploads\/2026\/09\/41598_2019_56780_Fig1_HTML-768x1080.webp 768w, https:\/\/diariodocomercio.com.br\/mix\/wp-content\/uploads\/2026\/09\/41598_2019_56780_Fig1_HTML-1092x1536.webp 1092w, https:\/\/diariodocomercio.com.br\/mix\/wp-content\/uploads\/2026\/09\/41598_2019_56780_Fig1_HTML-1456x2048.webp 1456w, https:\/\/diariodocomercio.com.br\/mix\/wp-content\/uploads\/2026\/09\/41598_2019_56780_Fig1_HTML-150x211.webp 150w, https:\/\/diariodocomercio.com.br\/mix\/wp-content\/uploads\/2026\/09\/41598_2019_56780_Fig1_HTML-750x1055.webp 750w, https:\/\/diariodocomercio.com.br\/mix\/wp-content\/uploads\/2026\/09\/41598_2019_56780_Fig1_HTML-1140x1603.webp 1140w, https:\/\/diariodocomercio.com.br\/mix\/wp-content\/uploads\/2026\/09\/41598_2019_56780_Fig1_HTML.webp 1497w\" sizes=\"(max-width: 853px) 100vw, 853px\" \/><figcaption class=\"wp-element-caption\">Foto: (Reprodu\u00e7\u00e3o\/Harris Geospatial ENVI 5.3 software)<\/figcaption><\/figure>\n<\/div>\n\n\n<p class=\"wp-block-paragraph\">Antes de 2007, as pontes de gelo bloquearam o estreito de Nares por aproximadamente 177 dias por ano, em m\u00e9dia. Desde ent\u00e3o, esse n\u00famero caiu para cerca de 128 dias.<\/p>\n\n\n\n<p class=\"wp-block-paragraph\">A redu\u00e7\u00e3o da dura\u00e7\u00e3o dessas estruturas contribui para a perda do gelo plurianual na bacia do \u00c1rtico, considerado um dos elementos mais importantes para a estabilidade do ecossistema polar.<\/p>\n\n\n\n<h2 class=\"wp-block-heading\"><strong>Anos extremos j\u00e1 provocaram altera\u00e7\u00f5es no ecossistema<\/strong><\/h2>\n\n\n\n<p class=\"wp-block-paragraph\">A instabilidade das pontes de gelo n\u00e3o \u00e9 apenas uma tend\u00eancia observada em d\u00e9cadas de imagens. Alguns anos apresentaram altera\u00e7\u00f5es particularmente marcantes.<\/p>\n\n\n\n<p class=\"wp-block-paragraph\">Em 2009, por exemplo, uma ponte de gelo formada na parte norte do estreito persistiu durante 184 dias. O fen\u00f4meno provocou uma cobertura de gelo historicamente baixa na North Water e levou as temperaturas da superf\u00edcie do mar a n\u00edveis sem precedentes na regi\u00e3o.<\/p>\n\n\n\n<p class=\"wp-block-paragraph\">O aumento da temperatura favoreceu o surgimento antecipado de flora\u00e7\u00f5es de fitopl\u00e2ncton. Embora esses organismos sejam fundamentais para a cadeia alimentar marinha, altera\u00e7\u00f5es no per\u00edodo e na intensidade dessas flora\u00e7\u00f5es podem modificar o funcionamento de todo o ecossistema.<\/p>\n\n\n\n<p class=\"wp-block-paragraph\">A ponte de gelo de Smith Sound, outra estrutura importante para a regi\u00e3o, tamb\u00e9m n\u00e3o conseguiu se consolidar em 2010, 2017 e 2019. Em cada um desses anos, uma ponte ao norte chegou a se formar, mas permaneceu por per\u00edodos mais curtos.<\/p>\n\n\n\n<h2 class=\"wp-block-heading\"><strong>\u00c1rea pode ganhar prote\u00e7\u00e3o internacional<\/strong><\/h2>\n\n\n\n<p class=\"wp-block-paragraph\">Diante da import\u00e2ncia ambiental e cultural da regi\u00e3o, a North Water tamb\u00e9m passou a ser alvo de iniciativas para garantir sua prote\u00e7\u00e3o.<\/p>\n\n\n\n<p class=\"wp-block-paragraph\">A proposta ganhou for\u00e7a ap\u00f3s uma recomenda\u00e7\u00e3o apresentada em 2017 pela Comiss\u00e3o Pikialasorsuaq. O grupo defendeu que Canad\u00e1 e Groenl\u00e2ndia criassem conjuntamente uma \u00e1rea protegida administrada pelos inu\u00edtes.<\/p>\n\n\n\n<p class=\"wp-block-paragraph\">Em mar\u00e7o de 2026, o Canad\u00e1 avan\u00e7ou nesse processo ao designar a Sarvarjuaq como \u00e1rea marinha protegida em sua por\u00e7\u00e3o da regi\u00e3o. A \u00e1rea protegida se estende por aproximadamente mil quil\u00f4metros, desde uma \u00e1rea ao sul do Oceano \u00c1rtico aberto at\u00e9 o norte da ilha de Baffin.<\/p>\n\n\n\n<p class=\"wp-block-paragraph\">A iniciativa busca preservar n\u00e3o apenas a biodiversidade, mas tamb\u00e9m a rela\u00e7\u00e3o hist\u00f3rica das comunidades ind\u00edgenas com o ambiente.<\/p>\n\n\n\n<p class=\"wp-block-paragraph\"><\/p>\n","protected":false},"excerpt":{"rendered":"<p>Uma das \u00e1reas mais importantes para a vida no \u00c1rtico enfrenta sinais de instabilidade provocados pelas mudan\u00e7as clim\u00e1ticas. Conhecida como North Water, Pikialasorsuaq ou Sarvarjuaq, \u201co lugar que nunca congela\u201d, na l\u00edngua dos inu\u00edtes de Nunavut, a regi\u00e3o possui cerca de 85 mil quil\u00f4metros quadrados, uma \u00e1rea maior que a \u00c1ustria, e mant\u00e9m uma extensa [&hellip;]<\/p>\n","protected":false},"author":9,"featured_media":31783,"comment_status":"closed","ping_status":"closed","sticky":false,"template":"","format":"standard","meta":{"jnews-multi-image_gallery":[],"jnews_single_post":{"format":"standard"},"jnews_primary_category":[],"jnews_social_meta":[],"jnews_post_split":[],"footnotes":""},"categories":[1],"tags":[],"class_list":["post-57689","post","type-post","status-publish","format-standard","has-post-thumbnail","hentry","category-geral"],"_referencia":"","_links":{"self":[{"href":"https:\/\/diariodocomercio.com.br\/mix\/wp-json\/wp\/v2\/posts\/57689","targetHints":{"allow":["GET"]}}],"collection":[{"href":"https:\/\/diariodocomercio.com.br\/mix\/wp-json\/wp\/v2\/posts"}],"about":[{"href":"https:\/\/diariodocomercio.com.br\/mix\/wp-json\/wp\/v2\/types\/post"}],"author":[{"embeddable":true,"href":"https:\/\/diariodocomercio.com.br\/mix\/wp-json\/wp\/v2\/users\/9"}],"replies":[{"embeddable":true,"href":"https:\/\/diariodocomercio.com.br\/mix\/wp-json\/wp\/v2\/comments?post=57689"}],"version-history":[{"count":2,"href":"https:\/\/diariodocomercio.com.br\/mix\/wp-json\/wp\/v2\/posts\/57689\/revisions"}],"predecessor-version":[{"id":57963,"href":"https:\/\/diariodocomercio.com.br\/mix\/wp-json\/wp\/v2\/posts\/57689\/revisions\/57963"}],"wp:featuredmedia":[{"embeddable":true,"href":"https:\/\/diariodocomercio.com.br\/mix\/wp-json\/wp\/v2\/media\/31783"}],"wp:attachment":[{"href":"https:\/\/diariodocomercio.com.br\/mix\/wp-json\/wp\/v2\/media?parent=57689"}],"wp:term":[{"taxonomy":"category","embeddable":true,"href":"https:\/\/diariodocomercio.com.br\/mix\/wp-json\/wp\/v2\/categories?post=57689"},{"taxonomy":"post_tag","embeddable":true,"href":"https:\/\/diariodocomercio.com.br\/mix\/wp-json\/wp\/v2\/tags?post=57689"}],"curies":[{"name":"wp","href":"https:\/\/api.w.org\/{rel}","templated":true}]}}