{"id":57701,"date":"2026-09-03T20:32:00","date_gmt":"2026-09-03T23:32:00","guid":{"rendered":"https:\/\/diariodocomercio.com.br\/mix\/?p=57701"},"modified":"2026-09-03T07:25:07","modified_gmt":"2026-09-03T10:25:07","slug":"brasileiros-sao-comunicados-sobre-suspensao-que-envolve-os-correios","status":"publish","type":"post","link":"https:\/\/diariodocomercio.com.br\/mix\/brasileiros-sao-comunicados-sobre-suspensao-que-envolve-os-correios\/","title":{"rendered":"Brasileiros s\u00e3o comunicados sobre suspens\u00e3o que envolve os Correios"},"content":{"rendered":"\n<p class=\"wp-block-paragraph\">Os brasileiros foram comunicados sobre uma suspens\u00e3o que afeta diretamente a opera\u00e7\u00e3o de transporte de encomendas dos Correios. A Ag\u00eancia Nacional de Avia\u00e7\u00e3o Civil (Anac) determinou a <strong>suspens\u00e3o integral das opera\u00e7\u00f5es da Total Linhas A\u00e9reas<\/strong>, empresa respons\u00e1vel por prestar servi\u00e7os de transporte de cargas para a estatal. A medida entrou em vigor na ter\u00e7a-feira (1\u00ba) e foi publicada no Di\u00e1rio Oficial da Uni\u00e3o (DOU) nesta quarta-feira (2).<\/p>\n\n\n\n<p class=\"wp-block-paragraph\">A decis\u00e3o tem car\u00e1ter <strong>administrativo e preventivo<\/strong>. Enquanto estiver em vigor, a companhia fica impedida de realizar suas opera\u00e7\u00f5es a\u00e9reas. Como a Total atua no transporte de encomendas e outras cargas dos Correios, a suspens\u00e3o exige que a estatal adote alternativas para preservar o funcionamento de sua rede log\u00edstica.<\/p>\n\n\n\n<p class=\"wp-block-paragraph\">A suspens\u00e3o foi formalizada por meio de uma decis\u00e3o administrativa acautelat\u00f3ria, mecanismo utilizado pela ag\u00eancia reguladora como medida preventiva diante de quest\u00f5es relacionadas \u00e0 seguran\u00e7a operacional.<\/p>\n\n\n\n<p class=\"wp-block-paragraph\">Entre as exig\u00eancias apresentadas pela Anac est\u00e1 a demonstra\u00e7\u00e3o da efetividade do <strong>Sistema de Gerenciamento da Seguran\u00e7a Operacional (SGSO)<\/strong> e do <strong>Sistema de An\u00e1lise e Supervis\u00e3o Continuada (Sasc)<\/strong>, de modo a garantir um n\u00edvel de seguran\u00e7a considerado aceit\u00e1vel.<\/p>\n\n\n\n<p class=\"wp-block-paragraph\">A empresa tamb\u00e9m dever\u00e1 regularizar os controles relacionados \u00e0 aeronavegabilidade continuada de suas aeronaves e adequar processos internos de identifica\u00e7\u00e3o, comunica\u00e7\u00e3o e tratamento de eventos e riscos operacionais.<\/p>\n\n\n\n<p class=\"wp-block-paragraph\">Para que as opera\u00e7\u00f5es possam ser retomadas, a Anac prev\u00ea ainda a realiza\u00e7\u00e3o de auditorias e outros mecanismos de fiscaliza\u00e7\u00e3o pelas unidades competentes do \u00f3rg\u00e3o. Os procedimentos dever\u00e3o apresentar resultados satisfat\u00f3rios que permitam a libera\u00e7\u00e3o das atividades.<\/p>\n\n\n\n<h2 class=\"wp-block-heading\"><strong>Correios acionam plano de conting\u00eancia<\/strong><\/h2>\n\n\n\n<p class=\"wp-block-paragraph\">Diante da suspens\u00e3o, os Correios informaram que colocaram em funcionamento um <strong>plano de conting\u00eancia<\/strong> para assegurar a continuidade das linhas operacionais da empresa.<\/p>\n\n\n\n<p class=\"wp-block-paragraph\">Uma das medidas adotadas pela estatal \u00e9 a redistribui\u00e7\u00e3o dos volumes de carga entre outros operadores log\u00edsticos contratados. A estrat\u00e9gia busca reduzir os impactos provocados pela interrup\u00e7\u00e3o das opera\u00e7\u00f5es da Total Linhas A\u00e9reas e manter o fluxo de encomendas e demais cargas.<\/p>\n\n\n\n<p class=\"wp-block-paragraph\">A suspens\u00e3o, portanto, n\u00e3o significa a paralisa\u00e7\u00e3o dos Correios. A estatal busca compensar a aus\u00eancia tempor\u00e1ria do operador por meio da utiliza\u00e7\u00e3o de alternativas log\u00edsticas dispon\u00edveis em sua estrutura contratada.<\/p>\n\n\n\n<h2 class=\"wp-block-heading\"><strong>Situa\u00e7\u00e3o financeira dos Correios segue sob aten\u00e7\u00e3o<\/strong><\/h2>\n\n\n\n<p class=\"wp-block-paragraph\">A decis\u00e3o da Anac ocorre em um momento de press\u00e3o sobre a situa\u00e7\u00e3o financeira dos Correios. Dados divulgados no balan\u00e7o referente ao segundo trimestre de 2026 mostram altera\u00e7\u00f5es importantes no perfil do endividamento da empresa durante o primeiro semestre.<\/p>\n\n\n\n<p class=\"wp-block-paragraph\">Segundo informa\u00e7\u00f5es do governo, os Correios encerraram o per\u00edodo <strong>sem empr\u00e9stimos com vencimento no curto prazo<\/strong>. A estatal tamb\u00e9m quitou o empr\u00e9stimo considerado mais oneroso e conseguiu ampliar de <strong>18 para 180 meses<\/strong> o prazo de uma d\u00edvida.<\/p>\n\n\n\n<p class=\"wp-block-paragraph\">As medidas fazem parte do processo de alongamento dos compromissos financeiros e de redu\u00e7\u00e3o do custo do endividamento. Na avalia\u00e7\u00e3o do governo, a maior disponibilidade de liquidez permite que os Correios reorganizem suas obriga\u00e7\u00f5es financeiras enquanto colocam em pr\u00e1tica as medidas previstas no plano de reestrutura\u00e7\u00e3o.<\/p>\n\n\n\n<h2 class=\"wp-block-heading\"><strong>Custos ficaram abaixo do or\u00e7amento<\/strong><\/h2>\n\n\n\n<p class=\"wp-block-paragraph\">Os n\u00fameros do primeiro semestre tamb\u00e9m mostram redu\u00e7\u00e3o nos custos dos servi\u00e7os. Entre janeiro e junho de 2026, os gastos dos Correios com servi\u00e7os somaram <strong>R$ 7,6 bilh\u00f5es<\/strong>, valor <strong>14% inferior ao previsto no or\u00e7amento<\/strong> para o per\u00edodo.<\/p>\n\n\n\n<p class=\"wp-block-paragraph\">As despesas com pessoal tamb\u00e9m apresentaram queda, de aproximadamente <strong>4%<\/strong> na compara\u00e7\u00e3o considerada. De acordo com a nota divulgada, o resultado est\u00e1 relacionado aos efeitos do <strong>Plano de Demiss\u00e3o Volunt\u00e1ria (PDV)<\/strong> adotado pela estatal.<\/p>\n\n\n\n<p class=\"wp-block-paragraph\">Outro indicador apresentado foi o EBITDA, que mede o resultado antes de juros, impostos, deprecia\u00e7\u00e3o e amortiza\u00e7\u00e3o. O indicador ficou <strong>R$ 910 milh\u00f5es, ou 18%, acima do previsto no or\u00e7amento<\/strong> dos Correios no primeiro semestre.<\/p>\n\n\n\n<p class=\"wp-block-paragraph\"><\/p>\n","protected":false},"excerpt":{"rendered":"<p>Os brasileiros foram comunicados sobre uma suspens\u00e3o que afeta diretamente a opera\u00e7\u00e3o de transporte de encomendas dos Correios. A Ag\u00eancia Nacional de Avia\u00e7\u00e3o Civil (Anac) determinou a suspens\u00e3o integral das opera\u00e7\u00f5es da Total Linhas A\u00e9reas, empresa respons\u00e1vel por prestar servi\u00e7os de transporte de cargas para a estatal. A medida entrou em vigor na ter\u00e7a-feira (1\u00ba) [&hellip;]<\/p>\n","protected":false},"author":9,"featured_media":11741,"comment_status":"closed","ping_status":"closed","sticky":false,"template":"","format":"standard","meta":{"jnews-multi-image_gallery":[],"jnews_single_post":{"format":"standard"},"jnews_primary_category":[],"jnews_social_meta":[],"jnews_post_split":[],"footnotes":""},"categories":[1],"tags":[],"class_list":["post-57701","post","type-post","status-publish","format-standard","has-post-thumbnail","hentry","category-geral"],"_referencia":"","_links":{"self":[{"href":"https:\/\/diariodocomercio.com.br\/mix\/wp-json\/wp\/v2\/posts\/57701","targetHints":{"allow":["GET"]}}],"collection":[{"href":"https:\/\/diariodocomercio.com.br\/mix\/wp-json\/wp\/v2\/posts"}],"about":[{"href":"https:\/\/diariodocomercio.com.br\/mix\/wp-json\/wp\/v2\/types\/post"}],"author":[{"embeddable":true,"href":"https:\/\/diariodocomercio.com.br\/mix\/wp-json\/wp\/v2\/users\/9"}],"replies":[{"embeddable":true,"href":"https:\/\/diariodocomercio.com.br\/mix\/wp-json\/wp\/v2\/comments?post=57701"}],"version-history":[{"count":1,"href":"https:\/\/diariodocomercio.com.br\/mix\/wp-json\/wp\/v2\/posts\/57701\/revisions"}],"predecessor-version":[{"id":57702,"href":"https:\/\/diariodocomercio.com.br\/mix\/wp-json\/wp\/v2\/posts\/57701\/revisions\/57702"}],"wp:featuredmedia":[{"embeddable":true,"href":"https:\/\/diariodocomercio.com.br\/mix\/wp-json\/wp\/v2\/media\/11741"}],"wp:attachment":[{"href":"https:\/\/diariodocomercio.com.br\/mix\/wp-json\/wp\/v2\/media?parent=57701"}],"wp:term":[{"taxonomy":"category","embeddable":true,"href":"https:\/\/diariodocomercio.com.br\/mix\/wp-json\/wp\/v2\/categories?post=57701"},{"taxonomy":"post_tag","embeddable":true,"href":"https:\/\/diariodocomercio.com.br\/mix\/wp-json\/wp\/v2\/tags?post=57701"}],"curies":[{"name":"wp","href":"https:\/\/api.w.org\/{rel}","templated":true}]}}