{"id":57703,"date":"2026-09-03T21:31:00","date_gmt":"2026-09-04T00:31:00","guid":{"rendered":"https:\/\/diariodocomercio.com.br\/mix\/?p=57703"},"modified":"2026-09-03T07:32:24","modified_gmt":"2026-09-03T10:32:24","slug":"cientistas-encontram-efeito-inesperado-no-cerebro-de-quem-usa-caneta-para-emagrecer","status":"publish","type":"post","link":"https:\/\/diariodocomercio.com.br\/mix\/cientistas-encontram-efeito-inesperado-no-cerebro-de-quem-usa-caneta-para-emagrecer\/","title":{"rendered":"Cientistas encontram efeito inesperado no c\u00e9rebro de quem usa caneta para emagrecer"},"content":{"rendered":"\n<p class=\"wp-block-paragraph\">Medicamentos popularmente conhecidos como \u201ccanetas para emagrecer\u201d podem estar relacionados a efeitos que v\u00e3o al\u00e9m do controle do peso e do a\u00e7\u00facar no sangue. Pesquisadores da Griffith University encontraram uma associa\u00e7\u00e3o entre o uso de semaglutida, princ\u00edpio ativo presente em medicamentos como Ozempic e Wegovy, e uma menor ocorr\u00eancia de interna\u00e7\u00f5es psiqui\u00e1tricas entre pessoas com transtorno bipolar.<\/p>\n\n\n\n<p class=\"wp-block-paragraph\">A descoberta surgiu a partir da an\u00e1lise de dados nacionais de sa\u00fade da Su\u00e9cia. O levantamento acompanhou quase 15 mil pessoas com transtorno bipolar que receberam medicamentos da classe dos agonistas do receptor do pept\u00eddeo semelhante ao glucagon 1, conhecidos como GLP-1RA, ao longo de um per\u00edodo de 15 anos.<\/p>\n\n\n\n<p class=\"wp-block-paragraph\">Segundo os resultados, os per\u00edodos em que os pacientes utilizavam semaglutida foram associados a uma redu\u00e7\u00e3o de 21% no risco de hospitaliza\u00e7\u00e3o psiqui\u00e1trica quando comparados aos per\u00edodos em que n\u00e3o utilizavam medicamentos GLP-1.<\/p>\n\n\n\n<h2 class=\"wp-block-heading\"><strong>Poss\u00edvel efeito sobre o c\u00e9rebro chama aten\u00e7\u00e3o dos pesquisadores<\/strong><\/h2>\n\n\n\n<p class=\"wp-block-paragraph\">O estudo foi conduzido sob lideran\u00e7a do professor Mark Taylor, da School of Medicine and Dentistry da Griffith University, e teve seus resultados publicados na revista cient\u00edfica <em>Acta Psychiatrica Scandinavica<\/em>.<\/p>\n\n\n\n<p class=\"wp-block-paragraph\">De acordo com Taylor, pessoas com transtorno bipolar que estavam em tratamento com semaglutida apresentaram taxas significativamente menores de interna\u00e7\u00e3o psiqui\u00e1trica em compara\u00e7\u00e3o com os per\u00edodos em que n\u00e3o utilizavam medicamentos da classe.<\/p>\n\n\n\n<p class=\"wp-block-paragraph\">A observa\u00e7\u00e3o levanta a possibilidade de que alguns agonistas dos receptores de GLP-1 possam exercer influ\u00eancia sobre o c\u00e9rebro, al\u00e9m dos efeitos j\u00e1 conhecidos sobre o metabolismo, a glicemia e o apetite.<\/p>\n\n\n\n<p class=\"wp-block-paragraph\">O transtorno bipolar afeta aproximadamente 37 milh\u00f5es de pessoas em todo o mundo, segundo os dados mais recentes da Organiza\u00e7\u00e3o Mundial da Sa\u00fade (OMS), o equivalente a cerca de uma em cada 200 pessoas. A condi\u00e7\u00e3o \u00e9 marcada pela recorr\u00eancia de epis\u00f3dios depressivos e per\u00edodos de humor anormalmente elevado ou irrit\u00e1vel. Em manifesta\u00e7\u00f5es mais graves, os sintomas podem levar \u00e0 necessidade de interna\u00e7\u00e3o psiqui\u00e1trica.<\/p>\n\n\n\n<h2 class=\"wp-block-heading\"><strong>Diabetes, obesidade e transtorno bipolar podem ter rela\u00e7\u00e3o biol\u00f3gica<\/strong><\/h2>\n\n\n\n<p class=\"wp-block-paragraph\">A investiga\u00e7\u00e3o tamb\u00e9m parte de uma rela\u00e7\u00e3o j\u00e1 observada entre o transtorno bipolar e doen\u00e7as metab\u00f3licas. Diabetes e obesidade s\u00e3o condi\u00e7\u00f5es frequentes entre pessoas com o transtorno, embora essa associa\u00e7\u00e3o possa estar relacionada a diferentes fatores, incluindo estilo de vida, uso de medicamentos, gen\u00e9tica e outros elementos.<\/p>\n\n\n\n<p class=\"wp-block-paragraph\">Os pesquisadores consideram ainda a possibilidade de que as tr\u00eas condi\u00e7\u00f5es compartilhem determinados processos biol\u00f3gicos. Entre eles est\u00e3o mecanismos ligados \u00e0 inflama\u00e7\u00e3o, ao metabolismo e ao estresse celular.<\/p>\n\n\n\n<p class=\"wp-block-paragraph\">Nesse contexto, a a\u00e7\u00e3o dos medicamentos GLP-1 passou a despertar interesse tamb\u00e9m na \u00e1rea da sa\u00fade mental. A hip\u00f3tese levantada pelo estudo \u00e9 que a sinaliza\u00e7\u00e3o promovida por esses receptores possa interferir em processos relacionados ao funcionamento cerebral e, potencialmente, ajudar na estabilidade do humor.<\/p>\n\n\n\n<p class=\"wp-block-paragraph\">Uma das possibilidades consideradas \u00e9 que a redu\u00e7\u00e3o da inflama\u00e7\u00e3o e do estresse celular possa ter algum papel na prote\u00e7\u00e3o do c\u00e9rebro contra mecanismos associados ao transtorno bipolar. Isso, por sua vez, poderia estar relacionado a uma menor probabilidade de reca\u00eddas graves.<\/p>\n\n\n\n<h2 class=\"wp-block-heading\"><strong>Resultado n\u00e3o foi observado com todos os medicamentos<\/strong><\/h2>\n\n\n\n<p class=\"wp-block-paragraph\">Apesar do resultado envolvendo a semaglutida, a pesquisa n\u00e3o encontrou a mesma associa\u00e7\u00e3o com todos os medicamentos da classe dos GLP-1.<\/p>\n\n\n\n<p class=\"wp-block-paragraph\">A liraglutida e a dulaglutida, por exemplo, n\u00e3o apresentaram redu\u00e7\u00e3o semelhante no risco de interna\u00e7\u00e3o psiqui\u00e1trica. A diferen\u00e7a indica que um eventual efeito sobre o c\u00e9rebro pode n\u00e3o ser uma caracter\u00edstica compartilhada por todos os agonistas dos receptores de GLP-1.<\/p>\n\n\n\n<p class=\"wp-block-paragraph\">Por isso, os resultados n\u00e3o permitem afirmar que as chamadas canetas para emagrecer tenham efeito terap\u00eautico comprovado contra o transtorno bipolar. O estudo identificou uma associa\u00e7\u00e3o estat\u00edstica, mas ainda n\u00e3o demonstrou uma rela\u00e7\u00e3o direta de causa e efeito.<\/p>\n\n\n\n<h2 class=\"wp-block-heading\"><strong>Pesquisadores defendem novos testes<\/strong><\/h2>\n\n\n\n<p class=\"wp-block-paragraph\">Para confirmar se a semaglutida realmente exerce algum efeito sobre os sintomas ou a evolu\u00e7\u00e3o do transtorno bipolar, os pesquisadores consideram necess\u00e1rios novos estudos.<\/p>\n\n\n\n<p class=\"wp-block-paragraph\">Mark Taylor defende que a descoberta seja investigada em um ensaio cl\u00ednico randomizado e controlado, metodologia capaz de avaliar de maneira mais precisa a rela\u00e7\u00e3o entre o uso do medicamento e os resultados psiqui\u00e1tricos.<\/p>\n\n\n\n<p class=\"wp-block-paragraph\">A pesquisa, portanto, amplia o campo de investiga\u00e7\u00e3o sobre os medicamentos GLP-1. Desenvolvidos e utilizados principalmente no tratamento do diabetes e da obesidade, esses f\u00e1rmacos v\u00eam despertando interesse cient\u00edfico por poss\u00edveis efeitos que ultrapassam o controle do peso e da glicose.<\/p>\n\n\n\n<p class=\"wp-block-paragraph\"><\/p>\n","protected":false},"excerpt":{"rendered":"<p>Medicamentos popularmente conhecidos como \u201ccanetas para emagrecer\u201d podem estar relacionados a efeitos que v\u00e3o al\u00e9m do controle do peso e do a\u00e7\u00facar no sangue. Pesquisadores da Griffith University encontraram uma associa\u00e7\u00e3o entre o uso de semaglutida, princ\u00edpio ativo presente em medicamentos como Ozempic e Wegovy, e uma menor ocorr\u00eancia de interna\u00e7\u00f5es psiqui\u00e1tricas entre pessoas com [&hellip;]<\/p>\n","protected":false},"author":9,"featured_media":22639,"comment_status":"closed","ping_status":"closed","sticky":false,"template":"","format":"standard","meta":{"jnews-multi-image_gallery":[],"jnews_single_post":{"format":"standard"},"jnews_primary_category":[],"jnews_social_meta":[],"jnews_post_split":[],"footnotes":""},"categories":[1],"tags":[],"class_list":["post-57703","post","type-post","status-publish","format-standard","has-post-thumbnail","hentry","category-geral"],"_referencia":"","_links":{"self":[{"href":"https:\/\/diariodocomercio.com.br\/mix\/wp-json\/wp\/v2\/posts\/57703","targetHints":{"allow":["GET"]}}],"collection":[{"href":"https:\/\/diariodocomercio.com.br\/mix\/wp-json\/wp\/v2\/posts"}],"about":[{"href":"https:\/\/diariodocomercio.com.br\/mix\/wp-json\/wp\/v2\/types\/post"}],"author":[{"embeddable":true,"href":"https:\/\/diariodocomercio.com.br\/mix\/wp-json\/wp\/v2\/users\/9"}],"replies":[{"embeddable":true,"href":"https:\/\/diariodocomercio.com.br\/mix\/wp-json\/wp\/v2\/comments?post=57703"}],"version-history":[{"count":1,"href":"https:\/\/diariodocomercio.com.br\/mix\/wp-json\/wp\/v2\/posts\/57703\/revisions"}],"predecessor-version":[{"id":57704,"href":"https:\/\/diariodocomercio.com.br\/mix\/wp-json\/wp\/v2\/posts\/57703\/revisions\/57704"}],"wp:featuredmedia":[{"embeddable":true,"href":"https:\/\/diariodocomercio.com.br\/mix\/wp-json\/wp\/v2\/media\/22639"}],"wp:attachment":[{"href":"https:\/\/diariodocomercio.com.br\/mix\/wp-json\/wp\/v2\/media?parent=57703"}],"wp:term":[{"taxonomy":"category","embeddable":true,"href":"https:\/\/diariodocomercio.com.br\/mix\/wp-json\/wp\/v2\/categories?post=57703"},{"taxonomy":"post_tag","embeddable":true,"href":"https:\/\/diariodocomercio.com.br\/mix\/wp-json\/wp\/v2\/tags?post=57703"}],"curies":[{"name":"wp","href":"https:\/\/api.w.org\/{rel}","templated":true}]}}