{"id":57705,"date":"2026-09-03T20:03:00","date_gmt":"2026-09-03T23:03:00","guid":{"rendered":"https:\/\/diariodocomercio.com.br\/mix\/?p=57705"},"modified":"2026-09-03T07:39:06","modified_gmt":"2026-09-03T10:39:06","slug":"estado-do-brasil-entra-em-alerta-para-aposentadoria-em-massa-nos-proximos-anos","status":"publish","type":"post","link":"https:\/\/diariodocomercio.com.br\/mix\/estado-do-brasil-entra-em-alerta-para-aposentadoria-em-massa-nos-proximos-anos\/","title":{"rendered":"Estado do Brasil entra em alerta para aposentadoria em massa nos pr\u00f3ximos anos"},"content":{"rendered":"\n<p class=\"wp-block-paragraph\">A cidade do Rio de Janeiro deve enfrentar uma grande volume de aposentadorias nos pr\u00f3ximos anos, em um cen\u00e1rio que j\u00e1 imp\u00f5e forte press\u00e3o sobre as contas estaduais. Um levantamento realizado pela RioAgora em parceria com a Rep\u00fablica.org mostra que o estado possui 420.442 v\u00ednculos de pessoal, mas apenas 42,6% correspondem a servidores em atividade. O restante \u00e9 formado por aposentados e pensionistas, indicando um quadro em que a parcela de inativos j\u00e1 supera a de trabalhadores que permanecem na ativa.<\/p>\n\n\n\n<p class=\"wp-block-paragraph\">Do total contabilizado, 159.629 v\u00ednculos s\u00e3o de aposentados, o equivalente a 38% do quadro, enquanto outros 81.822 correspondem a pensionistas, ou 19,5%. A estrutura revela o peso crescente da previd\u00eancia sobre o or\u00e7amento estadual e antecipa um desafio que tende a se intensificar \u00e0 medida que os servidores atualmente em atividade se aproximam da idade de aposentadoria.<\/p>\n\n\n\n<p class=\"wp-block-paragraph\">A preocupa\u00e7\u00e3o aumenta porque boa parte do funcionalismo que ainda trabalha no estado est\u00e1 concentrada em uma faixa et\u00e1ria entre 40 e 50 anos. Segundo o levantamento, quase 42% do efetivo encontra-se em uma etapa da carreira que poder\u00e1 levar uma parcela significativa desses profissionais \u00e0 aposentadoria nos pr\u00f3ximos ciclos.<\/p>\n\n\n\n<p class=\"wp-block-paragraph\">O movimento pode produzir efeitos diretos sobre a administra\u00e7\u00e3o p\u00fablica. Com a sa\u00edda de servidores, o governo ter\u00e1 de lidar simultaneamente com o aumento da quantidade de aposentadorias e com a necessidade de manter servi\u00e7os p\u00fablicos funcionando.<\/p>\n\n\n\n<p class=\"wp-block-paragraph\">Quanto maior for o n\u00famero de desligamentos, menor tende a ser a margem dispon\u00edvel no or\u00e7amento para abrir novos concursos, repor os quadros e conceder reajustes salariais. O desafio, portanto, n\u00e3o se limita ao pagamento dos benef\u00edcios: envolve tamb\u00e9m a capacidade do Estado de substituir profissionais que deixar\u00e3o suas fun\u00e7\u00f5es.<\/p>\n\n\n\n<h2 class=\"wp-block-heading\"><strong>Envelhecimento da popula\u00e7\u00e3o amplia press\u00e3o sobre a Previd\u00eancia<\/strong><\/h2>\n\n\n\n<p class=\"wp-block-paragraph\">O cen\u00e1rio do Rio de Janeiro acompanha uma transforma\u00e7\u00e3o demogr\u00e1fica que ocorre em todo o pa\u00eds. O Brasil est\u00e1 envelhecendo, e a mudan\u00e7a altera as perspectivas sobre trabalho, renda e aposentadoria.<\/p>\n\n\n\n<p class=\"wp-block-paragraph\">O Censo Demogr\u00e1fico de 2022, divulgado pelo IBGE, mostrou que a idade mediana da popula\u00e7\u00e3o brasileira chegou a 35 anos. No mesmo per\u00edodo, o \u00edndice de envelhecimento passou de 30,7 em 2010 para 55,2 em 2022. Na pr\u00e1tica, isso significa que havia 55,2 pessoas com 65 anos ou mais para cada cem crian\u00e7as de 0 a 14 anos.<\/p>\n\n\n\n<p class=\"wp-block-paragraph\">O avan\u00e7o indica que a popula\u00e7\u00e3o idosa cresce em ritmo superior ao da popula\u00e7\u00e3o mais jovem, modificando a rela\u00e7\u00e3o entre pessoas em idade ativa e aquelas que j\u00e1 deixaram o mercado de trabalho.<\/p>\n\n\n\n<p class=\"wp-block-paragraph\">Essa transforma\u00e7\u00e3o tamb\u00e9m ajuda a explicar por que a Previd\u00eancia se tornou um dos principais pontos de aten\u00e7\u00e3o nas discuss\u00f5es sobre as contas p\u00fablicas brasileiras.<\/p>\n\n\n\n<h2 class=\"wp-block-heading\"><strong>Reforma de 2019 mudou as regras para milh\u00f5es de brasileiros<\/strong><\/h2>\n\n\n\n<p class=\"wp-block-paragraph\">A discuss\u00e3o ganhou ainda mais import\u00e2ncia ap\u00f3s a Reforma da Previd\u00eancia aprovada em 2019. As mudan\u00e7as alteraram crit\u00e9rios como idade m\u00ednima, tempo de contribui\u00e7\u00e3o, c\u00e1lculo dos benef\u00edcios e regras de transi\u00e7\u00e3o, algumas das quais continuam avan\u00e7ando gradualmente ao longo dos anos.<\/p>\n\n\n\n<p class=\"wp-block-paragraph\">A reforma foi defendida pelo governo sob o argumento de que o r\u00e1pido envelhecimento da popula\u00e7\u00e3o exigia mudan\u00e7as para garantir a sustentabilidade do sistema previdenci\u00e1rio.<\/p>\n\n\n\n<p class=\"wp-block-paragraph\">Desde ent\u00e3o, a aposentadoria deixou de ser uma preocupa\u00e7\u00e3o restrita a especialistas e servidores p\u00fablicos. Para milh\u00f5es de brasileiros, passou a representar uma decis\u00e3o que exige planejamento diante de novas exig\u00eancias para alcan\u00e7ar o benef\u00edcio e manter a renda depois do fim da vida profissional.<\/p>\n\n\n\n<p class=\"wp-block-paragraph\">O cen\u00e1rio se torna ainda mais complexo diante de um mercado de trabalho marcado pelo crescimento da informalidade, da pejotiza\u00e7\u00e3o e de v\u00ednculos sem carteira assinada. Essas mudan\u00e7as podem interferir na capacidade de contribui\u00e7\u00e3o e, consequentemente, na renda dispon\u00edvel durante a velhice.<\/p>\n\n\n\n<p class=\"wp-block-paragraph\"><\/p>\n","protected":false},"excerpt":{"rendered":"<p>A cidade do Rio de Janeiro deve enfrentar uma grande volume de aposentadorias nos pr\u00f3ximos anos, em um cen\u00e1rio que j\u00e1 imp\u00f5e forte press\u00e3o sobre as contas estaduais. Um levantamento realizado pela RioAgora em parceria com a Rep\u00fablica.org mostra que o estado possui 420.442 v\u00ednculos de pessoal, mas apenas 42,6% correspondem a servidores em atividade. [&hellip;]<\/p>\n","protected":false},"author":9,"featured_media":5368,"comment_status":"closed","ping_status":"closed","sticky":false,"template":"","format":"standard","meta":{"jnews-multi-image_gallery":[],"jnews_single_post":{"format":"standard"},"jnews_primary_category":[],"jnews_social_meta":[],"jnews_post_split":[],"footnotes":""},"categories":[1],"tags":[],"class_list":["post-57705","post","type-post","status-publish","format-standard","has-post-thumbnail","hentry","category-geral"],"_referencia":"","_links":{"self":[{"href":"https:\/\/diariodocomercio.com.br\/mix\/wp-json\/wp\/v2\/posts\/57705","targetHints":{"allow":["GET"]}}],"collection":[{"href":"https:\/\/diariodocomercio.com.br\/mix\/wp-json\/wp\/v2\/posts"}],"about":[{"href":"https:\/\/diariodocomercio.com.br\/mix\/wp-json\/wp\/v2\/types\/post"}],"author":[{"embeddable":true,"href":"https:\/\/diariodocomercio.com.br\/mix\/wp-json\/wp\/v2\/users\/9"}],"replies":[{"embeddable":true,"href":"https:\/\/diariodocomercio.com.br\/mix\/wp-json\/wp\/v2\/comments?post=57705"}],"version-history":[{"count":1,"href":"https:\/\/diariodocomercio.com.br\/mix\/wp-json\/wp\/v2\/posts\/57705\/revisions"}],"predecessor-version":[{"id":57706,"href":"https:\/\/diariodocomercio.com.br\/mix\/wp-json\/wp\/v2\/posts\/57705\/revisions\/57706"}],"wp:featuredmedia":[{"embeddable":true,"href":"https:\/\/diariodocomercio.com.br\/mix\/wp-json\/wp\/v2\/media\/5368"}],"wp:attachment":[{"href":"https:\/\/diariodocomercio.com.br\/mix\/wp-json\/wp\/v2\/media?parent=57705"}],"wp:term":[{"taxonomy":"category","embeddable":true,"href":"https:\/\/diariodocomercio.com.br\/mix\/wp-json\/wp\/v2\/categories?post=57705"},{"taxonomy":"post_tag","embeddable":true,"href":"https:\/\/diariodocomercio.com.br\/mix\/wp-json\/wp\/v2\/tags?post=57705"}],"curies":[{"name":"wp","href":"https:\/\/api.w.org\/{rel}","templated":true}]}}