{"id":57710,"date":"2026-09-06T04:45:00","date_gmt":"2026-09-06T07:45:00","guid":{"rendered":"https:\/\/diariodocomercio.com.br\/mix\/?p=57710"},"modified":"2026-09-03T07:52:00","modified_gmt":"2026-09-03T10:52:00","slug":"dormiu-mal-apenas-20-minutos-de-exercicio-podem-ajudar-o-cerebro-revela-estudo","status":"publish","type":"post","link":"https:\/\/diariodocomercio.com.br\/mix\/dormiu-mal-apenas-20-minutos-de-exercicio-podem-ajudar-o-cerebro-revela-estudo\/","title":{"rendered":"Dormiu mal? Apenas 20 minutos de exerc\u00edcio podem ajudar o c\u00e9rebro, revela estudo"},"content":{"rendered":"\n<p class=\"wp-block-paragraph\">Passar uma noite inteira em claro costuma comprometer a aten\u00e7\u00e3o, a disposi\u00e7\u00e3o e o funcionamento do c\u00e9rebro. No entanto, um estudo publicado em agosto na revista cient\u00edfica <em>PNAS<\/em> encontrou uma alternativa surpreendente para amenizar parte desses efeitos: <strong>apenas 20 minutos de exerc\u00edcio aer\u00f3bico podem produzir benef\u00edcios semelhantes aos observados ap\u00f3s 90 minutos de sono para uma fun\u00e7\u00e3o espec\u00edfica da mem\u00f3ria<\/strong>.<\/p>\n\n\n\n<p class=\"wp-block-paragraph\">A pesquisa foi realizada com adultos jovens e saud\u00e1veis que permaneceram acordados durante 30 horas consecutivas. Ao fim desse per\u00edodo, os participantes foram distribu\u00eddos em tr\u00eas grupos. Um deles realizou 20 minutos de exerc\u00edcio aer\u00f3bico; outro teve a oportunidade de dormir por 90 minutos; enquanto o terceiro permaneceu sem exerc\u00edcio ou sono.<\/p>\n\n\n\n<p class=\"wp-block-paragraph\">O resultado chamou aten\u00e7\u00e3o porque a atividade f\u00edsica, mesmo sendo relativamente curta, apresentou efeito compar\u00e1vel ao per\u00edodo de descanso em uma das fun\u00e7\u00f5es avaliadas pelos pesquisadores.<\/p>\n\n\n<div class=\"wp-block-image\">\n<figure class=\"aligncenter size-full is-resized\"><img decoding=\"async\" width=\"642\" height=\"500\" src=\"https:\/\/diariodocomercio.com.br\/mix\/wp-content\/uploads\/2026\/09\/Older-people-doing-yoga-outdoors.webp\" alt=\"yoga exercicio\" class=\"wp-image-57711\" style=\"width:730px;height:auto\" srcset=\"https:\/\/diariodocomercio.com.br\/mix\/wp-content\/uploads\/2026\/09\/Older-people-doing-yoga-outdoors.webp 642w, https:\/\/diariodocomercio.com.br\/mix\/wp-content\/uploads\/2026\/09\/Older-people-doing-yoga-outdoors-300x234.webp 300w, https:\/\/diariodocomercio.com.br\/mix\/wp-content\/uploads\/2026\/09\/Older-people-doing-yoga-outdoors-150x117.webp 150w\" sizes=\"(max-width: 642px) 100vw, 642px\" \/><figcaption class=\"wp-element-caption\">Foto: (Reprodu\u00e7\u00e3o\/Pexels)<\/figcaption><\/figure>\n<\/div>\n\n\n<h2 class=\"wp-block-heading\"><strong>Exerc\u00edcio pode ajudar mesmo ap\u00f3s uma noite mal dormida<\/strong><\/h2>\n\n\n\n<p class=\"wp-block-paragraph\">O estudo refor\u00e7a a hip\u00f3tese de que os efeitos da atividade f\u00edsica sobre o c\u00e9rebro podem ir al\u00e9m do condicionamento corporal. Mesmo diante da priva\u00e7\u00e3o prolongada de sono, uma sess\u00e3o de exerc\u00edcio aer\u00f3bico foi capaz de produzir uma resposta positiva em determinado aspecto da mem\u00f3ria.<\/p>\n\n\n\n<p class=\"wp-block-paragraph\">Isso n\u00e3o significa, por\u00e9m, que 20 minutos de exerc\u00edcio possam substituir uma noite de sono adequada. O descanso continua sendo fundamental para diversos processos neurol\u00f3gicos e fisiol\u00f3gicos. A descoberta indica, principalmente, que a atividade f\u00edsica pode exercer um papel relevante na capacidade do c\u00e9rebro de lidar com os efeitos de uma noite de sono insuficiente.<\/p>\n\n\n\n<p class=\"wp-block-paragraph\">A rela\u00e7\u00e3o entre exerc\u00edcio e descanso tamb\u00e9m aparece em outras pesquisas que analisaram diferentes modalidades de atividade f\u00edsica e seus impactos sobre pessoas com dificuldades para dormir.<\/p>\n\n\n\n<h2 class=\"wp-block-heading\"><strong>Yoga de alta intensidade aparece como destaque para melhorar o sono<\/strong><\/h2>\n\n\n\n<p class=\"wp-block-paragraph\">Uma meta-an\u00e1lise reuniu <strong>30 estudos cl\u00ednicos randomizados<\/strong>, envolvendo mais de <strong>2.500 participantes de diferentes faixas et\u00e1rias e de mais de uma d\u00fazia de pa\u00edses<\/strong>. O objetivo foi comparar modalidades de exerc\u00edcio e verificar quais apresentavam melhores resultados para a qualidade do sono.<\/p>\n\n\n\n<p class=\"wp-block-paragraph\">Entre as atividades avaliadas estavam caminhada, exerc\u00edcios combinados, exerc\u00edcios aer\u00f3bicos e pr\u00e1ticas tradicionais chinesas, como <strong>qi gong e tai chi<\/strong>. O yoga, entretanto, apresentou a associa\u00e7\u00e3o mais forte com a melhora do sono.<\/p>\n\n\n\n<p class=\"wp-block-paragraph\">De acordo com os pesquisadores da Harbin Sport University, na China, a estrat\u00e9gia que apresentou os melhores resultados foi a realiza\u00e7\u00e3o de <strong>duas sess\u00f5es semanais de yoga de alta intensidade, durante oito a dez semanas, com dura\u00e7\u00e3o de at\u00e9 30 minutos por sess\u00e3o<\/strong>.<\/p>\n\n\n\n<p class=\"wp-block-paragraph\">A modalidade analisada \u00e9 diferente do yoga mais leve e contemplativo normalmente associado \u00e0 pr\u00e1tica. Nesse caso, os exerc\u00edcios envolvem movimentos mais r\u00e1pidos entre as posi\u00e7\u00f5es e utilizam o peso do pr\u00f3prio corpo para aumentar a resist\u00eancia e a intensidade do treinamento.<\/p>\n\n\n\n<h2 class=\"wp-block-heading\"><strong>Treinos de resist\u00eancia tamb\u00e9m podem favorecer o descanso<\/strong><\/h2>\n\n\n\n<p class=\"wp-block-paragraph\">Outra revis\u00e3o, publicada em 2017, encontrou evid\u00eancias de que exerc\u00edcios de resist\u00eancia realizados de maneira cont\u00ednua podem melhorar diferentes aspectos do sono, especialmente sua qualidade.<\/p>\n\n\n\n<p class=\"wp-block-paragraph\">A an\u00e1lise avaliou estudos randomizados envolvendo exerc\u00edcios de resist\u00eancia isolados e combina\u00e7\u00f5es entre treinamento de resist\u00eancia e atividades aer\u00f3bicas. Os trabalhos analisados apontaram benef\u00edcios relacionados \u00e0 qualidade geral do sono, ao tempo necess\u00e1rio para adormecer, \u00e0 efici\u00eancia do sono, \u00e0s interrup\u00e7\u00f5es durante o per\u00edodo de descanso e ao funcionamento durante o dia.<\/p>\n\n\n\n<p class=\"wp-block-paragraph\">Os pesquisadores tamb\u00e9m observaram que <strong>maior intensidade e maior frequ\u00eancia de treinamento tendem a estar associadas a benef\u00edcios mais expressivos para o sono<\/strong>. Entre os exerc\u00edcios que apresentaram bons resultados estavam atividades com m\u00e1quinas, circuitos e uso de faixas de resist\u00eancia.<\/p>\n\n\n\n<p class=\"wp-block-paragraph\">Nos estudos considerados, alguns dos programas mais eficazes tinham dura\u00e7\u00e3o m\u00e9dia de aproximadamente 14 semanas, com sess\u00f5es de cerca de uma hora e frequ\u00eancia superior a uma ou duas vezes por semana.<\/p>\n\n\n\n<h2 class=\"wp-block-heading\"><strong>Rela\u00e7\u00e3o entre exerc\u00edcio, ansiedade e depress\u00e3o<\/strong><\/h2>\n\n\n\n<p class=\"wp-block-paragraph\">Os efeitos positivos da atividade f\u00edsica sobre o sono podem estar relacionados tamb\u00e9m \u00e0 sa\u00fade mental. A revis\u00e3o destacou que exerc\u00edcios podem contribuir para reduzir sintomas de ansiedade e depress\u00e3o, condi\u00e7\u00f5es que frequentemente interferem na qualidade do descanso.<\/p>\n\n\n\n<p class=\"wp-block-paragraph\">A pr\u00e1tica regular de atividade f\u00edsica j\u00e1 \u00e9 estudada como uma estrat\u00e9gia auxiliar no tratamento da depress\u00e3o, enquanto altera\u00e7\u00f5es no sono est\u00e3o entre os sintomas associados ao transtorno. Por isso, melhorar o bem-estar psicol\u00f3gico pode representar uma das vias pelas quais o exerc\u00edcio favorece noites de sono mais satisfat\u00f3rias.<\/p>\n\n\n\n<p class=\"wp-block-paragraph\"><\/p>\n","protected":false},"excerpt":{"rendered":"<p>Passar uma noite inteira em claro costuma comprometer a aten\u00e7\u00e3o, a disposi\u00e7\u00e3o e o funcionamento do c\u00e9rebro. No entanto, um estudo publicado em agosto na revista cient\u00edfica PNAS encontrou uma alternativa surpreendente para amenizar parte desses efeitos: apenas 20 minutos de exerc\u00edcio aer\u00f3bico podem produzir benef\u00edcios semelhantes aos observados ap\u00f3s 90 minutos de sono para [&hellip;]<\/p>\n","protected":false},"author":9,"featured_media":34875,"comment_status":"closed","ping_status":"closed","sticky":false,"template":"","format":"standard","meta":{"jnews-multi-image_gallery":[],"jnews_single_post":{"format":"standard"},"jnews_primary_category":[],"jnews_social_meta":[],"jnews_post_split":[],"footnotes":""},"categories":[1],"tags":[],"class_list":["post-57710","post","type-post","status-publish","format-standard","has-post-thumbnail","hentry","category-geral"],"_referencia":"","_links":{"self":[{"href":"https:\/\/diariodocomercio.com.br\/mix\/wp-json\/wp\/v2\/posts\/57710","targetHints":{"allow":["GET"]}}],"collection":[{"href":"https:\/\/diariodocomercio.com.br\/mix\/wp-json\/wp\/v2\/posts"}],"about":[{"href":"https:\/\/diariodocomercio.com.br\/mix\/wp-json\/wp\/v2\/types\/post"}],"author":[{"embeddable":true,"href":"https:\/\/diariodocomercio.com.br\/mix\/wp-json\/wp\/v2\/users\/9"}],"replies":[{"embeddable":true,"href":"https:\/\/diariodocomercio.com.br\/mix\/wp-json\/wp\/v2\/comments?post=57710"}],"version-history":[{"count":1,"href":"https:\/\/diariodocomercio.com.br\/mix\/wp-json\/wp\/v2\/posts\/57710\/revisions"}],"predecessor-version":[{"id":57712,"href":"https:\/\/diariodocomercio.com.br\/mix\/wp-json\/wp\/v2\/posts\/57710\/revisions\/57712"}],"wp:featuredmedia":[{"embeddable":true,"href":"https:\/\/diariodocomercio.com.br\/mix\/wp-json\/wp\/v2\/media\/34875"}],"wp:attachment":[{"href":"https:\/\/diariodocomercio.com.br\/mix\/wp-json\/wp\/v2\/media?parent=57710"}],"wp:term":[{"taxonomy":"category","embeddable":true,"href":"https:\/\/diariodocomercio.com.br\/mix\/wp-json\/wp\/v2\/categories?post=57710"},{"taxonomy":"post_tag","embeddable":true,"href":"https:\/\/diariodocomercio.com.br\/mix\/wp-json\/wp\/v2\/tags?post=57710"}],"curies":[{"name":"wp","href":"https:\/\/api.w.org\/{rel}","templated":true}]}}