{"id":57715,"date":"2026-09-06T05:07:00","date_gmt":"2026-09-06T08:07:00","guid":{"rendered":"https:\/\/diariodocomercio.com.br\/mix\/?p=57715"},"modified":"2026-09-03T08:04:22","modified_gmt":"2026-09-03T11:04:22","slug":"seu-quarto-e-baguncado-psicologos-revelam-o-que-isso-pode-dizer-sobre-sua-personalidade","status":"publish","type":"post","link":"https:\/\/diariodocomercio.com.br\/mix\/seu-quarto-e-baguncado-psicologos-revelam-o-que-isso-pode-dizer-sobre-sua-personalidade\/","title":{"rendered":"Seu quarto \u00e9 bagun\u00e7ado? Psic\u00f3logos revelam o que isso pode dizer sobre sua personalidade"},"content":{"rendered":"\n<p class=\"wp-block-paragraph\">Um quarto cheio de roupas, objetos espalhados e itens fora do lugar pode provocar diferentes interpreta\u00e7\u00f5es. Para algumas pessoas, a desorganiza\u00e7\u00e3o \u00e9 simplesmente parte da rotina; para outras, pode refletir um estilo de vida mais criativo ou uma dificuldade moment\u00e2nea de manter o ambiente em ordem. Estudos na \u00e1rea da psicologia indicam que espa\u00e7os pessoais podem oferecer pistas sobre determinados h\u00e1bitos e comportamentos, mas <strong>n\u00e3o s\u00e3o suficientes para definir a personalidade de algu\u00e9m<\/strong>.<\/p>\n\n\n\n<p class=\"wp-block-paragraph\">Por isso, associar automaticamente um quarto bagun\u00e7ado \u00e0 pregui\u00e7a, irresponsabilidade ou falta de disciplina \u00e9 uma conclus\u00e3o simplista. A desorganiza\u00e7\u00e3o pode ter origens bastante diferentes, que v\u00e3o desde prefer\u00eancias pessoais e excesso de tarefas at\u00e9 quest\u00f5es relacionadas \u00e0 sa\u00fade mental.<\/p>\n\n\n\n<p class=\"wp-block-paragraph\">A rela\u00e7\u00e3o entre ambiente e comportamento come\u00e7a a aparecer desde a adolesc\u00eancia. A puberdade representa uma fase de grandes mudan\u00e7as, na qual o indiv\u00edduo deixa progressivamente a inf\u00e2ncia, mas ainda est\u00e1 construindo sua autonomia e sua identidade.<\/p>\n\n\n\n<p class=\"wp-block-paragraph\">Nesse per\u00edodo, a dificuldade para organizar o pr\u00f3prio espa\u00e7o pode acompanhar as transforma\u00e7\u00f5es emocionais e comportamentais. H\u00e1 adolescentes que simplesmente n\u00e3o se incomodam com a bagun\u00e7a e acabam levando esse h\u00e1bito para a vida adulta.<\/p>\n\n\n\n<p class=\"wp-block-paragraph\">Em outros casos, a desorganiza\u00e7\u00e3o pode coexistir com caracter\u00edsticas como <strong>criatividade, disposi\u00e7\u00e3o para experimentar coisas novas e menor interesse por regras r\u00edgidas<\/strong>. Isso n\u00e3o significa, entretanto, que toda pessoa criativa seja bagunceira ou que algu\u00e9m organizado tenha necessariamente menos criatividade.<\/p>\n\n\n\n<h2 class=\"wp-block-heading\"><strong>Quando a desorganiza\u00e7\u00e3o pode indicar um problema<\/strong><\/h2>\n\n\n\n<p class=\"wp-block-paragraph\">Existe tamb\u00e9m uma situa\u00e7\u00e3o diferente: quando a bagun\u00e7a deixa de ser apenas uma caracter\u00edstica do cotidiano e passa a interferir significativamente na vida da pessoa.<\/p>\n\n\n\n<p class=\"wp-block-paragraph\">Dificuldades de sa\u00fade mental podem afetar a capacidade de realizar tarefas b\u00e1sicas, inclusive limpar e organizar a pr\u00f3pria casa. Em quadros de depress\u00e3o, por exemplo, a falta de energia e motiva\u00e7\u00e3o pode tornar atividades rotineiras muito mais dif\u00edceis.<\/p>\n\n\n\n<p class=\"wp-block-paragraph\">Nesses casos, o estado do quarto pode ser consequ\u00eancia de um problema maior, e n\u00e3o necessariamente sua causa. A pessoa pode ter dificuldade at\u00e9 mesmo para sair da cama, o que torna a organiza\u00e7\u00e3o do ambiente uma tarefa secund\u00e1ria.<\/p>\n\n\n\n<p class=\"wp-block-paragraph\">Por isso, uma mudan\u00e7a repentina na organiza\u00e7\u00e3o da casa, especialmente quando acompanhada por isolamento, perda de interesse por atividades habituais ou dificuldades para cuidar de si, merece aten\u00e7\u00e3o.<\/p>\n\n\n\n<h2 class=\"wp-block-heading\"><strong>Ac\u00famulo excessivo tamb\u00e9m merece aten\u00e7\u00e3o<\/strong><\/h2>\n\n\n\n<p class=\"wp-block-paragraph\">Outro comportamento que pode transformar completamente o ambiente \u00e9 o ac\u00famulo compulsivo de objetos.<\/p>\n\n\n\n<p class=\"wp-block-paragraph\">Pessoas com transtorno de acumula\u00e7\u00e3o podem apresentar grande dificuldade para se desfazer de itens, mesmo quando eles t\u00eam pouco ou nenhum valor pr\u00e1tico. A quantidade de objetos acumulados pode tornar a organiza\u00e7\u00e3o extremamente dif\u00edcil e at\u00e9 comprometer a circula\u00e7\u00e3o dentro da pr\u00f3pria resid\u00eancia.<\/p>\n\n\n\n<p class=\"wp-block-paragraph\">Nesse cen\u00e1rio, a desordem n\u00e3o deve ser interpretada simplesmente como falta de vontade de limpar. O apego aos objetos e a ansiedade provocada pela possibilidade de descart\u00e1-los podem fazer parte de um quadro que necessita de avalia\u00e7\u00e3o profissional.<\/p>\n\n\n\n<h2 class=\"wp-block-heading\"><strong>O extremo oposto tamb\u00e9m pode estar relacionado \u00e0 sa\u00fade mental<\/strong><\/h2>\n\n\n\n<p class=\"wp-block-paragraph\">A rela\u00e7\u00e3o entre organiza\u00e7\u00e3o e comportamento n\u00e3o funciona apenas em uma dire\u00e7\u00e3o. Uma pessoa que mant\u00e9m tudo perfeitamente organizado tamb\u00e9m n\u00e3o deve ser automaticamente considerada mais saud\u00e1vel, disciplinada ou equilibrada.<\/p>\n\n\n\n<p class=\"wp-block-paragraph\">Em alguns casos, pessoas com transtorno obsessivo-compulsivo (TOC) podem desenvolver preocupa\u00e7\u00f5es excessivas com limpeza, germes, simetria ou organiza\u00e7\u00e3o. A necessidade de manter determinados padr\u00f5es pode consumir grande quantidade de tempo e provocar sofrimento.<\/p>\n\n\n\n<p class=\"wp-block-paragraph\">Isso mostra por que <strong>n\u00e3o \u00e9 poss\u00edvel avaliar a sa\u00fade mental de algu\u00e9m apenas observando seu quarto<\/strong>. Tanto a desorganiza\u00e7\u00e3o quanto a organiza\u00e7\u00e3o excessiva podem ter explica\u00e7\u00f5es distintas.<\/p>\n\n\n\n<p class=\"wp-block-paragraph\"><\/p>\n","protected":false},"excerpt":{"rendered":"<p>Um quarto cheio de roupas, objetos espalhados e itens fora do lugar pode provocar diferentes interpreta\u00e7\u00f5es. Para algumas pessoas, a desorganiza\u00e7\u00e3o \u00e9 simplesmente parte da rotina; para outras, pode refletir um estilo de vida mais criativo ou uma dificuldade moment\u00e2nea de manter o ambiente em ordem. Estudos na \u00e1rea da psicologia indicam que espa\u00e7os pessoais [&hellip;]<\/p>\n","protected":false},"author":9,"featured_media":57716,"comment_status":"closed","ping_status":"closed","sticky":false,"template":"","format":"standard","meta":{"jnews-multi-image_gallery":[],"jnews_single_post":{"format":"standard"},"jnews_primary_category":[],"jnews_social_meta":[],"jnews_post_split":[],"footnotes":""},"categories":[1],"tags":[],"class_list":["post-57715","post","type-post","status-publish","format-standard","has-post-thumbnail","hentry","category-geral"],"_referencia":"","_links":{"self":[{"href":"https:\/\/diariodocomercio.com.br\/mix\/wp-json\/wp\/v2\/posts\/57715","targetHints":{"allow":["GET"]}}],"collection":[{"href":"https:\/\/diariodocomercio.com.br\/mix\/wp-json\/wp\/v2\/posts"}],"about":[{"href":"https:\/\/diariodocomercio.com.br\/mix\/wp-json\/wp\/v2\/types\/post"}],"author":[{"embeddable":true,"href":"https:\/\/diariodocomercio.com.br\/mix\/wp-json\/wp\/v2\/users\/9"}],"replies":[{"embeddable":true,"href":"https:\/\/diariodocomercio.com.br\/mix\/wp-json\/wp\/v2\/comments?post=57715"}],"version-history":[{"count":1,"href":"https:\/\/diariodocomercio.com.br\/mix\/wp-json\/wp\/v2\/posts\/57715\/revisions"}],"predecessor-version":[{"id":57717,"href":"https:\/\/diariodocomercio.com.br\/mix\/wp-json\/wp\/v2\/posts\/57715\/revisions\/57717"}],"wp:featuredmedia":[{"embeddable":true,"href":"https:\/\/diariodocomercio.com.br\/mix\/wp-json\/wp\/v2\/media\/57716"}],"wp:attachment":[{"href":"https:\/\/diariodocomercio.com.br\/mix\/wp-json\/wp\/v2\/media?parent=57715"}],"wp:term":[{"taxonomy":"category","embeddable":true,"href":"https:\/\/diariodocomercio.com.br\/mix\/wp-json\/wp\/v2\/categories?post=57715"},{"taxonomy":"post_tag","embeddable":true,"href":"https:\/\/diariodocomercio.com.br\/mix\/wp-json\/wp\/v2\/tags?post=57715"}],"curies":[{"name":"wp","href":"https:\/\/api.w.org\/{rel}","templated":true}]}}