{"id":57718,"date":"2026-09-06T06:15:00","date_gmt":"2026-09-06T09:15:00","guid":{"rendered":"https:\/\/diariodocomercio.com.br\/mix\/?p=57718"},"modified":"2026-09-03T08:08:22","modified_gmt":"2026-09-03T11:08:22","slug":"governo-reduz-previsao-para-o-bolsa-familia-em-2027-e-numero-de-beneficiarios-deve-cair","status":"publish","type":"post","link":"https:\/\/diariodocomercio.com.br\/mix\/governo-reduz-previsao-para-o-bolsa-familia-em-2027-e-numero-de-beneficiarios-deve-cair\/","title":{"rendered":"Governo reduz previs\u00e3o para o Bolsa Fam\u00edlia em 2027 e n\u00famero de benefici\u00e1rios deve cair"},"content":{"rendered":"\n<p class=\"wp-block-paragraph\">O governo federal reduziu a previs\u00e3o de recursos para o Bolsa Fam\u00edlia em 2027, em um cen\u00e1rio no qual os principais programas de transfer\u00eancia de renda n\u00e3o devem receber aumentos expressivos no pr\u00f3ximo ano. O Projeto de Lei Or\u00e7ament\u00e1ria Anual (PLOA) de 2027, apresentado em 31 de agosto, prev\u00ea apenas ajustes pontuais nas verbas destinadas ao Bolsa Fam\u00edlia, ao P\u00e9-de-Meia e ao Aux\u00edlio G\u00e1s.<\/p>\n\n\n\n<p class=\"wp-block-paragraph\">A mudan\u00e7a ocorre mesmo com o programa mantendo uma quantidade de benefici\u00e1rios pr\u00f3xima \u00e0 registrada em 2025. Em agosto deste ano, aproximadamente <strong>19,3 milh\u00f5es de fam\u00edlias<\/strong> receberam o Bolsa Fam\u00edlia. No mesmo per\u00edodo do ano passado, eram cerca de 19,2 milh\u00f5es.<\/p>\n\n\n\n<p class=\"wp-block-paragraph\">Apesar da previs\u00e3o or\u00e7ament\u00e1ria menor para 2027, o benef\u00edcio continua com valor m\u00ednimo de R$ 600 por fam\u00edlia e pagamentos adicionais determinados pela composi\u00e7\u00e3o familiar.<\/p>\n\n\n\n<p class=\"wp-block-paragraph\">O Bolsa Fam\u00edlia n\u00e3o passa por reajuste desde seu relan\u00e7amento, em mar\u00e7o de 2023, durante o primeiro ano do atual mandato do presidente Luiz In\u00e1cio Lula da Silva.<\/p>\n\n\n\n<p class=\"wp-block-paragraph\">A legisla\u00e7\u00e3o estabelece que os valores podem ser corrigidos em um intervalo de at\u00e9 dois anos. A interpreta\u00e7\u00e3o adotada pelo governo, entretanto, \u00e9 de que essa previs\u00e3o permite uma revis\u00e3o dos pagamentos, mas <strong>n\u00e3o torna o reajuste obrigat\u00f3rio<\/strong>.<\/p>\n\n\n\n<p class=\"wp-block-paragraph\">Atualmente, o benef\u00edcio m\u00ednimo \u00e9 de R$ 600. Al\u00e9m desse valor, existem adicionais que podem ser acumulados conforme a situa\u00e7\u00e3o de cada fam\u00edlia.<\/p>\n\n\n\n<p class=\"wp-block-paragraph\">O programa paga <strong>R$ 150 para cada crian\u00e7a de at\u00e9 6 anos<\/strong>, al\u00e9m de <strong>R$ 50 para cada gestante<\/strong>, <strong>R$ 50 para cada jovem de 7 a 18 anos incompletos<\/strong> e <strong>R$ 50 para cada beb\u00ea de at\u00e9 6 meses<\/strong>.<\/p>\n\n\n\n<p class=\"wp-block-paragraph\">Dessa forma, o valor recebido por cada n\u00facleo familiar pode superar o piso de R$ 600 dependendo da quantidade e das caracter\u00edsticas de seus integrantes.<\/p>\n\n\n\n<h2 class=\"wp-block-heading\"><strong>Quem pode receber o benef\u00edcio<\/strong><\/h2>\n\n\n\n<p class=\"wp-block-paragraph\">Para entrar no Bolsa Fam\u00edlia, a fam\u00edlia precisa ter <strong>renda mensal de at\u00e9 R$ 218 por pessoa<\/strong>. Tamb\u00e9m \u00e9 necess\u00e1rio que os dados de todos os integrantes estejam registrados e atualizados no Cadastro \u00danico.<\/p>\n\n\n\n<p class=\"wp-block-paragraph\">Al\u00e9m do crit\u00e9rio de renda, os benefici\u00e1rios precisam cumprir determinadas condicionalidades relacionadas \u00e0s \u00e1reas de sa\u00fade e educa\u00e7\u00e3o.<\/p>\n\n\n\n<p class=\"wp-block-paragraph\">Entre as exig\u00eancias est\u00e3o compromissos que buscam garantir o acompanhamento de crian\u00e7as, adolescentes e gestantes, vinculando a transfer\u00eancia de renda \u00e0 manuten\u00e7\u00e3o do acesso a servi\u00e7os p\u00fablicos essenciais.<\/p>\n\n\n\n<p class=\"wp-block-paragraph\">Em agosto, o programa chegou a cerca de 19,3 milh\u00f5es de fam\u00edlias em todo o territ\u00f3rio nacional. O n\u00famero representa uma pequena alta em rela\u00e7\u00e3o \u00e0s aproximadamente 19,2 milh\u00f5es atendidas no mesmo m\u00eas de 2025.<\/p>\n\n\n\n<h2 class=\"wp-block-heading\"><strong>Programa \u00e9 uma das principais marcas sociais de Lula<\/strong><\/h2>\n\n\n\n<p class=\"wp-block-paragraph\">O Bolsa Fam\u00edlia ocupa posi\u00e7\u00e3o central na pol\u00edtica social do governo Lula. O programa foi relan\u00e7ado em mar\u00e7o de 2023 com uma estrutura que passou a considerar de maneira mais direta o tamanho e a composi\u00e7\u00e3o das fam\u00edlias na defini\u00e7\u00e3o dos pagamentos.<\/p>\n\n\n\n<p class=\"wp-block-paragraph\">O modelo estabelecido pelo governo buscou cumprir uma promessa de campanha de manter o benef\u00edcio m\u00ednimo em <strong>R$ 600 por fam\u00edlia<\/strong>, al\u00e9m de criar valores adicionais destinados a crian\u00e7as, gestantes, jovens e beb\u00eas.<\/p>\n\n\n\n<p class=\"wp-block-paragraph\">A proposta de pagamento proporcional \u00e0 composi\u00e7\u00e3o familiar tamb\u00e9m foi apontada como uma forma de direcionar os recursos de maneira mais adequada \u00e0s necessidades de cada n\u00facleo.<\/p>\n\n\n\n<p class=\"wp-block-paragraph\"><\/p>\n","protected":false},"excerpt":{"rendered":"<p>O governo federal reduziu a previs\u00e3o de recursos para o Bolsa Fam\u00edlia em 2027, em um cen\u00e1rio no qual os principais programas de transfer\u00eancia de renda n\u00e3o devem receber aumentos expressivos no pr\u00f3ximo ano. O Projeto de Lei Or\u00e7ament\u00e1ria Anual (PLOA) de 2027, apresentado em 31 de agosto, prev\u00ea apenas ajustes pontuais nas verbas destinadas [&hellip;]<\/p>\n","protected":false},"author":9,"featured_media":50683,"comment_status":"closed","ping_status":"closed","sticky":false,"template":"","format":"standard","meta":{"jnews-multi-image_gallery":[],"jnews_single_post":{"format":"standard"},"jnews_primary_category":[],"jnews_social_meta":[],"jnews_post_split":[],"footnotes":""},"categories":[1],"tags":[],"class_list":["post-57718","post","type-post","status-publish","format-standard","has-post-thumbnail","hentry","category-geral"],"_referencia":"","_links":{"self":[{"href":"https:\/\/diariodocomercio.com.br\/mix\/wp-json\/wp\/v2\/posts\/57718","targetHints":{"allow":["GET"]}}],"collection":[{"href":"https:\/\/diariodocomercio.com.br\/mix\/wp-json\/wp\/v2\/posts"}],"about":[{"href":"https:\/\/diariodocomercio.com.br\/mix\/wp-json\/wp\/v2\/types\/post"}],"author":[{"embeddable":true,"href":"https:\/\/diariodocomercio.com.br\/mix\/wp-json\/wp\/v2\/users\/9"}],"replies":[{"embeddable":true,"href":"https:\/\/diariodocomercio.com.br\/mix\/wp-json\/wp\/v2\/comments?post=57718"}],"version-history":[{"count":1,"href":"https:\/\/diariodocomercio.com.br\/mix\/wp-json\/wp\/v2\/posts\/57718\/revisions"}],"predecessor-version":[{"id":57719,"href":"https:\/\/diariodocomercio.com.br\/mix\/wp-json\/wp\/v2\/posts\/57718\/revisions\/57719"}],"wp:featuredmedia":[{"embeddable":true,"href":"https:\/\/diariodocomercio.com.br\/mix\/wp-json\/wp\/v2\/media\/50683"}],"wp:attachment":[{"href":"https:\/\/diariodocomercio.com.br\/mix\/wp-json\/wp\/v2\/media?parent=57718"}],"wp:term":[{"taxonomy":"category","embeddable":true,"href":"https:\/\/diariodocomercio.com.br\/mix\/wp-json\/wp\/v2\/categories?post=57718"},{"taxonomy":"post_tag","embeddable":true,"href":"https:\/\/diariodocomercio.com.br\/mix\/wp-json\/wp\/v2\/tags?post=57718"}],"curies":[{"name":"wp","href":"https:\/\/api.w.org\/{rel}","templated":true}]}}