{"id":57724,"date":"2026-09-03T18:23:00","date_gmt":"2026-09-03T21:23:00","guid":{"rendered":"https:\/\/diariodocomercio.com.br\/mix\/?p=57724"},"modified":"2026-09-03T08:30:48","modified_gmt":"2026-09-03T11:30:48","slug":"por-apenas-3-meses-fenomeno-raro-transforma-caverna-do-brasil-em-cenario-de-outro-mundo","status":"publish","type":"post","link":"https:\/\/diariodocomercio.com.br\/mix\/por-apenas-3-meses-fenomeno-raro-transforma-caverna-do-brasil-em-cenario-de-outro-mundo\/","title":{"rendered":"Por apenas 3 meses, fen\u00f4meno raro transforma caverna do Brasil em cen\u00e1rio de outro mundo"},"content":{"rendered":"\n<p class=\"wp-block-paragraph\">Durante apenas alguns meses do ano, uma caverna localizada em Bonito, no Mato Grosso do Sul, ganha uma apar\u00eancia que parece sa\u00edda de outro planeta. Entre novembro e fevereiro, o alinhamento do Sol com a abertura do Abismo Anhumas permite que um feixe de luz atravesse a escurid\u00e3o do interior da forma\u00e7\u00e3o e atinja o lago subterr\u00e2neo, criando o fen\u00f4meno chamado pelos guias de \u201cluz divina\u201d.<\/p>\n\n\n\n<p class=\"wp-block-paragraph\">Localizado a cerca de 23 quil\u00f4metros do centro de Bonito, o Abismo Anhumas \u00e9 um dos atrativos naturais mais singulares da regi\u00e3o. Escondido sob a superf\u00edcie, o complexo re\u00fane estalactites, estalagmites e uma verdadeira \u201cfloresta\u201d de cones de calc\u00e1rio submersos, alguns com mais de 19 metros de altura.<\/p>\n\n\n\n<p class=\"wp-block-paragraph\">O acesso ao interior da caverna tamb\u00e9m faz parte da experi\u00eancia. Os visitantes descem aproximadamente 72 metros abaixo do n\u00edvel do solo por meio de um sistema de rapel el\u00e9trico instalado na abertura da forma\u00e7\u00e3o.<\/p>\n\n\n\n<p class=\"wp-block-paragraph\">A ilumina\u00e7\u00e3o natural dentro do Abismo Anhumas \u00e9 extremamente limitada. A luz entra por apenas duas aberturas existentes no teto da caverna, deixando o ambiente subterr\u00e2neo praticamente escuro.<\/p>\n\n\n\n<p class=\"wp-block-paragraph\">\u00c9 justamente essa caracter\u00edstica que torna o fen\u00f4meno sazonal ainda mais impressionante. Durante determinado per\u00edodo do ano, a posi\u00e7\u00e3o do Sol favorece a entrada direta de um intenso feixe luminoso pelo teto da caverna.<\/p>\n\n\n<div class=\"wp-block-image\">\n<figure class=\"aligncenter size-full\"><img decoding=\"async\" width=\"1536\" height=\"1030\" src=\"https:\/\/diariodocomercio.com.br\/mix\/wp-content\/uploads\/2026\/09\/abismo-anhumas-flutuacao-bonito-ms_15.webp\" alt=\"abismo caverna\" class=\"wp-image-57726\" srcset=\"https:\/\/diariodocomercio.com.br\/mix\/wp-content\/uploads\/2026\/09\/abismo-anhumas-flutuacao-bonito-ms_15.webp 1536w, https:\/\/diariodocomercio.com.br\/mix\/wp-content\/uploads\/2026\/09\/abismo-anhumas-flutuacao-bonito-ms_15-300x201.webp 300w, https:\/\/diariodocomercio.com.br\/mix\/wp-content\/uploads\/2026\/09\/abismo-anhumas-flutuacao-bonito-ms_15-1200x805.webp 1200w, https:\/\/diariodocomercio.com.br\/mix\/wp-content\/uploads\/2026\/09\/abismo-anhumas-flutuacao-bonito-ms_15-768x515.webp 768w, https:\/\/diariodocomercio.com.br\/mix\/wp-content\/uploads\/2026\/09\/abismo-anhumas-flutuacao-bonito-ms_15-150x101.webp 150w, https:\/\/diariodocomercio.com.br\/mix\/wp-content\/uploads\/2026\/09\/abismo-anhumas-flutuacao-bonito-ms_15-750x503.webp 750w, https:\/\/diariodocomercio.com.br\/mix\/wp-content\/uploads\/2026\/09\/abismo-anhumas-flutuacao-bonito-ms_15-1140x764.webp 1140w\" sizes=\"(max-width: 1536px) 100vw, 1536px\" \/><figcaption class=\"wp-element-caption\">Foto: (Divulga\u00e7\u00e3o\/Bonito Eco Tour)<\/figcaption><\/figure>\n<\/div>\n\n\n<h2 class=\"wp-block-heading\"><strong>Lago permite enxergar at\u00e9 60 metros<\/strong><\/h2>\n\n\n\n<p class=\"wp-block-paragraph\">O lago subterr\u00e2neo possui \u00e1guas cristalinas e mais de 80 metros de profundidade. Depois de alguns minutos no interior da caverna, os olhos dos visitantes se acostumam \u00e0 baixa luminosidade, permitindo perceber detalhes das forma\u00e7\u00f5es rochosas ao redor.<\/p>\n\n\n\n<p class=\"wp-block-paragraph\">Dentro da \u00e1gua, a visibilidade pode chegar a impressionantes 60 metros em condi\u00e7\u00f5es favor\u00e1veis. Em dias nublados, a dist\u00e2ncia de observa\u00e7\u00e3o pode ficar em torno de 35 metros.<\/p>\n\n\n\n<p class=\"wp-block-paragraph\">A paisagem lembra uma cordilheira escondida debaixo d\u2019\u00e1gua, formada por dezenas de cones de calc\u00e1rio. Essas estruturas s\u00e3o semelhantes visualmente \u00e0s estalactites e estalagmites, mas se formam a partir da decanta\u00e7\u00e3o do calc\u00e1rio na \u00e1gua.<\/p>\n\n\n\n<p class=\"wp-block-paragraph\">Entre elas est\u00e1 um dos grandes destaques do passeio: o maior cone submerso do mundo, segundo as informa\u00e7\u00f5es do atrativo, com cerca de 19 metros de altura e dimens\u00f5es t\u00e3o impressionantes que seriam necess\u00e1rias cinco pessoas posicionadas na base para conseguir abra\u00e7\u00e1-lo.<\/p>\n\n\n\n<h2 class=\"wp-block-heading\"><strong>Flutua\u00e7\u00e3o d\u00e1 sensa\u00e7\u00e3o de estar sobre uma floresta<\/strong><\/h2>\n\n\n\n<p class=\"wp-block-paragraph\">A atividade mais comum no Abismo Anhumas \u00e9 a flutua\u00e7\u00e3o. Equipados com snorkel, roupa de neoprene e colete salva-vidas, os visitantes ficam sobre o lago enquanto observam os cones submersos abaixo do corpo.<\/p>\n\n\n\n<p class=\"wp-block-paragraph\">A roupa e o equipamento de seguran\u00e7a permitem que at\u00e9 mesmo pessoas que n\u00e3o sabem nadar participem da atividade, j\u00e1 que o conjunto proporciona flutua\u00e7\u00e3o sem exigir esfor\u00e7o constante para permanecer na superf\u00edcie.<\/p>\n\n\n\n<p class=\"wp-block-paragraph\">A caverna, apesar de abrigar um enorme sal\u00e3o subterr\u00e2neo, n\u00e3o possui uma largura proporcional ao seu tamanho. O espa\u00e7o tem aproximadamente as dimens\u00f5es de um campo de futebol, o que permite aos visitantes conhecerem diferentes \u00e1reas do ambiente em cerca de 20 minutos.<\/p>\n\n\n\n<h2 class=\"wp-block-heading\"><strong>Passeio recebe visitantes h\u00e1 mais de duas d\u00e9cadas<\/strong><\/h2>\n\n\n\n<p class=\"wp-block-paragraph\">O Abismo Anhumas est\u00e1 aberto \u00e0 visita\u00e7\u00e3o h\u00e1 mais de 21 anos e, de acordo com as informa\u00e7\u00f5es do atrativo, j\u00e1 recebeu mais de 100 mil turistas sem registrar acidentes.<\/p>\n\n\n\n<p class=\"wp-block-paragraph\">A idade m\u00ednima para participar \u00e9 de oito anos, e crian\u00e7as de at\u00e9 12 anos contam com desconto. A estrutura de acesso foi desenvolvida para permitir que os visitantes alcancem o interior da caverna de maneira controlada, antes de chegar ao lago subterr\u00e2neo.<\/p>\n\n\n\n<p class=\"wp-block-paragraph\">O local \u00e9 descrito como um santu\u00e1rio natural milenar, formado ao longo de processos geol\u00f3gicos respons\u00e1veis pelas grandes estruturas de calc\u00e1rio encontradas tanto nas paredes quanto debaixo d\u2019\u00e1gua.<\/p>\n\n\n\n<p class=\"wp-block-paragraph\">O atrativo fica a aproximadamente 23 quil\u00f4metros do centro de Bonito. O acesso \u00e9 feito pela MS-382, rodovia que segue em dire\u00e7\u00e3o a Porto Murtinho.<\/p>\n\n\n\n<p class=\"wp-block-paragraph\">Para chegar ao local, o visitante deve sair de Bonito pelo acesso Norte e seguir no sentido da Gruta do Lago Azul. Depois, \u00e9 necess\u00e1rio percorrer mais cerca de dois quil\u00f4metros mantendo-se \u00e0 direita at\u00e9 chegar ao estacionamento do Abismo Anhumas.<\/p>\n\n\n\n<p class=\"wp-block-paragraph\"><\/p>\n","protected":false},"excerpt":{"rendered":"<p>Durante apenas alguns meses do ano, uma caverna localizada em Bonito, no Mato Grosso do Sul, ganha uma apar\u00eancia que parece sa\u00edda de outro planeta. Entre novembro e fevereiro, o alinhamento do Sol com a abertura do Abismo Anhumas permite que um feixe de luz atravesse a escurid\u00e3o do interior da forma\u00e7\u00e3o e atinja o [&hellip;]<\/p>\n","protected":false},"author":9,"featured_media":57725,"comment_status":"closed","ping_status":"closed","sticky":false,"template":"","format":"standard","meta":{"jnews-multi-image_gallery":[],"jnews_single_post":{"format":"standard"},"jnews_primary_category":[],"jnews_social_meta":[],"jnews_post_split":[],"footnotes":""},"categories":[1],"tags":[],"class_list":["post-57724","post","type-post","status-publish","format-standard","has-post-thumbnail","hentry","category-geral"],"_referencia":"","_links":{"self":[{"href":"https:\/\/diariodocomercio.com.br\/mix\/wp-json\/wp\/v2\/posts\/57724","targetHints":{"allow":["GET"]}}],"collection":[{"href":"https:\/\/diariodocomercio.com.br\/mix\/wp-json\/wp\/v2\/posts"}],"about":[{"href":"https:\/\/diariodocomercio.com.br\/mix\/wp-json\/wp\/v2\/types\/post"}],"author":[{"embeddable":true,"href":"https:\/\/diariodocomercio.com.br\/mix\/wp-json\/wp\/v2\/users\/9"}],"replies":[{"embeddable":true,"href":"https:\/\/diariodocomercio.com.br\/mix\/wp-json\/wp\/v2\/comments?post=57724"}],"version-history":[{"count":1,"href":"https:\/\/diariodocomercio.com.br\/mix\/wp-json\/wp\/v2\/posts\/57724\/revisions"}],"predecessor-version":[{"id":57727,"href":"https:\/\/diariodocomercio.com.br\/mix\/wp-json\/wp\/v2\/posts\/57724\/revisions\/57727"}],"wp:featuredmedia":[{"embeddable":true,"href":"https:\/\/diariodocomercio.com.br\/mix\/wp-json\/wp\/v2\/media\/57725"}],"wp:attachment":[{"href":"https:\/\/diariodocomercio.com.br\/mix\/wp-json\/wp\/v2\/media?parent=57724"}],"wp:term":[{"taxonomy":"category","embeddable":true,"href":"https:\/\/diariodocomercio.com.br\/mix\/wp-json\/wp\/v2\/categories?post=57724"},{"taxonomy":"post_tag","embeddable":true,"href":"https:\/\/diariodocomercio.com.br\/mix\/wp-json\/wp\/v2\/tags?post=57724"}],"curies":[{"name":"wp","href":"https:\/\/api.w.org\/{rel}","templated":true}]}}