{"id":57739,"date":"2026-09-03T13:41:04","date_gmt":"2026-09-03T16:41:04","guid":{"rendered":"https:\/\/diariodocomercio.com.br\/mix\/?p=57739"},"modified":"2026-09-03T13:41:08","modified_gmt":"2026-09-03T16:41:08","slug":"super-el-nino-deve-provocar-apagao-geral-no-brasil-e-ia-pode-ajudar-a-evitar-desastre","status":"publish","type":"post","link":"https:\/\/diariodocomercio.com.br\/mix\/super-el-nino-deve-provocar-apagao-geral-no-brasil-e-ia-pode-ajudar-a-evitar-desastre\/","title":{"rendered":"Super El Ni\u00f1o deve provocar apag\u00e3o geral no Brasil e IA pode ajudar a evitar desastre"},"content":{"rendered":"\n<p class=\"wp-block-paragraph\">O El Ni\u00f1o deste ano pode ser o mais intenso j\u00e1 registrado na hist\u00f3ria, o que gera bastante preocupa\u00e7\u00e3o entre especialistas sobre os seus efeitos. Um dos (muitos) exemplos de impacto desse fen\u00f4meno clim\u00e1tico \u00e9 na produ\u00e7\u00e3o e distribui\u00e7\u00e3o de energia, inclusive aqui no Brasil. De acordo com o Olhar Digital, a tecnologia da intelig\u00eancia artificial pode ser fundamental para lidar com essa quest\u00e3o.<\/p>\n\n\n\n<p class=\"wp-block-paragraph\">Mas antes de partirmos para a poss\u00edvel solu\u00e7\u00e3o, vamos entender: como o El Ni\u00f1o pode impactar a energia aqui no Brasil?<\/p>\n\n\n\n<p class=\"wp-block-paragraph\">O El Ni\u00f1o \u00e9 um evento natural e c\u00edclico, que consiste no aquecimento acima do normal das \u00e1guas do Oceano Pac\u00edfico na por\u00e7\u00e3o equatorial, o que altera a circula\u00e7\u00e3o atmosf\u00e9rica e contribui para altera\u00e7\u00f5es clim\u00e1ticas em v\u00e1rias partes do mundo.<\/p>\n\n\n\n<p class=\"wp-block-paragraph\">No Brasil, al\u00e9m de bastante calor, o El Ni\u00f1o causa, ao mesmo tempo, excesso e falta de chuvas. Na regi\u00e3o Sul, o excesso pode causar enchentes e inunda\u00e7\u00f5es. J\u00e1 no Norte, Nordeste e Sudeste, o problema \u00e9 a estiagem prolongada, que gera problemas n\u00e3o apenas no abastecimento h\u00eddrico, mas tamb\u00e9m nas reservas das hidrel\u00e9tricas.<\/p>\n\n\n\n<p class=\"wp-block-paragraph\">Segundo o Balan\u00e7o Energ\u00e9tico de 2023, as hidrel\u00e9tricas s\u00e3o respons\u00e1veis por cerca de 62% da produ\u00e7\u00e3o de energia el\u00e9trica do Brasil.<\/p>\n\n\n\n<p class=\"wp-block-paragraph\">Com a reserva das hidrel\u00e9tricas baixas, o Operador Nacional do Sistema El\u00e9trico (ONS) aciona as termel\u00e9tricas, que s\u00e3o mais poluentes e custam mais caro, valor que chega ao bolso do consumidor final por meio das bandeiras tarif\u00e1rias.<\/p>\n\n\n\n<h2 class=\"wp-block-heading\">Como a IA pode ajudar<\/h2>\n\n\n\n<p class=\"wp-block-paragraph\">Segundo o Olhar Digital, diante dessas preocupa\u00e7\u00f5es, pesquisadores e at\u00e9 concession\u00e1rias enxergam ferramentas tecnol\u00f3gicas como um caminho para assumir uma postura preditiva. Um exemplo s\u00e3o pesquisadores da Uniasselvi, que cruzaram dados de \u00f3rg\u00e3os como NOAA, NASA, INPE, INMET, CEMADEN e IRI para comparar modelos clim\u00e1ticos e identificar padr\u00f5es.<\/p>\n\n\n\n<p class=\"wp-block-paragraph\"><em>\u201cA inova\u00e7\u00e3o da pesquisa est\u00e1 em integrar IA, automa\u00e7\u00e3o e conhecimento cient\u00edfico para apoiar decis\u00f5es em situa\u00e7\u00f5es de risco\u201d<\/em>, explicou Pedro Sidnei Zanchett, professor da universidade e orientador do estudo, em nota.<\/p>\n\n\n\n<p class=\"wp-block-paragraph\">Jonatas Jaqmam, da AMcom, empresa de tecnologia, afirma que o grande diferencial da IA \u00e9 ampliar a capacidade anal\u00edtica das equipes, processando grandes volumes de dados e encontrando rela\u00e7\u00f5es que poderiam passar despercebidas.<\/p>\n\n\n\n<p class=\"wp-block-paragraph\">Empresas como Engie Brasil e Neoenergia tamb\u00e9m utilizam intelig\u00eancia artificial para analisar dados, fazer monitoramento clim\u00e1tico e planejar melhor instala\u00e7\u00f5es e distribui\u00e7\u00e3o de energia entre distribuidoras.<\/p>\n\n\n<style>@media (min-width: 992px) {\n    .recomendadorV2Area1 {\n        width: 280px;\n    }\n    .recomendadorV2Area2 {\n        padding: 0px 20px;\n        width: calc(100% - 280px);\n    }\n}\n\n@media (max-width: 992px) {\n    .recomendadorV2Button {\n        margin: 0 auto;\n    }\n    .recomendadorV2Area {\n        flex-direction: column;\n        text-align: center;\n    }\n    .recomendadorV2Area2 {\n        padding: 0px 20px;\n    }\n}\n\n.recomendadorV2Area {\n    background: #eeeeee3d;\n    border-radius: 10px;\n    padding: 15px;\n    display: flex;\n    margin: 15px auto;\n    border: 1px solid #00000014;\n    max-width: 800px;\n}\n\n.recomendadorV2Area1 img {\n    width: 280px;\n    height: auto;\n    border-radius: 8px;\n}\n\n.linkrecomendadorv2 {\n    text-decoration: none !important;\n}\n\n.recomendadorV2Area2 .recomendadorV2Type {\n    text-transform: uppercase;\n    font-weight: 500;\n    font-size: 11px;\n    letter-spacing: 2px;\n    color: #666;\n    margin: 12px 0;\n    display: block;\n}\n\n.recomendadorV2Title h2 {\n    padding-top: 0px !important;\n    margin: 0px !important;\n    border-left: none !important;\n    padding-left: 0px !important;\n    line-height: 1.3;\n    color: #000 !important;\n    font-size: 24px;\n    margin-bottom: 12px !important;\n}\n\n.recomendadorV2Desc {\n    color: #333;\n    margin: 12px 0px !important;\n    font-size: 15px;\n    line-height: 1.5;\n}\n\n.recomendadorV2Button {\n    width: auto;\n    max-width: 200px;\n    margin: 0;\n    display: inline-flex;\n    align-items: center;\n    background: #1D3557;\n    border-radius: 8px;\n    color: #fff;\n    height: 36px;\n    justify-content: center;\n    text-align: center;\n    font-size: 14px;\n    padding: 0 20px;\n    transition: background-color 0.2s ease;\n}\n\n.recomendadorV2Button:hover {\n    background: #2a4d7a;\n}\n\n.recomendadorV2Button:after {\n    margin-top: -2px;\n    content: \"\u2192\";\n    padding: 0px 0px 0px 8px;\n}\n\n.recomendadorV2Alert {\n    text-align: left;\n    font-size: 11px;\n    margin-top: 8px;\n    color: #666;\n}\n\n.recomendadorFixedArea {\n    width: 100%;\n    display: flex;\n    justify-content: center;\n    align-items: center;\n}\n\n@media (min-width: 992px) {\n    #recomendadorFixed {\n        width: 32% !important;\n        left: 5%;\n    }\n    .recomendadorCloseFixed{\n        right: inherit !important;\n        left: 378px !important;\n    }\n}\n\n#recomendadorFixed {\n    width: 90%;\n    box-shadow: 0 10px 20px 0px #00000057;\n    display: none;\n    height: 90px;\n    background: #F6F6F6;\n    position: fixed;\n    flex-direction: row;\n    bottom: 10px;\n    z-index: 9999;\n    border-radius: 16px;\n    padding: 7px 10px;\n}\n\n.recomendadorLeftArea {\n    width: 160px;\n}\n\n.recomendadorRightArea h2 {\n    padding-top: 0px;\n    margin: 2px 0px 4px 0px !important;\n    font-weight: 400;\n    text-align: center;\n    padding-left: 0px !important;\n    color: #000 !important;\n    border-left: none !important;\n    line-height: 20px;\n    font-size: 12px !important;\n}\n\n.recomendadorImgFixed {\n    overflow: hidden;\n    padding: 8px 6px;\n    height: 100%;\n}\n\n.recomendadorImgFixed img {\n    height: 100% !important;\n    border-radius: 16px;\n}\n\n.recomendadorRightArea {\n    padding-top: 6px;\n    display: flex;\n    width: calc(100% - 130px);\n    justify-content: space-between;\n    align-items: center;\n    flex-direction: column;\n}\n\n.recomendadorButtonFixed {\n    margin: 0 auto;\n    background: #1D3557;\n    width: 80%;\n    text-align: center;\n    font-size: 10px;\n    color: #FFF;\n    padding: 2px 10px;\n    border-radius: 3px;\n}\n\n.recomendadorButtonFixed:after {\n    margin-top: -3px;\n    content: \"\u2192\";\n    padding: 0px 0px 0px 10px;\n}\n\n.recomendadorAlertFixed {\n    font-weight: 400;\n    text-align: center;\n    color: #484848;\n    font-size: 8px;\n}\n\n.recomendadorCloseFixed {\n    z-index: 99999;\n    display: none;\n    right: 0px;\n    left: inherit;\n    bottom: 99px;\n    position: fixed;\n    justify-content: center;\n    background: #F6F6F6;\n    width: 25px;\n    align-items: center;\n    height: 25px;\n    font-weight: 800;\n    border-radius: 50%;\n    border: 1px solid #EBEBEB;\n}\n\n.recomendadorV2Desc{\n    color: #000000;\n    margin: 20px 0px;\n}\n\n@media (max-width: 576px) {\n    .recomendadorV2Area {\n      padding: 10px;\n      max-width: 100%;\n    }\n  \n    .recomendadorV2Area1 img {\n      width: 100%;\n      border-radius: 6px;\n    }\n  \n    .recomendadorV2Area2 .recomendadorV2Type {\n      font-size: 9px;\n      letter-spacing: 1px;\n      margin: 8px 0;\n    }\n  \n    .recomendadorV2Title h2 {\n      font-size: 18px !important;\n      margin-bottom: 8px !important;\n      line-height: 1.2;\n    }\n  \n    .recomendadorV2Desc {\n      font-size: 14px;\n      margin: 8px 0 !important;\n      line-height: 1.4;\n    }\n  \n    .recomendadorV2Button {\n      font-size: 14px;\n      height: 40px;\n      padding: 0 12px;\n      max-width: 100%;\n      width: 100%;\n    }\n  \n    .recomendadorV2Button:after {\n      padding-left: 6px;\n    }\n  }\n  <\/style>\n        <div class=\"lazyblock-recomendador-v2-2jDGz wp-block-lazyblock-recomendador-v2\">\n        <a class=\"linkrecomendadorv2\" href=\"https:\/\/diariodocomercio.com.br\/mix\/mulher-e-atacada-por-animal-que-muita-gente-pensa-ser-inofensivo-e-leva-quase-40-pontos\/%20\">\n            <div class=\"recomendadorV2Area\">\n            <div class=\"recomendadorV2Area1\">\n                <div class=\"recomendadorV2Img\">\n                <img width=\"768\" height=\"346\" src=\"https:\/\/diariodocomercio.com.br\/mix\/wp-content\/uploads\/2026\/09\/lynnette-bellin-768x346.jpg\" class=\"lazyloaded\" alt=\"\" sizes=\"auto, (min-width: 577px) 280px, calc(100vw - 20px)\" decoding=\"async\" loading=\"lazy\" srcset=\"https:\/\/diariodocomercio.com.br\/mix\/wp-content\/uploads\/2026\/09\/lynnette-bellin-768x346.jpg 768w, https:\/\/diariodocomercio.com.br\/mix\/wp-content\/uploads\/2026\/09\/lynnette-bellin-300x135.jpg 300w, https:\/\/diariodocomercio.com.br\/mix\/wp-content\/uploads\/2026\/09\/lynnette-bellin-150x68.jpg 150w, https:\/\/diariodocomercio.com.br\/mix\/wp-content\/uploads\/2026\/09\/lynnette-bellin-750x338.jpg 750w, https:\/\/diariodocomercio.com.br\/mix\/wp-content\/uploads\/2026\/09\/lynnette-bellin-1140x513.jpg 1140w, https:\/\/diariodocomercio.com.br\/mix\/wp-content\/uploads\/2026\/09\/lynnette-bellin.jpg 1200w\" \/>\n                <\/div>\n            <\/div>\n            <div class=\"recomendadorV2Area2\">\n                <div class=\"recomendadorV2Type\">\n                    <span>ANIMAIS t\u00edtulo=Mulher \u00e9 atacada por animal que muita gente pensa ser inofensivo e leva quase 40 pontos <\/span>\n                <\/div>\n                <div class=\"recomendadorV2Title\">\n                <h2><span><\/span><\/h2>\n                <\/div>\n                <div class=\"recomendadorV2Desc\">\n                <span>No \u00faltimo domingo (30\/8), Lynnette Bellin estava nadando no Lago Tahoe, em Nevada, nos Estados Unidos, na proximidade de Hidden \u2026 <\/span>\n                <\/div>\n                <div class=\"recomendadorV2Button\">Leia mais <\/div>\n                <div class=\"recomendadorV2Alert\"><\/div>\n            <\/div>\n            <\/div>\n        <\/a>\n        <div>\n            <div style=\"z-index:99999;\" id=\"buttonClose\" onclick=\"closeRecomendadorFixed()\">\n            <div class=\"recomendadorCloseFixed\">X<\/div>\n            <\/div>\n            <a href=\"https:\/\/diariodocomercio.com.br\/mix\/mulher-e-atacada-por-animal-que-muita-gente-pensa-ser-inofensivo-e-leva-quase-40-pontos\/%20\">\n            <div class=\"recomendadorFixedArea\">\n                <div id=\"recomendadorFixed\">\n                <div class=\"recomendadorLeftArea\">\n                    <div class=\"recomendadorImgFixed\">\n                    <img width=\"300\" height=\"135\" src=\"https:\/\/diariodocomercio.com.br\/mix\/wp-content\/uploads\/2026\/09\/lynnette-bellin-300x135.jpg\" class=\"lazyload\" alt=\"\" sizes=\"auto, 160px\" decoding=\"async\" loading=\"lazy\" srcset=\"https:\/\/diariodocomercio.com.br\/mix\/wp-content\/uploads\/2026\/09\/lynnette-bellin-300x135.jpg 300w, https:\/\/diariodocomercio.com.br\/mix\/wp-content\/uploads\/2026\/09\/lynnette-bellin-768x346.jpg 768w, https:\/\/diariodocomercio.com.br\/mix\/wp-content\/uploads\/2026\/09\/lynnette-bellin-150x68.jpg 150w, https:\/\/diariodocomercio.com.br\/mix\/wp-content\/uploads\/2026\/09\/lynnette-bellin-750x338.jpg 750w, https:\/\/diariodocomercio.com.br\/mix\/wp-content\/uploads\/2026\/09\/lynnette-bellin-1140x513.jpg 1140w, https:\/\/diariodocomercio.com.br\/mix\/wp-content\/uploads\/2026\/09\/lynnette-bellin.jpg 1200w\" \/>\n                    <\/div>\n                <\/div>\n                <div class=\"recomendadorRightArea\">\n                    <div class=\"recomendadorTitleFixed\">\n                    <h2><span><\/span><\/h2>\n                    <\/div>\n                    <div class=\"recomendadorButtonFixed\">Leia mais <\/div>\n                    <div class=\"recomendadorAlertFixed\"><\/div>\n                <\/div>\n                <\/div>\n            <\/div>\n            <\/a>\n        <\/div>\n        <\/div>\n","protected":false},"excerpt":{"rendered":"<p>O El Ni\u00f1o deste ano pode ser o mais intenso j\u00e1 registrado na hist\u00f3ria, o que gera bastante preocupa\u00e7\u00e3o entre especialistas sobre os seus efeitos. Um dos (muitos) exemplos de impacto desse fen\u00f4meno clim\u00e1tico \u00e9 na produ\u00e7\u00e3o e distribui\u00e7\u00e3o de energia, inclusive aqui no Brasil. De acordo com o Olhar Digital, a tecnologia da intelig\u00eancia [&hellip;]<\/p>\n","protected":false},"author":6,"featured_media":57740,"comment_status":"closed","ping_status":"closed","sticky":false,"template":"","format":"standard","meta":{"jnews-multi-image_gallery":[],"jnews_single_post":{"format":"standard"},"jnews_primary_category":[],"jnews_social_meta":[],"jnews_post_split":[],"footnotes":""},"categories":[1],"tags":[],"class_list":["post-57739","post","type-post","status-publish","format-standard","has-post-thumbnail","hentry","category-geral"],"_referencia":"","_links":{"self":[{"href":"https:\/\/diariodocomercio.com.br\/mix\/wp-json\/wp\/v2\/posts\/57739","targetHints":{"allow":["GET"]}}],"collection":[{"href":"https:\/\/diariodocomercio.com.br\/mix\/wp-json\/wp\/v2\/posts"}],"about":[{"href":"https:\/\/diariodocomercio.com.br\/mix\/wp-json\/wp\/v2\/types\/post"}],"author":[{"embeddable":true,"href":"https:\/\/diariodocomercio.com.br\/mix\/wp-json\/wp\/v2\/users\/6"}],"replies":[{"embeddable":true,"href":"https:\/\/diariodocomercio.com.br\/mix\/wp-json\/wp\/v2\/comments?post=57739"}],"version-history":[{"count":2,"href":"https:\/\/diariodocomercio.com.br\/mix\/wp-json\/wp\/v2\/posts\/57739\/revisions"}],"predecessor-version":[{"id":57742,"href":"https:\/\/diariodocomercio.com.br\/mix\/wp-json\/wp\/v2\/posts\/57739\/revisions\/57742"}],"wp:featuredmedia":[{"embeddable":true,"href":"https:\/\/diariodocomercio.com.br\/mix\/wp-json\/wp\/v2\/media\/57740"}],"wp:attachment":[{"href":"https:\/\/diariodocomercio.com.br\/mix\/wp-json\/wp\/v2\/media?parent=57739"}],"wp:term":[{"taxonomy":"category","embeddable":true,"href":"https:\/\/diariodocomercio.com.br\/mix\/wp-json\/wp\/v2\/categories?post=57739"},{"taxonomy":"post_tag","embeddable":true,"href":"https:\/\/diariodocomercio.com.br\/mix\/wp-json\/wp\/v2\/tags?post=57739"}],"curies":[{"name":"wp","href":"https:\/\/api.w.org\/{rel}","templated":true}]}}