{"id":57751,"date":"2026-09-03T17:17:13","date_gmt":"2026-09-03T20:17:13","guid":{"rendered":"https:\/\/diariodocomercio.com.br\/mix\/?p=57751"},"modified":"2026-09-03T17:17:16","modified_gmt":"2026-09-03T20:17:16","slug":"governo-confirma-decisao-e-brasileiros-so-terao-que-trabalhar-das-08h-ate-as-15h-nesta-sexta-feira-04-09","status":"publish","type":"post","link":"https:\/\/diariodocomercio.com.br\/mix\/governo-confirma-decisao-e-brasileiros-so-terao-que-trabalhar-das-08h-ate-as-15h-nesta-sexta-feira-04-09\/","title":{"rendered":"Governo confirma decis\u00e3o e brasileiros s\u00f3 ter\u00e3o que trabalhar das 08h at\u00e9 as 15h nesta sexta-feira (04\/09)"},"content":{"rendered":"\n<p class=\"wp-block-paragraph\">O <strong>governo municipal do Rio de Janeiro<\/strong> anunciou uma altera\u00e7\u00e3o no expediente dos <strong>servidores municipais<\/strong> nesta sexta-feira, 4 de setembro de 2026. Com o in\u00edcio do festival Rock in Rio, o hor\u00e1rio de trabalho dos funcion\u00e1rios municipais foi ajustado.<\/p>\n\n\n\n<p class=\"wp-block-paragraph\">Agora, o expediente come\u00e7a \u00e0s 8h e termina \u00e0s 15h. A mudan\u00e7a foi divulgada e oficializada por decreto no Di\u00e1rio Oficial do Munic\u00edpio, afetando diversos \u00f3rg\u00e3os e reparti\u00e7\u00f5es da cidade.<\/p>\n\n\n\n<p class=\"wp-block-paragraph\">O ajuste no hor\u00e1rio dos servidores ocorre devido ao impacto cultural e econ\u00f4mico do Rock in Rio para a cidade. O festival atrai milhares de turistas, tanto nacionais quanto internacionais.<\/p>\n\n\n\n<p class=\"wp-block-paragraph\">A antecipa\u00e7\u00e3o do t\u00e9rmino do expediente busca minimizar os efeitos no tr\u00e2nsito e facilitar a log\u00edstica, permitindo que mais pessoas cheguem ao evento em tempo h\u00e1bil.<\/p>\n\n\n\n<h2 class=\"wp-block-heading\">Rock in Rio e as mudan\u00e7as no cotidiano<\/h2>\n\n\n\n<p class=\"wp-block-paragraph\">O impacto do Rock in Rio na rotina do Rio de Janeiro \u00e9 not\u00e1vel. O evento afeta o tr\u00e2nsito e a din\u00e2mica das atividades di\u00e1rias da cidade.<\/p>\n\n\n\n<p class=\"wp-block-paragraph\">Ao ajustar o hor\u00e1rio de trabalho, a prefeitura visa otimizar o fluxo de tr\u00e2nsito e evitar terminais congestionados. Essa estrat\u00e9gia n\u00e3o \u00e9 nova. Eventos grandes como o Rock in Rio frequentemente requerem ajustes operacionais.<\/p>\n\n\n\n<h2 class=\"wp-block-heading\">Log\u00edstica e seguran\u00e7a refor\u00e7adas<\/h2>\n\n\n\n<p class=\"wp-block-paragraph\">Nos anos em que o Rock in Rio ocorre, a prefeitura implementa mudan\u00e7as log\u00edsticas significativas. Os \u00f3rg\u00e3os municipais reavaliam suas opera\u00e7\u00f5es para garantir seguran\u00e7a e fluidez no tr\u00e1fego.<\/p>\n\n\n\n<p class=\"wp-block-paragraph\">Essa pr\u00e1tica busca equilibrar a vida cotidiana dos moradores com as festividades do evento. O festival \u00e9 uma parte essencial do calend\u00e1rio cultural do Rio de Janeiro, e essas adapta\u00e7\u00f5es permitem receber visitantes com mais efic\u00e1cia.<\/p>\n","protected":false},"excerpt":{"rendered":"<p>A mudan\u00e7a foi divulgada e oficializada por decreto.<\/p>\n","protected":false},"author":12,"featured_media":30459,"comment_status":"closed","ping_status":"closed","sticky":false,"template":"","format":"standard","meta":{"jnews-multi-image_gallery":[],"jnews_single_post":{"format":"standard"},"jnews_primary_category":[],"jnews_social_meta":[],"jnews_post_split":[],"footnotes":""},"categories":[1],"tags":[],"class_list":["post-57751","post","type-post","status-publish","format-standard","has-post-thumbnail","hentry","category-geral"],"_referencia":"","_links":{"self":[{"href":"https:\/\/diariodocomercio.com.br\/mix\/wp-json\/wp\/v2\/posts\/57751","targetHints":{"allow":["GET"]}}],"collection":[{"href":"https:\/\/diariodocomercio.com.br\/mix\/wp-json\/wp\/v2\/posts"}],"about":[{"href":"https:\/\/diariodocomercio.com.br\/mix\/wp-json\/wp\/v2\/types\/post"}],"author":[{"embeddable":true,"href":"https:\/\/diariodocomercio.com.br\/mix\/wp-json\/wp\/v2\/users\/12"}],"replies":[{"embeddable":true,"href":"https:\/\/diariodocomercio.com.br\/mix\/wp-json\/wp\/v2\/comments?post=57751"}],"version-history":[{"count":1,"href":"https:\/\/diariodocomercio.com.br\/mix\/wp-json\/wp\/v2\/posts\/57751\/revisions"}],"predecessor-version":[{"id":57752,"href":"https:\/\/diariodocomercio.com.br\/mix\/wp-json\/wp\/v2\/posts\/57751\/revisions\/57752"}],"wp:featuredmedia":[{"embeddable":true,"href":"https:\/\/diariodocomercio.com.br\/mix\/wp-json\/wp\/v2\/media\/30459"}],"wp:attachment":[{"href":"https:\/\/diariodocomercio.com.br\/mix\/wp-json\/wp\/v2\/media?parent=57751"}],"wp:term":[{"taxonomy":"category","embeddable":true,"href":"https:\/\/diariodocomercio.com.br\/mix\/wp-json\/wp\/v2\/categories?post=57751"},{"taxonomy":"post_tag","embeddable":true,"href":"https:\/\/diariodocomercio.com.br\/mix\/wp-json\/wp\/v2\/tags?post=57751"}],"curies":[{"name":"wp","href":"https:\/\/api.w.org\/{rel}","templated":true}]}}