{"id":57753,"date":"2026-09-04T00:43:00","date_gmt":"2026-09-04T03:43:00","guid":{"rendered":"https:\/\/diariodocomercio.com.br\/mix\/?p=57753"},"modified":"2026-09-03T17:24:36","modified_gmt":"2026-09-03T20:24:36","slug":"homem-foi-filmado-sem-autorizacao-e-agora-globo-tera-que-pagar-indenizacao-maior-que-um-salario-minimo","status":"publish","type":"post","link":"https:\/\/diariodocomercio.com.br\/mix\/homem-foi-filmado-sem-autorizacao-e-agora-globo-tera-que-pagar-indenizacao-maior-que-um-salario-minimo\/","title":{"rendered":"Homem foi filmado sem autoriza\u00e7\u00e3o e agora Globo ter\u00e1 que pagar indeniza\u00e7\u00e3o maior que um sal\u00e1rio m\u00ednimo"},"content":{"rendered":"\n<p class=\"wp-block-paragraph\">A <strong>Globo<\/strong> foi recentemente condenada a pagar uma <strong>indeniza\u00e7\u00e3o de R$ 3 mil<\/strong> a um <strong>caminhoneiro<\/strong> pelo Tribunal de Justi\u00e7a do <strong>Maranh\u00e3o<\/strong>. O trabalhador, filmado sem autoriza\u00e7\u00e3o durante uma pegadinha no programa &#8220;Doming\u00e3o com Huck&#8221;, encontrou sua imagem exibida na televis\u00e3o em seu dia de folga.&nbsp;<\/p>\n\n\n\n<p class=\"wp-block-paragraph\">Isso provocou uma controv\u00e9rsia consider\u00e1vel, pois ele n\u00e3o consentiu em participar da transmiss\u00e3o. O incidente ocorreu no Maranh\u00e3o, mas rapidamente se tornou um assunto nacional.<\/p>\n\n\n\n<p class=\"wp-block-paragraph\">A decis\u00e3o judicial destaca a falta de consentimento ao exibir a imagem do caminhoneiro. O v\u00eddeo, capturado por um humorista e amplamente divulgado, j\u00e1 circulava na internet antes de sua transmiss\u00e3o pela Globo. No entanto, as autoridades enfatizaram que a exibi\u00e7\u00e3o em rede nacional sem autoriza\u00e7\u00e3o \u00e9 uma viola\u00e7\u00e3o de direitos, independentemente de seu status online pr\u00e9vio.<\/p>\n\n\n\n<h2 class=\"wp-block-heading\">Controv\u00e9rsia sobre a exibi\u00e7\u00e3o<\/h2>\n\n\n\n<p class=\"wp-block-paragraph\">A Globo argumentou que o v\u00eddeo tinha interesse p\u00fablico e um teor c\u00f4mico, o que n\u00e3o foi aceito pelos julgadores. O tribunal considerou essa defesa inadequada, ressaltando que a circula\u00e7\u00e3o anterior do v\u00eddeo na internet n\u00e3o justificava o uso comercial sem permiss\u00e3o.<\/p>\n\n\n\n<p class=\"wp-block-paragraph\">O caso levanta quest\u00f5es sobre os limites \u00e9ticos na televis\u00e3o e o uso de materiais j\u00e1 dispon\u00edveis online.<\/p>\n\n\n\n<h2 class=\"wp-block-heading\">Implica\u00e7\u00f5es legais para a Globo<\/h2>\n\n\n\n<p class=\"wp-block-paragraph\">O veredito do Tribunal de Justi\u00e7a ilustra a responsabilidade das emissoras em respeitar os direitos de imagem. A decis\u00e3o \u00e9 um lembrete de que o humor em programas televisivos de grande alcance deve ser cuidadosamente avaliado para n\u00e3o violar a privacidade ou os direitos individuais.<\/p>\n","protected":false},"excerpt":{"rendered":"<p>A Globo foi recentemente condenada a pagar uma indeniza\u00e7\u00e3o a um caminhoneiro.<\/p>\n","protected":false},"author":12,"featured_media":14489,"comment_status":"closed","ping_status":"closed","sticky":false,"template":"","format":"standard","meta":{"jnews-multi-image_gallery":[],"jnews_single_post":{"format":"standard"},"jnews_primary_category":[],"jnews_social_meta":[],"jnews_post_split":[],"footnotes":""},"categories":[1],"tags":[],"class_list":["post-57753","post","type-post","status-publish","format-standard","has-post-thumbnail","hentry","category-geral"],"_referencia":"","_links":{"self":[{"href":"https:\/\/diariodocomercio.com.br\/mix\/wp-json\/wp\/v2\/posts\/57753","targetHints":{"allow":["GET"]}}],"collection":[{"href":"https:\/\/diariodocomercio.com.br\/mix\/wp-json\/wp\/v2\/posts"}],"about":[{"href":"https:\/\/diariodocomercio.com.br\/mix\/wp-json\/wp\/v2\/types\/post"}],"author":[{"embeddable":true,"href":"https:\/\/diariodocomercio.com.br\/mix\/wp-json\/wp\/v2\/users\/12"}],"replies":[{"embeddable":true,"href":"https:\/\/diariodocomercio.com.br\/mix\/wp-json\/wp\/v2\/comments?post=57753"}],"version-history":[{"count":2,"href":"https:\/\/diariodocomercio.com.br\/mix\/wp-json\/wp\/v2\/posts\/57753\/revisions"}],"predecessor-version":[{"id":57757,"href":"https:\/\/diariodocomercio.com.br\/mix\/wp-json\/wp\/v2\/posts\/57753\/revisions\/57757"}],"wp:featuredmedia":[{"embeddable":true,"href":"https:\/\/diariodocomercio.com.br\/mix\/wp-json\/wp\/v2\/media\/14489"}],"wp:attachment":[{"href":"https:\/\/diariodocomercio.com.br\/mix\/wp-json\/wp\/v2\/media?parent=57753"}],"wp:term":[{"taxonomy":"category","embeddable":true,"href":"https:\/\/diariodocomercio.com.br\/mix\/wp-json\/wp\/v2\/categories?post=57753"},{"taxonomy":"post_tag","embeddable":true,"href":"https:\/\/diariodocomercio.com.br\/mix\/wp-json\/wp\/v2\/tags?post=57753"}],"curies":[{"name":"wp","href":"https:\/\/api.w.org\/{rel}","templated":true}]}}