{"id":57756,"date":"2026-09-06T01:45:00","date_gmt":"2026-09-06T04:45:00","guid":{"rendered":"https:\/\/diariodocomercio.com.br\/mix\/?p=57756"},"modified":"2026-09-03T17:58:51","modified_gmt":"2026-09-03T20:58:51","slug":"por-que-cientistas-estao-colocando-cuecas-e-calcinhas-debaixo-da-terra","status":"publish","type":"post","link":"https:\/\/diariodocomercio.com.br\/mix\/por-que-cientistas-estao-colocando-cuecas-e-calcinhas-debaixo-da-terra\/","title":{"rendered":"Por que cientistas est\u00e3o colocando cuecas e calcinhas debaixo da terra?"},"content":{"rendered":"\n<p class=\"wp-block-paragraph\">Cuecas e calcinhas enterradas? Parece come\u00e7o de simpatia (e tamb\u00e9m \u00e9), mas estamos falando de um experimento cient\u00edfico realizado por pesquisadores da Universidade de Zurique, na Su\u00ed\u00e7a. Eles enterraram roupas \u00edntimas para avaliar a qualidade do solo e demonstrar de forma bem pr\u00e1tica como solos saud\u00e1veis e solos empobrecidos se comportam. E como eles avaliavam isso? Dependendo o estado de decomposi\u00e7\u00e3o das pe\u00e7as um tempo depois.<\/p>\n\n\n\n<h2 class=\"wp-block-heading\">Pe\u00e7as foram enterradas e retiradas dois meses depois<\/h2>\n\n\n\n<p class=\"wp-block-paragraph\">O experimento aconteceu l\u00e1 em 2021. Os pesquisadores enterraram mais de duas mil calcinhas e cuecas de algod\u00e3o, al\u00e9m de 12 mil sacos de ch\u00e1, desenterraram os itens dois meses depois e leveram as pe\u00e7as para o laborat\u00f3rio. Pe\u00e7as que se degradaram pouco estavam em solos com escassez de nutrientes e baixa atividade biol\u00f3gica. Roupas mais decompostas estavam em solos mais ricos, j\u00e1 que o estado de decomposi\u00e7\u00e3o indica a presen\u00e7a de organismos que degradam o algod\u00e3o. <\/p>\n\n\n\n<p class=\"wp-block-paragraph\">Segundo o Metr\u00f3poles, os especialistas apontaram que os solos com menor qualidade eram de terras agr\u00edcolas, gramadas e pastagens, devido ao impacto do manejo da terra. Os solos de maior qualidade foram jardins particulares, com a presen\u00e7a de minhocas, fungos e outros organismos ativos.<\/p>\n\n\n\n<h2 class=\"wp-block-heading\"><em>&#8220;Ok, mas por que tinham que ser cuecas e calcinhas?&#8221;<\/em><\/h2>\n\n\n\n<p class=\"wp-block-paragraph\">Talvez voc\u00ea tenha lido o texto e ainda ficado pensando porque tinham que ser especificamente roupas \u00edntimas&#8230; e a verdade \u00e9 que n\u00e3o tinha que ser. Outros experimentos parecidos usaram simples tiras de algod\u00e3o. A escolha por usar calcinhas e cuecas foi s\u00f3 uma forma de atrair mais a aten\u00e7\u00e3o do p\u00fablico, contribuindo para a divulga\u00e7\u00e3o da ci\u00eancia.<\/p>\n\n\n<style>@media (min-width: 992px) {\n    .recomendadorV2Area1 {\n        width: 280px;\n    }\n    .recomendadorV2Area2 {\n        padding: 0px 20px;\n        width: calc(100% - 280px);\n    }\n}\n\n@media (max-width: 992px) {\n    .recomendadorV2Button {\n        margin: 0 auto;\n    }\n    .recomendadorV2Area {\n        flex-direction: column;\n        text-align: center;\n    }\n    .recomendadorV2Area2 {\n        padding: 0px 20px;\n    }\n}\n\n.recomendadorV2Area {\n    background: #eeeeee3d;\n    border-radius: 10px;\n    padding: 15px;\n    display: flex;\n    margin: 15px auto;\n    border: 1px solid #00000014;\n    max-width: 800px;\n}\n\n.recomendadorV2Area1 img {\n    width: 280px;\n    height: auto;\n    border-radius: 8px;\n}\n\n.linkrecomendadorv2 {\n    text-decoration: none !important;\n}\n\n.recomendadorV2Area2 .recomendadorV2Type {\n    text-transform: uppercase;\n    font-weight: 500;\n    font-size: 11px;\n    letter-spacing: 2px;\n    color: #666;\n    margin: 12px 0;\n    display: block;\n}\n\n.recomendadorV2Title h2 {\n    padding-top: 0px !important;\n    margin: 0px !important;\n    border-left: none !important;\n    padding-left: 0px !important;\n    line-height: 1.3;\n    color: #000 !important;\n    font-size: 24px;\n    margin-bottom: 12px !important;\n}\n\n.recomendadorV2Desc {\n    color: #333;\n    margin: 12px 0px !important;\n    font-size: 15px;\n    line-height: 1.5;\n}\n\n.recomendadorV2Button {\n    width: auto;\n    max-width: 200px;\n    margin: 0;\n    display: inline-flex;\n    align-items: center;\n    background: #1D3557;\n    border-radius: 8px;\n    color: #fff;\n    height: 36px;\n    justify-content: center;\n    text-align: center;\n    font-size: 14px;\n    padding: 0 20px;\n    transition: background-color 0.2s ease;\n}\n\n.recomendadorV2Button:hover {\n    background: #2a4d7a;\n}\n\n.recomendadorV2Button:after {\n    margin-top: -2px;\n    content: \"\u2192\";\n    padding: 0px 0px 0px 8px;\n}\n\n.recomendadorV2Alert {\n    text-align: left;\n    font-size: 11px;\n    margin-top: 8px;\n    color: #666;\n}\n\n.recomendadorFixedArea {\n    width: 100%;\n    display: flex;\n    justify-content: center;\n    align-items: center;\n}\n\n@media (min-width: 992px) {\n    #recomendadorFixed {\n        width: 32% !important;\n        left: 5%;\n    }\n    .recomendadorCloseFixed{\n        right: inherit !important;\n        left: 378px !important;\n    }\n}\n\n#recomendadorFixed {\n    width: 90%;\n    box-shadow: 0 10px 20px 0px #00000057;\n    display: none;\n    height: 90px;\n    background: #F6F6F6;\n    position: fixed;\n    flex-direction: row;\n    bottom: 10px;\n    z-index: 9999;\n    border-radius: 16px;\n    padding: 7px 10px;\n}\n\n.recomendadorLeftArea {\n    width: 160px;\n}\n\n.recomendadorRightArea h2 {\n    padding-top: 0px;\n    margin: 2px 0px 4px 0px !important;\n    font-weight: 400;\n    text-align: center;\n    padding-left: 0px !important;\n    color: #000 !important;\n    border-left: none !important;\n    line-height: 20px;\n    font-size: 12px !important;\n}\n\n.recomendadorImgFixed {\n    overflow: hidden;\n    padding: 8px 6px;\n    height: 100%;\n}\n\n.recomendadorImgFixed img {\n    height: 100% !important;\n    border-radius: 16px;\n}\n\n.recomendadorRightArea {\n    padding-top: 6px;\n    display: flex;\n    width: calc(100% - 130px);\n    justify-content: space-between;\n    align-items: center;\n    flex-direction: column;\n}\n\n.recomendadorButtonFixed {\n    margin: 0 auto;\n    background: #1D3557;\n    width: 80%;\n    text-align: center;\n    font-size: 10px;\n    color: #FFF;\n    padding: 2px 10px;\n    border-radius: 3px;\n}\n\n.recomendadorButtonFixed:after {\n    margin-top: -3px;\n    content: \"\u2192\";\n    padding: 0px 0px 0px 10px;\n}\n\n.recomendadorAlertFixed {\n    font-weight: 400;\n    text-align: center;\n    color: #484848;\n    font-size: 8px;\n}\n\n.recomendadorCloseFixed {\n    z-index: 99999;\n    display: none;\n    right: 0px;\n    left: inherit;\n    bottom: 99px;\n    position: fixed;\n    justify-content: center;\n    background: #F6F6F6;\n    width: 25px;\n    align-items: center;\n    height: 25px;\n    font-weight: 800;\n    border-radius: 50%;\n    border: 1px solid #EBEBEB;\n}\n\n.recomendadorV2Desc{\n    color: #000000;\n    margin: 20px 0px;\n}\n\n@media (max-width: 576px) {\n    .recomendadorV2Area {\n      padding: 10px;\n      max-width: 100%;\n    }\n  \n    .recomendadorV2Area1 img {\n      width: 100%;\n      border-radius: 6px;\n    }\n  \n    .recomendadorV2Area2 .recomendadorV2Type {\n      font-size: 9px;\n      letter-spacing: 1px;\n      margin: 8px 0;\n    }\n  \n    .recomendadorV2Title h2 {\n      font-size: 18px !important;\n      margin-bottom: 8px !important;\n      line-height: 1.2;\n    }\n  \n    .recomendadorV2Desc {\n      font-size: 14px;\n      margin: 8px 0 !important;\n      line-height: 1.4;\n    }\n  \n    .recomendadorV2Button {\n      font-size: 14px;\n      height: 40px;\n      padding: 0 12px;\n      max-width: 100%;\n      width: 100%;\n    }\n  \n    .recomendadorV2Button:after {\n      padding-left: 6px;\n    }\n  }\n  <\/style>\n        <div class=\"lazyblock-recomendador-v2-2jDGz wp-block-lazyblock-recomendador-v2\">\n        <a class=\"linkrecomendadorv2\" href=\"https:\/\/diariodocomercio.com.br\/mix\/mulher-e-atacada-por-animal-que-muita-gente-pensa-ser-inofensivo-e-leva-quase-40-pontos\/%20\">\n            <div class=\"recomendadorV2Area\">\n            <div class=\"recomendadorV2Area1\">\n                <div class=\"recomendadorV2Img\">\n                <img width=\"768\" height=\"346\" src=\"https:\/\/diariodocomercio.com.br\/mix\/wp-content\/uploads\/2026\/09\/lynnette-bellin-768x346.jpg\" class=\"lazyloaded\" alt=\"\" sizes=\"auto, (min-width: 577px) 280px, calc(100vw - 20px)\" decoding=\"async\" loading=\"lazy\" srcset=\"https:\/\/diariodocomercio.com.br\/mix\/wp-content\/uploads\/2026\/09\/lynnette-bellin-768x346.jpg 768w, https:\/\/diariodocomercio.com.br\/mix\/wp-content\/uploads\/2026\/09\/lynnette-bellin-300x135.jpg 300w, https:\/\/diariodocomercio.com.br\/mix\/wp-content\/uploads\/2026\/09\/lynnette-bellin-150x68.jpg 150w, https:\/\/diariodocomercio.com.br\/mix\/wp-content\/uploads\/2026\/09\/lynnette-bellin-750x338.jpg 750w, https:\/\/diariodocomercio.com.br\/mix\/wp-content\/uploads\/2026\/09\/lynnette-bellin-1140x513.jpg 1140w, https:\/\/diariodocomercio.com.br\/mix\/wp-content\/uploads\/2026\/09\/lynnette-bellin.jpg 1200w\" \/>\n                <\/div>\n            <\/div>\n            <div class=\"recomendadorV2Area2\">\n                <div class=\"recomendadorV2Type\">\n                    <span>ANIMAIS t\u00edtulo=Mulher \u00e9 atacada por animal que muita gente pensa ser inofensivo e leva quase 40 pontos <\/span>\n                <\/div>\n                <div class=\"recomendadorV2Title\">\n                <h2><span><\/span><\/h2>\n                <\/div>\n                <div class=\"recomendadorV2Desc\">\n                <span>No \u00faltimo domingo (30\/8), Lynnette Bellin estava nadando no Lago Tahoe, em Nevada, nos Estados Unidos, na proximidade de Hidden \u2026 <\/span>\n                <\/div>\n                <div class=\"recomendadorV2Button\">Leia mais <\/div>\n                <div class=\"recomendadorV2Alert\"><\/div>\n            <\/div>\n            <\/div>\n        <\/a>\n        <div>\n            <div style=\"z-index:99999;\" id=\"buttonClose\" onclick=\"closeRecomendadorFixed()\">\n            <div class=\"recomendadorCloseFixed\">X<\/div>\n            <\/div>\n            <a href=\"https:\/\/diariodocomercio.com.br\/mix\/mulher-e-atacada-por-animal-que-muita-gente-pensa-ser-inofensivo-e-leva-quase-40-pontos\/%20\">\n            <div class=\"recomendadorFixedArea\">\n                <div id=\"recomendadorFixed\">\n                <div class=\"recomendadorLeftArea\">\n                    <div class=\"recomendadorImgFixed\">\n                    <img width=\"300\" height=\"135\" src=\"https:\/\/diariodocomercio.com.br\/mix\/wp-content\/uploads\/2026\/09\/lynnette-bellin-300x135.jpg\" class=\"lazyload\" alt=\"\" sizes=\"auto, 160px\" decoding=\"async\" loading=\"lazy\" srcset=\"https:\/\/diariodocomercio.com.br\/mix\/wp-content\/uploads\/2026\/09\/lynnette-bellin-300x135.jpg 300w, https:\/\/diariodocomercio.com.br\/mix\/wp-content\/uploads\/2026\/09\/lynnette-bellin-768x346.jpg 768w, https:\/\/diariodocomercio.com.br\/mix\/wp-content\/uploads\/2026\/09\/lynnette-bellin-150x68.jpg 150w, https:\/\/diariodocomercio.com.br\/mix\/wp-content\/uploads\/2026\/09\/lynnette-bellin-750x338.jpg 750w, https:\/\/diariodocomercio.com.br\/mix\/wp-content\/uploads\/2026\/09\/lynnette-bellin-1140x513.jpg 1140w, https:\/\/diariodocomercio.com.br\/mix\/wp-content\/uploads\/2026\/09\/lynnette-bellin.jpg 1200w\" \/>\n                    <\/div>\n                <\/div>\n                <div class=\"recomendadorRightArea\">\n                    <div class=\"recomendadorTitleFixed\">\n                    <h2><span><\/span><\/h2>\n                    <\/div>\n                    <div class=\"recomendadorButtonFixed\">Leia mais <\/div>\n                    <div class=\"recomendadorAlertFixed\"><\/div>\n                <\/div>\n                <\/div>\n            <\/div>\n            <\/a>\n        <\/div>\n        <\/div>\n","protected":false},"excerpt":{"rendered":"<p>Cuecas e calcinhas enterradas? Parece come\u00e7o de simpatia (e tamb\u00e9m \u00e9), mas estamos falando de um experimento cient\u00edfico realizado por pesquisadores da Universidade de Zurique, na Su\u00ed\u00e7a. Eles enterraram roupas \u00edntimas para avaliar a qualidade do solo e demonstrar de forma bem pr\u00e1tica como solos saud\u00e1veis e solos empobrecidos se comportam. E como eles avaliavam [&hellip;]<\/p>\n","protected":false},"author":6,"featured_media":57760,"comment_status":"closed","ping_status":"closed","sticky":false,"template":"","format":"standard","meta":{"jnews-multi-image_gallery":[],"jnews_single_post":{"format":"standard"},"jnews_primary_category":[],"jnews_social_meta":[],"jnews_post_split":[],"footnotes":""},"categories":[1],"tags":[],"class_list":["post-57756","post","type-post","status-publish","format-standard","has-post-thumbnail","hentry","category-geral"],"_referencia":"","_links":{"self":[{"href":"https:\/\/diariodocomercio.com.br\/mix\/wp-json\/wp\/v2\/posts\/57756","targetHints":{"allow":["GET"]}}],"collection":[{"href":"https:\/\/diariodocomercio.com.br\/mix\/wp-json\/wp\/v2\/posts"}],"about":[{"href":"https:\/\/diariodocomercio.com.br\/mix\/wp-json\/wp\/v2\/types\/post"}],"author":[{"embeddable":true,"href":"https:\/\/diariodocomercio.com.br\/mix\/wp-json\/wp\/v2\/users\/6"}],"replies":[{"embeddable":true,"href":"https:\/\/diariodocomercio.com.br\/mix\/wp-json\/wp\/v2\/comments?post=57756"}],"version-history":[{"count":1,"href":"https:\/\/diariodocomercio.com.br\/mix\/wp-json\/wp\/v2\/posts\/57756\/revisions"}],"predecessor-version":[{"id":57767,"href":"https:\/\/diariodocomercio.com.br\/mix\/wp-json\/wp\/v2\/posts\/57756\/revisions\/57767"}],"wp:featuredmedia":[{"embeddable":true,"href":"https:\/\/diariodocomercio.com.br\/mix\/wp-json\/wp\/v2\/media\/57760"}],"wp:attachment":[{"href":"https:\/\/diariodocomercio.com.br\/mix\/wp-json\/wp\/v2\/media?parent=57756"}],"wp:term":[{"taxonomy":"category","embeddable":true,"href":"https:\/\/diariodocomercio.com.br\/mix\/wp-json\/wp\/v2\/categories?post=57756"},{"taxonomy":"post_tag","embeddable":true,"href":"https:\/\/diariodocomercio.com.br\/mix\/wp-json\/wp\/v2\/tags?post=57756"}],"curies":[{"name":"wp","href":"https:\/\/api.w.org\/{rel}","templated":true}]}}